{"id":7939,"date":"2026-04-17T11:52:40","date_gmt":"2026-04-17T09:52:40","guid":{"rendered":"https:\/\/www.islantilla.es\/?p=7939"},"modified":"2026-04-17T12:53:35","modified_gmt":"2026-04-17T10:53:35","slug":"que-ver-en-islantilla-y-alrededores-guia-completa-del-destino","status":"publish","type":"post","link":"https:\/\/www.islantilla.es\/pt\/que-ver-en-islantilla-y-alrededores-guia-completa-del-destino\/","title":{"rendered":"O que visitar em Islantilla e arredores: um guia completo do destino."},"content":{"rendered":"<p>Se voc\u00ea est\u00e1 procurando <strong>O que ver em Islantilla<\/strong>, Provavelmente voc\u00ea n\u00e3o quer apenas uma lista qualquer, mas um guia completo para ajudar a planejar sua viagem e descobrir o melhor do destino sem perder tempo. E aqui est\u00e1 o ponto importante: Islantilla n\u00e3o se resume apenas \u00e0 praia. \u00c9 um ponto estrat\u00e9gico que se conecta com <strong>Lepe<\/strong> e <strong>Isla Cristina<\/strong>, formando um dos ambientes mais completos do <strong>Costa de la Luz em Huelva<\/strong>.<\/p>\n\n\n\n<p>O que muitos viajantes n\u00e3o sabem \u00e9 que, em poucos quil\u00f4metros, \u00e9 poss\u00edvel ir de uma praia perfeitamente equipada a uma paisagem natural intocada, de um caminho urbano a p\u00e2ntanos cheios de vida, ou de um passeio tranquilo a uma experi\u00eancia \u00fanica como um passeio a cavalo em frente ao mar.<\/p>\n\n\n\n<p>Aqui <strong>guia completo<\/strong> Descubra o que ver e fazer em Islantilla, Lepe e Isla Cristina, com roteiros reais, natureza e experi\u00eancias adaptadas a qualquer tipo de viagem.<\/p>\n\n\n\n<div style=\"height:20px\" aria-hidden=\"true\" class=\"wp-block-spacer\"><\/div>\n\n\n\n<h2 class=\"wp-block-heading\">O que visitar em Islantilla: o cora\u00e7\u00e3o do destino<\/h2>\n\n\n\n<p><strong>Islantilla<\/strong> \u00c9 o ponto de partida ideal para explorar o <strong>Costa de Huelva<\/strong>. Aqui, praia, esporte, natureza e lazer se combinam em um ambiente bem cuidado, projetado para o desfrute de momentos de descontra\u00e7\u00e3o.<\/p>\n\n\n\n<div style=\"height:20px\" aria-hidden=\"true\" class=\"wp-block-spacer\"><\/div>\n\n\n\n<h3 class=\"wp-block-heading\">Praia de Islantilla<\/h3>\n\n\n\n<p>O <a href=\"https:\/\/www.islantilla.es\/pt\/playa\/\" title=\"\">Praia de Islantilla<\/a> \u00c9, sem d\u00favida, a principal atra\u00e7\u00e3o. Com 1.400 metros de areia fina e dourada banhada pelo Oceano Atl\u00e2ntico, \u00e9 <strong>uma das melhores praias de Huelva<\/strong>.<\/p>\n\n\n\n<p>Destaca-se pelo seu espa\u00e7o amplo, limpeza e acessibilidade, tornando-se a escolha perfeita para fam\u00edlias e para quem busca relaxar. Passear pela orla, tomar sol ou simplesmente contemplar o mar s\u00e3o atividades verdadeiramente agrad\u00e1veis aqui.<\/p>\n\n\n\n<p>Al\u00e9m disso, recebeu pr\u00eamios como o <strong>Bandeira azul<\/strong>, o que garante a qualidade da \u00e1gua, a seguran\u00e7a e os servi\u00e7os.<\/p>\n\n\n\n<div style=\"height:20px\" aria-hidden=\"true\" class=\"wp-block-spacer\"><\/div>\n\n\n\n<figure class=\"wp-block-gallery has-nested-images columns-default is-cropped wp-block-gallery-1 is-layout-flex wp-block-gallery-is-layout-flex\">\n<figure class=\"wp-block-image size-large\"><img fetchpriority=\"high\" decoding=\"async\" width=\"1024\" height=\"576\" data-id=\"7764\" src=\"https:\/\/www.islantilla.es\/wp-content\/uploads\/2026\/02\/Paseo-maritimo-de-Islantilla-1-1024x576.png\" alt=\"Vista a\u00e9rea del paseo mar\u00edtimo y la playa de Islantilla en la Costa de la Luz, con hoteles y sombrillas junto al mar\" class=\"wp-image-7764\" srcset=\"https:\/\/www.islantilla.es\/wp-content\/uploads\/2026\/02\/Paseo-maritimo-de-Islantilla-1-1024x576.png 1024w, https:\/\/www.islantilla.es\/wp-content\/uploads\/2026\/02\/Paseo-maritimo-de-Islantilla-1-300x169.png 300w, https:\/\/www.islantilla.es\/wp-content\/uploads\/2026\/02\/Paseo-maritimo-de-Islantilla-1-768x432.png 768w, https:\/\/www.islantilla.es\/wp-content\/uploads\/2026\/02\/Paseo-maritimo-de-Islantilla-1-1536x864.png 1536w, https:\/\/www.islantilla.es\/wp-content\/uploads\/2026\/02\/Paseo-maritimo-de-Islantilla-1-18x10.png 18w, https:\/\/www.islantilla.es\/wp-content\/uploads\/2026\/02\/Paseo-maritimo-de-Islantilla-1.png 1920w\" sizes=\"(max-width: 1024px) 100vw, 1024px\" \/><\/figure>\n\n\n\n<figure class=\"wp-block-image size-large\"><img decoding=\"async\" width=\"1024\" height=\"576\" data-id=\"7758\" src=\"https:\/\/www.islantilla.es\/wp-content\/uploads\/2026\/02\/PLAYA-ISLANTILLA-333-edited-1024x576.jpg\" alt=\"Playa de Islantilla en Huelva con arena dorada, sombrillas y mar tranquilo en la Costa de la Luz\" class=\"wp-image-7758\" srcset=\"https:\/\/www.islantilla.es\/wp-content\/uploads\/2026\/02\/PLAYA-ISLANTILLA-333-edited-1024x576.jpg 1024w, https:\/\/www.islantilla.es\/wp-content\/uploads\/2026\/02\/PLAYA-ISLANTILLA-333-edited-300x169.jpg 300w, https:\/\/www.islantilla.es\/wp-content\/uploads\/2026\/02\/PLAYA-ISLANTILLA-333-edited-768x432.jpg 768w, https:\/\/www.islantilla.es\/wp-content\/uploads\/2026\/02\/PLAYA-ISLANTILLA-333-edited-1536x864.jpg 1536w, https:\/\/www.islantilla.es\/wp-content\/uploads\/2026\/02\/PLAYA-ISLANTILLA-333-edited-2048x1152.jpg 2048w, https:\/\/www.islantilla.es\/wp-content\/uploads\/2026\/02\/PLAYA-ISLANTILLA-333-edited-18x10.jpg 18w\" sizes=\"(max-width: 1024px) 100vw, 1024px\" \/><\/figure>\n\n\n\n<figure class=\"wp-block-image size-large\"><img decoding=\"async\" width=\"576\" height=\"1024\" data-id=\"7686\" src=\"https:\/\/www.islantilla.es\/wp-content\/uploads\/2026\/02\/Voleibol-en-la-playa-de-Islantilla-576x1024.png\" alt=\"J\u00f3venes jugando al v\u00f3ley playa en la playa de Islantilla en la Costa de la Luz, Huelva\" class=\"wp-image-7686\" srcset=\"https:\/\/www.islantilla.es\/wp-content\/uploads\/2026\/02\/Voleibol-en-la-playa-de-Islantilla-576x1024.png 576w, https:\/\/www.islantilla.es\/wp-content\/uploads\/2026\/02\/Voleibol-en-la-playa-de-Islantilla-169x300.png 169w, https:\/\/www.islantilla.es\/wp-content\/uploads\/2026\/02\/Voleibol-en-la-playa-de-Islantilla-768x1365.png 768w, https:\/\/www.islantilla.es\/wp-content\/uploads\/2026\/02\/Voleibol-en-la-playa-de-Islantilla-864x1536.png 864w, https:\/\/www.islantilla.es\/wp-content\/uploads\/2026\/02\/Voleibol-en-la-playa-de-Islantilla-7x12.png 7w, https:\/\/www.islantilla.es\/wp-content\/uploads\/2026\/02\/Voleibol-en-la-playa-de-Islantilla.png 1080w\" sizes=\"(max-width: 576px) 100vw, 576px\" \/><\/figure>\n<\/figure>\n\n\n\n<div style=\"height:20px\" aria-hidden=\"true\" class=\"wp-block-spacer\"><\/div>\n\n\n\n<h3 class=\"wp-block-heading\">Campo de golfe de Islantilla<\/h3>\n\n\n\n<p>Uma das maiores atra\u00e7\u00f5es do destino \u00e9 o seu campo de golfe. Com 27 buracos e rodeado pela natureza, ele \u00e9 <strong>um dos mais bem avaliados da Andaluzia<\/strong>.<\/p>\n\n\n\n<p>N\u00e3o \u00e9 s\u00f3 para jogadores: seu ambiente tranquilo, vistas e design fazem dele o lugar perfeito para se desconectar e apreciar a paisagem.<\/p>\n\n\n\n<p><a href=\"https:\/\/www.islantilla.es\/pt\/campo-de-golf\/\" title=\"\">Descubra mais sobre o campo de golfe Islantilla aqui.<\/a><\/p>\n\n\n\n<div style=\"height:20px\" aria-hidden=\"true\" class=\"wp-block-spacer\"><\/div>\n\n\n\n<figure class=\"wp-block-gallery has-nested-images columns-default is-cropped wp-block-gallery-2 is-layout-flex wp-block-gallery-is-layout-flex\">\n<figure class=\"wp-block-image size-large\"><img loading=\"lazy\" decoding=\"async\" width=\"576\" height=\"1024\" data-id=\"7341\" src=\"https:\/\/www.islantilla.es\/wp-content\/uploads\/2025\/12\/Campo-de-Golf-Islantilla_2_-576x1024.png\" alt=\"Vista a\u00e9rea del campo de golf de Islantilla en la Costa de la Luz, Huelva\" class=\"wp-image-7341\" srcset=\"https:\/\/www.islantilla.es\/wp-content\/uploads\/2025\/12\/Campo-de-Golf-Islantilla_2_-576x1024.png 576w, https:\/\/www.islantilla.es\/wp-content\/uploads\/2025\/12\/Campo-de-Golf-Islantilla_2_-169x300.png 169w, https:\/\/www.islantilla.es\/wp-content\/uploads\/2025\/12\/Campo-de-Golf-Islantilla_2_-768x1365.png 768w, https:\/\/www.islantilla.es\/wp-content\/uploads\/2025\/12\/Campo-de-Golf-Islantilla_2_-864x1536.png 864w, https:\/\/www.islantilla.es\/wp-content\/uploads\/2025\/12\/Campo-de-Golf-Islantilla_2_-7x12.png 7w, https:\/\/www.islantilla.es\/wp-content\/uploads\/2025\/12\/Campo-de-Golf-Islantilla_2_.png 1080w\" sizes=\"(max-width: 576px) 100vw, 576px\" \/><\/figure>\n\n\n\n<figure class=\"wp-block-image size-large\"><img loading=\"lazy\" decoding=\"async\" width=\"576\" height=\"1024\" data-id=\"7336\" src=\"https:\/\/www.islantilla.es\/wp-content\/uploads\/2025\/12\/Campo-de-Golf-Islantilla_4-576x1024.png\" alt=\"Casa club del campo de golf de Islantilla en Huelva con instalaciones y zonas verdes\" class=\"wp-image-7336\" srcset=\"https:\/\/www.islantilla.es\/wp-content\/uploads\/2025\/12\/Campo-de-Golf-Islantilla_4-576x1024.png 576w, https:\/\/www.islantilla.es\/wp-content\/uploads\/2025\/12\/Campo-de-Golf-Islantilla_4-169x300.png 169w, https:\/\/www.islantilla.es\/wp-content\/uploads\/2025\/12\/Campo-de-Golf-Islantilla_4-768x1365.png 768w, https:\/\/www.islantilla.es\/wp-content\/uploads\/2025\/12\/Campo-de-Golf-Islantilla_4-864x1536.png 864w, https:\/\/www.islantilla.es\/wp-content\/uploads\/2025\/12\/Campo-de-Golf-Islantilla_4-7x12.png 7w, https:\/\/www.islantilla.es\/wp-content\/uploads\/2025\/12\/Campo-de-Golf-Islantilla_4.png 1080w\" sizes=\"(max-width: 576px) 100vw, 576px\" \/><\/figure>\n\n\n\n<figure class=\"wp-block-image size-large\"><img loading=\"lazy\" decoding=\"async\" width=\"576\" height=\"1024\" data-id=\"7335\" src=\"https:\/\/www.islantilla.es\/wp-content\/uploads\/2025\/12\/Campo-de-Golf-Islantilla_3-576x1024.png\" alt=\"Panor\u00e1mica a\u00e9rea del campo de golf de Islantilla en Huelva con lagos\" class=\"wp-image-7335\" srcset=\"https:\/\/www.islantilla.es\/wp-content\/uploads\/2025\/12\/Campo-de-Golf-Islantilla_3-576x1024.png 576w, https:\/\/www.islantilla.es\/wp-content\/uploads\/2025\/12\/Campo-de-Golf-Islantilla_3-169x300.png 169w, https:\/\/www.islantilla.es\/wp-content\/uploads\/2025\/12\/Campo-de-Golf-Islantilla_3-768x1365.png 768w, https:\/\/www.islantilla.es\/wp-content\/uploads\/2025\/12\/Campo-de-Golf-Islantilla_3-864x1536.png 864w, https:\/\/www.islantilla.es\/wp-content\/uploads\/2025\/12\/Campo-de-Golf-Islantilla_3-7x12.png 7w, https:\/\/www.islantilla.es\/wp-content\/uploads\/2025\/12\/Campo-de-Golf-Islantilla_3.png 1080w\" sizes=\"(max-width: 576px) 100vw, 576px\" \/><\/figure>\n<\/figure>\n\n\n\n<div style=\"height:20px\" aria-hidden=\"true\" class=\"wp-block-spacer\"><\/div>\n\n\n\n<h3 class=\"wp-block-heading\">Parque El Camale\u00f3n<\/h3>\n\n\n\n<p>Ele <strong><a href=\"https:\/\/www.islantilla.es\/pt\/parque-el-camaleon\/\" title=\"\">Parque El Camale\u00f3n<\/a> <\/strong>\u00c9 o grande pulm\u00e3o verde de Islantilla. Com mais de 90.000 m\u00b2, \u00e9 um espa\u00e7o onde a natureza e o lazer se encontram.<\/p>\n\n\n\n<p>Aqui voc\u00ea pode encontrar:<\/p>\n\n\n\n<ul class=\"wp-block-list\">\n<li>Trilha esportiva<\/li>\n\n\n\n<li>\u00c1rea infantil<\/li>\n\n\n\n<li>Ponto de vista da &quot;Varanda das Estrelas&quot;\u00ab<\/li>\n\n\n\n<li>Atividades culturais sazonais<\/li>\n<\/ul>\n\n\n\n<p>\u00c9 ideal para caminhadas, pr\u00e1tica de esportes ou para passar tempo com crian\u00e7as em um ambiente natural.<\/p>\n\n\n\n<div style=\"height:20px\" aria-hidden=\"true\" class=\"wp-block-spacer\"><\/div>\n\n\n\n<figure class=\"wp-block-gallery has-nested-images columns-default is-cropped wp-block-gallery-3 is-layout-flex wp-block-gallery-is-layout-flex\">\n<figure class=\"wp-block-image size-large\"><img loading=\"lazy\" decoding=\"async\" width=\"576\" height=\"1024\" data-id=\"7241\" src=\"https:\/\/www.islantilla.es\/wp-content\/uploads\/2025\/12\/Parque-El-Camaleon-Islantilla-Huelva_14-576x1024.png\" alt=\"Parque El Camaleo\u0301n Islantilla, Huelva\" class=\"wp-image-7241\" srcset=\"https:\/\/www.islantilla.es\/wp-content\/uploads\/2025\/12\/Parque-El-Camaleon-Islantilla-Huelva_14-576x1024.png 576w, https:\/\/www.islantilla.es\/wp-content\/uploads\/2025\/12\/Parque-El-Camaleon-Islantilla-Huelva_14-169x300.png 169w, https:\/\/www.islantilla.es\/wp-content\/uploads\/2025\/12\/Parque-El-Camaleon-Islantilla-Huelva_14-768x1365.png 768w, https:\/\/www.islantilla.es\/wp-content\/uploads\/2025\/12\/Parque-El-Camaleon-Islantilla-Huelva_14-864x1536.png 864w, https:\/\/www.islantilla.es\/wp-content\/uploads\/2025\/12\/Parque-El-Camaleon-Islantilla-Huelva_14-7x12.png 7w, https:\/\/www.islantilla.es\/wp-content\/uploads\/2025\/12\/Parque-El-Camaleon-Islantilla-Huelva_14.png 1080w\" sizes=\"(max-width: 576px) 100vw, 576px\" \/><\/figure>\n\n\n\n<figure class=\"wp-block-image size-large\"><img loading=\"lazy\" decoding=\"async\" width=\"576\" height=\"1024\" data-id=\"7235\" src=\"https:\/\/www.islantilla.es\/wp-content\/uploads\/2025\/12\/Parque-El-Camaleon-Islantilla-Huelva_8-576x1024.webp\" alt=\"Parque El Camaleo\u0301n Islantilla, Huelva\" class=\"wp-image-7235\" srcset=\"https:\/\/www.islantilla.es\/wp-content\/uploads\/2025\/12\/Parque-El-Camaleon-Islantilla-Huelva_8-576x1024.webp 576w, https:\/\/www.islantilla.es\/wp-content\/uploads\/2025\/12\/Parque-El-Camaleon-Islantilla-Huelva_8-169x300.webp 169w, https:\/\/www.islantilla.es\/wp-content\/uploads\/2025\/12\/Parque-El-Camaleon-Islantilla-Huelva_8-768x1365.png 768w, https:\/\/www.islantilla.es\/wp-content\/uploads\/2025\/12\/Parque-El-Camaleon-Islantilla-Huelva_8-864x1536.png 864w, https:\/\/www.islantilla.es\/wp-content\/uploads\/2025\/12\/Parque-El-Camaleon-Islantilla-Huelva_8-7x12.png 7w, https:\/\/www.islantilla.es\/wp-content\/uploads\/2025\/12\/Parque-El-Camaleon-Islantilla-Huelva_8.webp 1080w\" sizes=\"(max-width: 576px) 100vw, 576px\" \/><\/figure>\n\n\n\n<figure class=\"wp-block-image size-large\"><img loading=\"lazy\" decoding=\"async\" width=\"576\" height=\"1024\" data-id=\"7242\" src=\"https:\/\/www.islantilla.es\/wp-content\/uploads\/2025\/12\/Parque-El-Camaleon-Islantilla-Huelva_15-576x1024.png\" alt=\"El Balc\u00f3n de las Estrellas en el Parque El Camale\u00f3n de Islantilla, mirador natural en Huelva\" class=\"wp-image-7242\" srcset=\"https:\/\/www.islantilla.es\/wp-content\/uploads\/2025\/12\/Parque-El-Camaleon-Islantilla-Huelva_15-576x1024.png 576w, https:\/\/www.islantilla.es\/wp-content\/uploads\/2025\/12\/Parque-El-Camaleon-Islantilla-Huelva_15-169x300.png 169w, https:\/\/www.islantilla.es\/wp-content\/uploads\/2025\/12\/Parque-El-Camaleon-Islantilla-Huelva_15-768x1365.png 768w, https:\/\/www.islantilla.es\/wp-content\/uploads\/2025\/12\/Parque-El-Camaleon-Islantilla-Huelva_15-864x1536.png 864w, https:\/\/www.islantilla.es\/wp-content\/uploads\/2025\/12\/Parque-El-Camaleon-Islantilla-Huelva_15-7x12.png 7w, https:\/\/www.islantilla.es\/wp-content\/uploads\/2025\/12\/Parque-El-Camaleon-Islantilla-Huelva_15.png 1080w\" sizes=\"(max-width: 576px) 100vw, 576px\" \/><\/figure>\n<\/figure>\n\n\n\n<div style=\"height:20px\" aria-hidden=\"true\" class=\"wp-block-spacer\"><\/div>\n\n\n\n<h3 class=\"wp-block-heading\">Trilha Azul Parque Cabezos<\/h3>\n\n\n\n<p>Se voc\u00ea gosta de caminhar, essa trilha \u00e9 uma das melhores maneiras de descobrir Islantilla. Ela oferece vistas panor\u00e2micas, \u00e1reas verdes e um percurso agrad\u00e1vel.<\/p>\n\n\n\n<p>\u00c9 <strong>Perfeito para passeios tranquilos.<\/strong> ou para fazer exerc\u00edcio enquanto se desfruta do ambiente.<\/p>\n\n\n\n<p><a href=\"https:\/\/www.islantilla.es\/pt\/sendero-azul-parque-de-los-cabezos\/\" title=\"\">Descubra a trilha aqui.<\/a><\/p>\n\n\n\n<div style=\"height:20px\" aria-hidden=\"true\" class=\"wp-block-spacer\"><\/div>\n\n\n\n<figure class=\"wp-block-gallery has-nested-images columns-default is-cropped wp-block-gallery-4 is-layout-flex wp-block-gallery-is-layout-flex\">\n<figure class=\"wp-block-image size-large\"><img loading=\"lazy\" decoding=\"async\" width=\"576\" height=\"1024\" data-id=\"7944\" src=\"https:\/\/www.islantilla.es\/wp-content\/uploads\/2026\/04\/El-Parque-de-los-Cabezos-en-Islantilla-576x1024.png\" alt=\"El Parque de los Cabezos en Islantilla\" class=\"wp-image-7944\" srcset=\"https:\/\/www.islantilla.es\/wp-content\/uploads\/2026\/04\/El-Parque-de-los-Cabezos-en-Islantilla-576x1024.png 576w, https:\/\/www.islantilla.es\/wp-content\/uploads\/2026\/04\/El-Parque-de-los-Cabezos-en-Islantilla-169x300.png 169w, https:\/\/www.islantilla.es\/wp-content\/uploads\/2026\/04\/El-Parque-de-los-Cabezos-en-Islantilla-768x1365.png 768w, https:\/\/www.islantilla.es\/wp-content\/uploads\/2026\/04\/El-Parque-de-los-Cabezos-en-Islantilla-864x1536.png 864w, https:\/\/www.islantilla.es\/wp-content\/uploads\/2026\/04\/El-Parque-de-los-Cabezos-en-Islantilla-7x12.png 7w, https:\/\/www.islantilla.es\/wp-content\/uploads\/2026\/04\/El-Parque-de-los-Cabezos-en-Islantilla.png 1080w\" sizes=\"(max-width: 576px) 100vw, 576px\" \/><\/figure>\n\n\n\n<figure class=\"wp-block-image size-large\"><img loading=\"lazy\" decoding=\"async\" width=\"576\" height=\"1024\" data-id=\"7945\" src=\"https:\/\/www.islantilla.es\/wp-content\/uploads\/2026\/04\/Geiser-del-Parque-de-los-Cabezos-Islantilla-576x1024.png\" alt=\"Ge\u0301iser del Parque de los Cabezos, Islantilla\" class=\"wp-image-7945\" srcset=\"https:\/\/www.islantilla.es\/wp-content\/uploads\/2026\/04\/Geiser-del-Parque-de-los-Cabezos-Islantilla-576x1024.png 576w, https:\/\/www.islantilla.es\/wp-content\/uploads\/2026\/04\/Geiser-del-Parque-de-los-Cabezos-Islantilla-169x300.png 169w, https:\/\/www.islantilla.es\/wp-content\/uploads\/2026\/04\/Geiser-del-Parque-de-los-Cabezos-Islantilla-768x1365.png 768w, https:\/\/www.islantilla.es\/wp-content\/uploads\/2026\/04\/Geiser-del-Parque-de-los-Cabezos-Islantilla-864x1536.png 864w, https:\/\/www.islantilla.es\/wp-content\/uploads\/2026\/04\/Geiser-del-Parque-de-los-Cabezos-Islantilla-7x12.png 7w, https:\/\/www.islantilla.es\/wp-content\/uploads\/2026\/04\/Geiser-del-Parque-de-los-Cabezos-Islantilla.png 1080w\" sizes=\"(max-width: 576px) 100vw, 576px\" \/><\/figure>\n\n\n\n<figure class=\"wp-block-image size-large\"><img loading=\"lazy\" decoding=\"async\" width=\"576\" height=\"1024\" data-id=\"7946\" src=\"https:\/\/www.islantilla.es\/wp-content\/uploads\/2026\/04\/Sendero-Azul-del-Parque-de-los-Cabezos-en-Islantilla-576x1024.png\" alt=\"Sendero Azul del Parque de los Cabezos en Islantilla\" class=\"wp-image-7946\" srcset=\"https:\/\/www.islantilla.es\/wp-content\/uploads\/2026\/04\/Sendero-Azul-del-Parque-de-los-Cabezos-en-Islantilla-576x1024.png 576w, https:\/\/www.islantilla.es\/wp-content\/uploads\/2026\/04\/Sendero-Azul-del-Parque-de-los-Cabezos-en-Islantilla-169x300.png 169w, https:\/\/www.islantilla.es\/wp-content\/uploads\/2026\/04\/Sendero-Azul-del-Parque-de-los-Cabezos-en-Islantilla-768x1365.png 768w, https:\/\/www.islantilla.es\/wp-content\/uploads\/2026\/04\/Sendero-Azul-del-Parque-de-los-Cabezos-en-Islantilla-864x1536.png 864w, https:\/\/www.islantilla.es\/wp-content\/uploads\/2026\/04\/Sendero-Azul-del-Parque-de-los-Cabezos-en-Islantilla-7x12.png 7w, https:\/\/www.islantilla.es\/wp-content\/uploads\/2026\/04\/Sendero-Azul-del-Parque-de-los-Cabezos-en-Islantilla.png 1080w\" sizes=\"(max-width: 576px) 100vw, 576px\" \/><\/figure>\n<\/figure>\n\n\n\n<div style=\"height:20px\" aria-hidden=\"true\" class=\"wp-block-spacer\"><\/div>\n\n\n\n<h2 class=\"wp-block-heading\">O que ver em Lepe: experi\u00eancias \u00fanicas<\/h2>\n\n\n\n<p>A poucos minutos de Islantilla, Lepe oferece um lado natural e aut\u00eantico do destino.<\/p>\n\n\n\n<div style=\"height:20px\" aria-hidden=\"true\" class=\"wp-block-spacer\"><\/div>\n\n\n\n<h3 class=\"wp-block-heading\">\u00c1rea Natural Marismas del R\u00edo Piedras e Flecha de Nueva Umbr\u00eda<\/h3>\n\n\n\n<p>Um dos <strong>espa\u00e7os naturais mais impressionantes <\/strong>da prov\u00edncia. Aqui voc\u00ea encontrar\u00e1 p\u00e2ntanos, dunas e praias intocadas.<\/p>\n\n\n\n<p>O <strong>Praia de Nova \u00dambria<\/strong> \u00c9 um dos seus maiores tesouros: um lugar intocado onde se pode desfrutar da natureza em sua forma mais pura.<\/p>\n\n\n\n<p><a href=\"https:\/\/turismo.lepe.es\/es\/poi\/paraje-natural-marismas-del-r-o-piedras-y-flecha-de-nueva-umbr\" target=\"_blank\" rel=\"noopener\" title=\"\">Mais informa\u00e7\u00f5es sobre a \u00c1rea Natural aqui.<\/a><\/p>\n\n\n\n<div style=\"height:20px\" aria-hidden=\"true\" class=\"wp-block-spacer\"><\/div>\n\n\n\n<figure class=\"wp-block-gallery has-nested-images columns-default is-cropped wp-block-gallery-5 is-layout-flex wp-block-gallery-is-layout-flex\">\n<figure class=\"wp-block-image size-large\"><img loading=\"lazy\" decoding=\"async\" width=\"1024\" height=\"767\" data-id=\"7941\" src=\"https:\/\/www.islantilla.es\/wp-content\/uploads\/2026\/04\/Paraje-Natural-Marismas-del-Rio-Piedras-y-Flecha-de-Nueva-Umbria-1024x767.jpg\" alt=\"Default\" class=\"wp-image-7941\" srcset=\"https:\/\/www.islantilla.es\/wp-content\/uploads\/2026\/04\/Paraje-Natural-Marismas-del-Rio-Piedras-y-Flecha-de-Nueva-Umbria-1024x767.jpg 1024w, https:\/\/www.islantilla.es\/wp-content\/uploads\/2026\/04\/Paraje-Natural-Marismas-del-Rio-Piedras-y-Flecha-de-Nueva-Umbria-300x225.jpg 300w, https:\/\/www.islantilla.es\/wp-content\/uploads\/2026\/04\/Paraje-Natural-Marismas-del-Rio-Piedras-y-Flecha-de-Nueva-Umbria-768x575.jpg 768w, https:\/\/www.islantilla.es\/wp-content\/uploads\/2026\/04\/Paraje-Natural-Marismas-del-Rio-Piedras-y-Flecha-de-Nueva-Umbria-1536x1151.jpg 1536w, https:\/\/www.islantilla.es\/wp-content\/uploads\/2026\/04\/Paraje-Natural-Marismas-del-Rio-Piedras-y-Flecha-de-Nueva-Umbria-2048x1534.jpg 2048w, https:\/\/www.islantilla.es\/wp-content\/uploads\/2026\/04\/Paraje-Natural-Marismas-del-Rio-Piedras-y-Flecha-de-Nueva-Umbria-16x12.jpg 16w\" sizes=\"(max-width: 1024px) 100vw, 1024px\" \/><\/figure>\n\n\n\n<figure class=\"wp-block-image size-large\"><img loading=\"lazy\" decoding=\"async\" width=\"1024\" height=\"767\" data-id=\"7940\" src=\"https:\/\/www.islantilla.es\/wp-content\/uploads\/2026\/04\/Paraje-Natural-Marismas-del-Rio-Piedras-y-Flecha-de-Nueva-Umbria_marismas-1024x767.jpg\" alt=\"Default\" class=\"wp-image-7940\" srcset=\"https:\/\/www.islantilla.es\/wp-content\/uploads\/2026\/04\/Paraje-Natural-Marismas-del-Rio-Piedras-y-Flecha-de-Nueva-Umbria_marismas-1024x767.jpg 1024w, https:\/\/www.islantilla.es\/wp-content\/uploads\/2026\/04\/Paraje-Natural-Marismas-del-Rio-Piedras-y-Flecha-de-Nueva-Umbria_marismas-300x225.jpg 300w, https:\/\/www.islantilla.es\/wp-content\/uploads\/2026\/04\/Paraje-Natural-Marismas-del-Rio-Piedras-y-Flecha-de-Nueva-Umbria_marismas-768x575.jpg 768w, https:\/\/www.islantilla.es\/wp-content\/uploads\/2026\/04\/Paraje-Natural-Marismas-del-Rio-Piedras-y-Flecha-de-Nueva-Umbria_marismas-1536x1151.jpg 1536w, https:\/\/www.islantilla.es\/wp-content\/uploads\/2026\/04\/Paraje-Natural-Marismas-del-Rio-Piedras-y-Flecha-de-Nueva-Umbria_marismas-2048x1534.jpg 2048w, https:\/\/www.islantilla.es\/wp-content\/uploads\/2026\/04\/Paraje-Natural-Marismas-del-Rio-Piedras-y-Flecha-de-Nueva-Umbria_marismas-16x12.jpg 16w\" sizes=\"(max-width: 1024px) 100vw, 1024px\" \/><\/figure>\n<\/figure>\n\n\n\n<div style=\"height:20px\" aria-hidden=\"true\" class=\"wp-block-spacer\"><\/div>\n\n\n\n<h3 class=\"wp-block-heading\">Rota Tavirona<\/h3>\n\n\n\n<p>UM <a href=\"https:\/\/turismo.lepe.es\/es\/node\/1172\" target=\"_blank\" rel=\"noopener\" title=\"\">rota perfeita<\/a> Para quem busca algo diferente. Combina natureza com hist\u00f3ria, destacando a passagem atrav\u00e9s do <strong>Ponte La Tavirona<\/strong>, uma estrutura de grande valor patrimonial.<\/p>\n\n\n\n<div style=\"height:20px\" aria-hidden=\"true\" class=\"wp-block-spacer\"><\/div>\n\n\n\n<h3 class=\"wp-block-heading\">Passeio a cavalo na praia<\/h3>\n\n\n\n<div class=\"wp-block-columns is-layout-flex wp-container-core-columns-is-layout-28f84493 wp-block-columns-is-layout-flex\">\n<div class=\"wp-block-column is-layout-flow wp-block-column-is-layout-flow\" style=\"flex-basis:33.33%\">\n<figure class=\"wp-block-embed is-type-video is-provider-youtube wp-block-embed-youtube wp-embed-aspect-9-16 wp-has-aspect-ratio\"><div class=\"wp-block-embed__wrapper\">\n<iframe title=\"Galopando ao longo da costa #islantilla #huelva #costadedelaluz\" width=\"563\" height=\"1000\" src=\"https:\/\/www.youtube.com\/embed\/iLbMYCf6dWk?feature=oembed\" frameborder=\"0\" allow=\"accelerometer; autoplay; clipboard-write; encrypted-media; gyroscope; picture-in-picture; web-share\" referrerpolicy=\"strict-origin-when-cross-origin\" allowfullscreen><\/iframe>\n<\/div><\/figure>\n<\/div>\n\n\n\n<div class=\"wp-block-column is-layout-flow wp-block-column-is-layout-flow\" style=\"flex-basis:66.66%\">\n<p>Poucas experi\u00eancias s\u00e3o t\u00e3o especiais quanto<strong> <a href=\"https:\/\/turismo.lepe.es\/es\/poi\/escuela-h-pica-antonio-real\" target=\"_blank\" rel=\"noopener\" title=\"\">passeio a cavalo pela praia<\/a><\/strong>. \u00c9 um plano perfeito para casais ou para quem procura algo \u00fanico.<\/p>\n<\/div>\n<\/div>\n\n\n\n<div style=\"height:20px\" aria-hidden=\"true\" class=\"wp-block-spacer\"><\/div>\n\n\n\n<h3 class=\"wp-block-heading\">Porto de El Terr\u00f3n<\/h3>\n\n\n\n<p><a href=\"https:\/\/turismo.lepe.es\/es\/poi\/puerto-de-el-terr-n\" target=\"_blank\" rel=\"noopener\" title=\"\">Este porto<\/a> Preserva a ess\u00eancia mar\u00edtima da regi\u00e3o. Aqui voc\u00ea pode passear e observar a atividade pesqueira.<\/p>\n\n\n\n<div style=\"height:20px\" aria-hidden=\"true\" class=\"wp-block-spacer\"><\/div>\n\n\n\n<figure class=\"wp-block-image size-large\"><img loading=\"lazy\" decoding=\"async\" width=\"2560\" height=\"1440\" src=\"https:\/\/www.islantilla.es\/wp-content\/uploads\/2026\/04\/Puerto-de-El-Terron-Lepe-edited-scaled.jpg\" alt=\"Default\" class=\"wp-image-7943\" srcset=\"https:\/\/www.islantilla.es\/wp-content\/uploads\/2026\/04\/Puerto-de-El-Terron-Lepe-edited-scaled.jpg 2560w, https:\/\/www.islantilla.es\/wp-content\/uploads\/2026\/04\/Puerto-de-El-Terron-Lepe-edited-300x169.jpg 300w, https:\/\/www.islantilla.es\/wp-content\/uploads\/2026\/04\/Puerto-de-El-Terron-Lepe-edited-1024x576.jpg 1024w, https:\/\/www.islantilla.es\/wp-content\/uploads\/2026\/04\/Puerto-de-El-Terron-Lepe-edited-768x432.jpg 768w, https:\/\/www.islantilla.es\/wp-content\/uploads\/2026\/04\/Puerto-de-El-Terron-Lepe-edited-1536x864.jpg 1536w, https:\/\/www.islantilla.es\/wp-content\/uploads\/2026\/04\/Puerto-de-El-Terron-Lepe-edited-2048x1152.jpg 2048w, https:\/\/www.islantilla.es\/wp-content\/uploads\/2026\/04\/Puerto-de-El-Terron-Lepe-edited-18x10.jpg 18w\" sizes=\"(max-width: 2560px) 100vw, 2560px\" \/><\/figure>\n\n\n\n<div style=\"height:20px\" aria-hidden=\"true\" class=\"wp-block-spacer\"><\/div>\n\n\n\n<h2 class=\"wp-block-heading\">O que ver em Isla Cristina: natureza e tradi\u00e7\u00e3o<\/h2>\n\n\n\n<p>Isla Cristina traz ao destino o seu lado mais natural e aut\u00eantico, ligado ao mar e \u00e0 pesca.<\/p>\n\n\n\n<div style=\"height:20px\" aria-hidden=\"true\" class=\"wp-block-spacer\"><\/div>\n\n\n\n<h3 class=\"wp-block-heading\">P\u00e2ntanos de Isla Cristina<\/h3>\n\n\n\n<p>Um espa\u00e7o natural ideal para o <strong>Observa\u00e7\u00e3o de aves em Huelva<\/strong>. \u00c9 um dos melhores lugares para observar a vida selvagem.<\/p>\n\n\n\n<p><a href=\"https:\/\/wp.islacristina.org\/naturaleza-3\/\" target=\"_blank\" rel=\"noopener\" title=\"\">Todas as informa\u00e7\u00f5es est\u00e3o aqui.<\/a><\/p>\n\n\n\n<div style=\"height:20px\" aria-hidden=\"true\" class=\"wp-block-spacer\"><\/div>\n\n\n\n<figure class=\"wp-block-gallery has-nested-images columns-default is-cropped wp-block-gallery-6 is-layout-flex wp-block-gallery-is-layout-flex\">\n<figure class=\"wp-block-image size-large\"><img loading=\"lazy\" decoding=\"async\" width=\"576\" height=\"1024\" data-id=\"7948\" src=\"https:\/\/www.islantilla.es\/wp-content\/uploads\/2026\/04\/Avistamiento-de-aves-en-las-Marismas-de-Isla-Cristina-576x1024.png\" alt=\"Avistamiento de aves en las Marismas de Isla Cristina\" class=\"wp-image-7948\" srcset=\"https:\/\/www.islantilla.es\/wp-content\/uploads\/2026\/04\/Avistamiento-de-aves-en-las-Marismas-de-Isla-Cristina-576x1024.png 576w, https:\/\/www.islantilla.es\/wp-content\/uploads\/2026\/04\/Avistamiento-de-aves-en-las-Marismas-de-Isla-Cristina-169x300.png 169w, https:\/\/www.islantilla.es\/wp-content\/uploads\/2026\/04\/Avistamiento-de-aves-en-las-Marismas-de-Isla-Cristina-768x1365.png 768w, https:\/\/www.islantilla.es\/wp-content\/uploads\/2026\/04\/Avistamiento-de-aves-en-las-Marismas-de-Isla-Cristina-864x1536.png 864w, https:\/\/www.islantilla.es\/wp-content\/uploads\/2026\/04\/Avistamiento-de-aves-en-las-Marismas-de-Isla-Cristina-7x12.png 7w, https:\/\/www.islantilla.es\/wp-content\/uploads\/2026\/04\/Avistamiento-de-aves-en-las-Marismas-de-Isla-Cristina.png 1080w\" sizes=\"(max-width: 576px) 100vw, 576px\" \/><\/figure>\n\n\n\n<figure class=\"wp-block-image size-large\"><img loading=\"lazy\" decoding=\"async\" width=\"576\" height=\"1024\" data-id=\"7949\" src=\"https:\/\/www.islantilla.es\/wp-content\/uploads\/2026\/04\/Marismas-de-Isla-Cristina-al-atardecer-576x1024.png\" alt=\"Marismas de Isla Cristina al atardecer\" class=\"wp-image-7949\" srcset=\"https:\/\/www.islantilla.es\/wp-content\/uploads\/2026\/04\/Marismas-de-Isla-Cristina-al-atardecer-576x1024.png 576w, https:\/\/www.islantilla.es\/wp-content\/uploads\/2026\/04\/Marismas-de-Isla-Cristina-al-atardecer-169x300.png 169w, https:\/\/www.islantilla.es\/wp-content\/uploads\/2026\/04\/Marismas-de-Isla-Cristina-al-atardecer-768x1365.png 768w, https:\/\/www.islantilla.es\/wp-content\/uploads\/2026\/04\/Marismas-de-Isla-Cristina-al-atardecer-864x1536.png 864w, https:\/\/www.islantilla.es\/wp-content\/uploads\/2026\/04\/Marismas-de-Isla-Cristina-al-atardecer-7x12.png 7w, https:\/\/www.islantilla.es\/wp-content\/uploads\/2026\/04\/Marismas-de-Isla-Cristina-al-atardecer.png 1080w\" sizes=\"(max-width: 576px) 100vw, 576px\" \/><\/figure>\n\n\n\n<figure class=\"wp-block-image size-large\"><img loading=\"lazy\" decoding=\"async\" width=\"576\" height=\"1024\" data-id=\"7950\" src=\"https:\/\/www.islantilla.es\/wp-content\/uploads\/2026\/04\/Marismas-de-Isla-Cristina-en-Huelva-576x1024.png\" alt=\"Marismas de Isla Cristina en Huelva\" class=\"wp-image-7950\" srcset=\"https:\/\/www.islantilla.es\/wp-content\/uploads\/2026\/04\/Marismas-de-Isla-Cristina-en-Huelva-576x1024.png 576w, https:\/\/www.islantilla.es\/wp-content\/uploads\/2026\/04\/Marismas-de-Isla-Cristina-en-Huelva-169x300.png 169w, https:\/\/www.islantilla.es\/wp-content\/uploads\/2026\/04\/Marismas-de-Isla-Cristina-en-Huelva-768x1365.png 768w, https:\/\/www.islantilla.es\/wp-content\/uploads\/2026\/04\/Marismas-de-Isla-Cristina-en-Huelva-864x1536.png 864w, https:\/\/www.islantilla.es\/wp-content\/uploads\/2026\/04\/Marismas-de-Isla-Cristina-en-Huelva-7x12.png 7w, https:\/\/www.islantilla.es\/wp-content\/uploads\/2026\/04\/Marismas-de-Isla-Cristina-en-Huelva.png 1080w\" sizes=\"(max-width: 576px) 100vw, 576px\" \/><\/figure>\n<\/figure>\n\n\n\n<div style=\"height:20px\" aria-hidden=\"true\" class=\"wp-block-spacer\"><\/div>\n\n\n\n<h3 class=\"wp-block-heading\">Rota do Camale\u00e3o<\/h3>\n\n\n\n<p>Um percurso que permite mergulhar no ambiente natural do munic\u00edpio e descobrir paisagens \u00fanicas.<\/p>\n\n\n\n<p><a href=\"https:\/\/wp.islacristina.org\/naturaleza-3\/\" target=\"_blank\" rel=\"noopener\" title=\"\">Encontre o percurso aqui.<\/a><\/p>\n\n\n\n<div style=\"height:20px\" aria-hidden=\"true\" class=\"wp-block-spacer\"><\/div>\n\n\n\n<h3 class=\"wp-block-heading\">Casinha Azul<\/h3>\n\n\n\n<p>UM <strong>ponto-chave<\/strong> Explorar os arredores naturais e iniciar trilhas para caminhadas. \u00c9 um <a href=\"https:\/\/wp.islacristina.org\/turismo\/playa-de-la-casita-azul\/\" target=\"_blank\" rel=\"noopener\" title=\"\">ponto tur\u00edstico imperd\u00edvel<\/a>.<\/p>\n\n\n\n<div style=\"height:20px\" aria-hidden=\"true\" class=\"wp-block-spacer\"><\/div>\n\n\n\n<h3 class=\"wp-block-heading\">Salinas do Alem\u00e3o<\/h3>\n\n\n\n<div class=\"wp-block-columns is-layout-flex wp-container-core-columns-is-layout-28f84493 wp-block-columns-is-layout-flex\">\n<div class=\"wp-block-column is-layout-flow wp-block-column-is-layout-flow\" style=\"flex-basis:33.33%\">\n<figure class=\"wp-block-embed is-type-video is-provider-youtube wp-block-embed-youtube wp-embed-aspect-9-16 wp-has-aspect-ratio\"><div class=\"wp-block-embed__wrapper\">\n<iframe title=\"Spa salino nas Salinas del Alem\u00e1n #huelva #spasalino #salinas #costadedelaluz\" width=\"563\" height=\"1000\" src=\"https:\/\/www.youtube.com\/embed\/KxyeT_OjKTQ?feature=oembed\" frameborder=\"0\" allow=\"accelerometer; autoplay; clipboard-write; encrypted-media; gyroscope; picture-in-picture; web-share\" referrerpolicy=\"strict-origin-when-cross-origin\" allowfullscreen><\/iframe>\n<\/div><\/figure>\n<\/div>\n\n\n\n<div class=\"wp-block-column is-layout-flow wp-block-column-is-layout-flow\" style=\"flex-basis:66.66%\">\n<p>Um espa\u00e7o onde <strong>tradi\u00e7\u00e3o e natureza<\/strong> Eles se unem. Aqui voc\u00ea pode aprender como o sal \u00e9 produzido manualmente e compreender melhor a paisagem.<\/p>\n\n\n\n<p><a href=\"https:\/\/www.salinasdelaleman.es\/servicios\/\" target=\"_blank\" rel=\"noopener\" title=\"\">Descubra aqui todos os servi\u00e7os que voc\u00ea pode contratar em Salinas.<\/a><\/p>\n<\/div>\n<\/div>\n\n\n\n<div style=\"height:20px\" aria-hidden=\"true\" class=\"wp-block-spacer\"><\/div>\n\n\n\n<p><strong>Islantilla<\/strong>, ao lado de <strong>Lepe<\/strong> e <strong>Isla Cristina<\/strong>, Constitui um destino completo onde se pode combinar praia, natureza, desporto e experi\u00eancias \u00fanicas.<\/p>\n\n\n\n<p>Se voc\u00ea est\u00e1 procurando <strong>O que visitar em Islantilla e arredores<\/strong>, Aqui voc\u00ea encontrar\u00e1 muito mais do que imagina: um lugar onde todos os dias voc\u00ea pode fazer algo diferente.<\/p>\n\n\n\n<p>Planeje sua viagem, explore os arredores e descubra por que este recanto da Costa de la Luz \u00e9 um dos destinos mais completos da regi\u00e3o. <strong>Huelva<\/strong>.<\/p>","protected":false},"excerpt":{"rendered":"<p>Si est\u00e1s buscando qu\u00e9 ver en Islantilla, seguramente no quieras una lista cualquiera, sino una gu\u00eda real que te ayude a organizar tu viaje y descubrir lo mejor del destino sin perder tiempo. Y aqu\u00ed viene lo importante: Islantilla no es solo playa. Es un punto estrat\u00e9gico que conecta con Lepe e Isla Cristina, formando [&hellip;]<\/p>\n","protected":false},"author":12,"featured_media":7416,"comment_status":"open","ping_status":"open","sticky":false,"template":"","format":"standard","meta":{"slim_seo":{"title":"Qu\u00e9 ver en Islantilla y alrededores: gu\u00eda completa (Lepe e Isla Cristina)","description":"Descubre qu\u00e9 ver en Islantilla, Lepe e Isla Cristina. Gu\u00eda completa con playas, naturaleza, rutas y planes en la Costa de la Luz."},"footnotes":""},"categories":[34,36,28],"tags":[],"class_list":["post-7939","post","type-post","status-publish","format-standard","has-post-thumbnail","hentry","category-entorno","category-imprescindibles","category-turismo-verde"],"_links":{"self":[{"href":"https:\/\/www.islantilla.es\/pt\/wp-json\/wp\/v2\/posts\/7939","targetHints":{"allow":["GET"]}}],"collection":[{"href":"https:\/\/www.islantilla.es\/pt\/wp-json\/wp\/v2\/posts"}],"about":[{"href":"https:\/\/www.islantilla.es\/pt\/wp-json\/wp\/v2\/types\/post"}],"author":[{"embeddable":true,"href":"https:\/\/www.islantilla.es\/pt\/wp-json\/wp\/v2\/users\/12"}],"replies":[{"embeddable":true,"href":"https:\/\/www.islantilla.es\/pt\/wp-json\/wp\/v2\/comments?post=7939"}],"version-history":[{"count":6,"href":"https:\/\/www.islantilla.es\/pt\/wp-json\/wp\/v2\/posts\/7939\/revisions"}],"predecessor-version":[{"id":7958,"href":"https:\/\/www.islantilla.es\/pt\/wp-json\/wp\/v2\/posts\/7939\/revisions\/7958"}],"wp:featuredmedia":[{"embeddable":true,"href":"https:\/\/www.islantilla.es\/pt\/wp-json\/wp\/v2\/media\/7416"}],"wp:attachment":[{"href":"https:\/\/www.islantilla.es\/pt\/wp-json\/wp\/v2\/media?parent=7939"}],"wp:term":[{"taxonomy":"category","embeddable":true,"href":"https:\/\/www.islantilla.es\/pt\/wp-json\/wp\/v2\/categories?post=7939"},{"taxonomy":"post_tag","embeddable":true,"href":"https:\/\/www.islantilla.es\/pt\/wp-json\/wp\/v2\/tags?post=7939"}],"curies":[{"name":"wp","href":"https:\/\/api.w.org\/{rel}","templated":true}]}}