{"id":7760,"date":"2026-03-16T15:59:45","date_gmt":"2026-03-16T14:59:45","guid":{"rendered":"https:\/\/www.islantilla.es\/?p=7760"},"modified":"2026-03-24T18:29:35","modified_gmt":"2026-03-24T17:29:35","slug":"senderos-en-islantilla-naturaleza-y-senderismo-en-la-costa-de-huelva","status":"publish","type":"post","link":"https:\/\/www.islantilla.es\/pt\/senderos-en-islantilla-naturaleza-y-senderismo-en-la-costa-de-huelva\/","title":{"rendered":"Trilhas para caminhadas em Islantilla: natureza e trilhas no litoral de Huelva"},"content":{"rendered":"<p>Se voc\u00ea est\u00e1 procurando <strong>Op\u00e7\u00f5es de trilhas para caminhadas em Huelva<\/strong>, A primeira coisa que provavelmente vem \u00e0 mente \u00e9 a Serra. Mas o trekking na prov\u00edncia n\u00e3o se limita ao interior. Na Costa de la Luz, e especialmente em <strong>Islantilla<\/strong>, Voc\u00ea tem rotas acess\u00edveis, paisagens abertas e passeios perfeitos para combinar natureza, esporte e mar.<\/p>\n\n\n\n<figure class=\"wp-block-image size-large\"><img fetchpriority=\"high\" decoding=\"async\" width=\"900\" height=\"506\" src=\"https:\/\/www.islantilla.es\/wp-content\/uploads\/2026\/02\/Restaurante-rubens-La-Redondela-palomar-de-la-Huerta-noble_Islantilla-en-ruta-edited-1.webp\" alt=\"Restaurante ruben's La Redondela palomar de la Huerta noble Islantilla en ruta\" class=\"wp-image-7766\" srcset=\"https:\/\/www.islantilla.es\/wp-content\/uploads\/2026\/02\/Restaurante-rubens-La-Redondela-palomar-de-la-Huerta-noble_Islantilla-en-ruta-edited-1.webp 900w, https:\/\/www.islantilla.es\/wp-content\/uploads\/2026\/02\/Restaurante-rubens-La-Redondela-palomar-de-la-Huerta-noble_Islantilla-en-ruta-edited-1-300x169.webp 300w, https:\/\/www.islantilla.es\/wp-content\/uploads\/2026\/02\/Restaurante-rubens-La-Redondela-palomar-de-la-Huerta-noble_Islantilla-en-ruta-edited-1-768x432.webp 768w, https:\/\/www.islantilla.es\/wp-content\/uploads\/2026\/02\/Restaurante-rubens-La-Redondela-palomar-de-la-Huerta-noble_Islantilla-en-ruta-edited-1-18x10.webp 18w\" sizes=\"(max-width: 900px) 100vw, 900px\" \/><\/figure>\n\n\n\n<p>Aqui voc\u00ea n\u00e3o encontrar\u00e1 subidas \u00edngremes ou picos abruptos, mas sim trilhas confort\u00e1veis e bem sinalizadas, adequadas para diferentes n\u00edveis de condicionamento f\u00edsico. Se voc\u00ea gosta da ideia de uma caminhada pela costa atl\u00e2ntica, em meio a espa\u00e7os verdes e \u00e1reas naturais bem preservadas, continue lendo, pois este passeio \u00e9 para voc\u00ea.<\/p>\n\n\n\n<div style=\"height:20px\" aria-hidden=\"true\" class=\"wp-block-spacer\"><\/div>\n\n\n\n<h2 class=\"wp-block-heading\">Caminhadas em Huelva: montanhas e litoral, duas experi\u00eancias diferentes<\/h2>\n\n\n\n<p>Quando falamos sobre rotas de <strong>Caminhadas em Huelva<\/strong>, A Serra de Aracena e os Picos de Aroche costumam ser os grandes destaques. E com raz\u00e3o. Mas se voc\u00ea preferir rotas mais tranquilas, <strong>passeios em fam\u00edlia<\/strong> qualquer<strong> rotas f\u00e1ceis<\/strong> na costa, <strong>Islantilla<\/strong> Isso se torna uma alternativa muito interessante.<\/p>\n\n\n\n<p>Fazer caminhadas na costa oeste de Huelva permite desfrutar da brisa do mar, de caminhos urbanos integrados \u00e0 natureza e de percursos aprovados sem grande esfor\u00e7o f\u00edsico.<\/p>\n\n\n\n<div style=\"height:20px\" aria-hidden=\"true\" class=\"wp-block-spacer\"><\/div>\n\n\n\n<h2 class=\"wp-block-heading\">Por que fazer trilhas em Islantilla?<\/h2>\n\n\n\n<p>Islantilla faz parte de um ambiente privilegiado. <strong>Compartilhado por Lepe e Isla Cristina<\/strong>. Aqui voc\u00ea pode combinar praia, esportes e ecoturismo em um mesmo destino.<\/p>\n\n\n\n<p>Os percursos est\u00e3o bem integrados na paisagem, s\u00e3o acess\u00edveis e muitos s\u00e3o ideais para caminhadas com crian\u00e7as ou em grupo. Permitem tamb\u00e9m explorar diferentes zonas do centro da cidade e os seus espa\u00e7os verdes sem perder o contacto com a natureza. Hoje vamos mostrar-lhe <strong>cinco op\u00e7\u00f5es fant\u00e1sticas<\/strong> <strong>de trilhas em Islantilla<\/strong>.<\/p>\n\n\n\n<div style=\"height:20px\" aria-hidden=\"true\" class=\"wp-block-spacer\"><\/div>\n\n\n\n<h2 class=\"wp-block-heading\">Trilha Desportiva Parque El Camale\u00f3n<\/h2>\n\n\n\n<p><strong>Tipo: circular<br>Dificuldade: f\u00e1cil<br>Dist\u00e2ncia aproximada: 1 km<br>Dura\u00e7\u00e3o aproximada: 13\u2032<\/strong><\/p>\n\n\n\n<p>Localizado no cora\u00e7\u00e3o de <strong>Parque El Camale\u00f3n<\/strong>, Este percurso circular de aproximadamente 1.000 metros foi concebido para quem procura combinar natureza e atividade f\u00edsica enquanto desfruta de caminhadas em Huelva. A sua baixa dificuldade e inclina\u00e7\u00e3o m\u00ednima tornam-no um percurso muito acess\u00edvel a todos os n\u00edveis.<\/p>\n\n\n\n<figure class=\"wp-block-image size-large\"><img decoding=\"async\" width=\"1024\" height=\"576\" src=\"https:\/\/www.islantilla.es\/wp-content\/uploads\/2025\/11\/Sendero-Deportivo-Parque-El-Camaleon-Islantilla_Sendero-Azul-edited-1024x576.webp\" alt=\"Sendero deportivo del Parque El Camale\u00f3n de Islantilla. Sendero Azul.\" class=\"wp-image-6364\" srcset=\"https:\/\/www.islantilla.es\/wp-content\/uploads\/2025\/11\/Sendero-Deportivo-Parque-El-Camaleon-Islantilla_Sendero-Azul-edited-1024x576.webp 1024w, https:\/\/www.islantilla.es\/wp-content\/uploads\/2025\/11\/Sendero-Deportivo-Parque-El-Camaleon-Islantilla_Sendero-Azul-edited-300x169.webp 300w, https:\/\/www.islantilla.es\/wp-content\/uploads\/2025\/11\/Sendero-Deportivo-Parque-El-Camaleon-Islantilla_Sendero-Azul-edited-768x432.webp 768w, https:\/\/www.islantilla.es\/wp-content\/uploads\/2025\/11\/Sendero-Deportivo-Parque-El-Camaleon-Islantilla_Sendero-Azul-edited-18x10.webp 18w, https:\/\/www.islantilla.es\/wp-content\/uploads\/2025\/11\/Sendero-Deportivo-Parque-El-Camaleon-Islantilla_Sendero-Azul-edited.webp 1080w\" sizes=\"(max-width: 1024px) 100vw, 1024px\" \/><\/figure>\n\n\n\n<p>Sua superf\u00edcie de concreto e areia permite caminhadas ou corridas confort\u00e1veis, tornando-a uma op\u00e7\u00e3o perfeita tanto para exerc\u00edcios leves quanto para passeios saud\u00e1veis em meio \u00e0 natureza. Ao longo do caminho, voc\u00ea poder\u00e1 observar esp\u00e9cies nativas da floresta costeira de pinheiros, como o pinheiro-manso, a esteva e diversas aves locais.<\/p>\n\n\n\n<p>Sem d\u00favida, \u00e9 uma das rotas de caminhada mais recomendadas em Islantilla para quem busca turismo ativo na Costa de la Luz sem grandes exig\u00eancias f\u00edsicas.<\/p>\n\n\n\n<p><strong><a href=\"https:\/\/www.islantilla.es\/pt\/sendero-deportivo-parque-el-camaleon\/\" target=\"_blank\" rel=\"noopener\" title=\"\">Link para a trilha aqui.<\/a><\/strong><\/p>\n\n\n\n<div style=\"height:20px\" aria-hidden=\"true\" class=\"wp-block-spacer\"><\/div>\n\n\n\n<h2 class=\"wp-block-heading\">Trilha Azul Parque Cabezos<\/h2>\n\n\n\n<p><strong>Tipo: circular<br>Dificuldade: m\u00e9dia<br>Dist\u00e2ncia aproximada: 3 km<br>Dura\u00e7\u00e3o aproximada: 20\u2032<\/strong><\/p>\n\n\n\n<p>Ele <strong>Trilha Azul Parque Cabezos<\/strong> \u00c9 um dos percursos mais atraentes da regi\u00e3o. Esta trilha de dificuldade moderada oferece vistas panor\u00e2micas espetaculares de Islantilla e seus arredores. O percurso \u00e9 inteiramente asfaltado, contornando o campo de golfe e demonstrando a perfeita integra\u00e7\u00e3o da paisagem urbana com os espa\u00e7os verdes do resort.<\/p>\n\n\n\n<figure class=\"wp-block-image size-full\"><img decoding=\"async\" width=\"900\" height=\"506\" src=\"https:\/\/www.islantilla.es\/wp-content\/uploads\/2026\/02\/Parque-de-los-Cabezos-Avenida-Rio-Frio_Islantilla-en-Ruta-edited.webp\" alt=\"Parque de los Cabezos Avenida Rio Frio Islantilla en Ruta\" class=\"wp-image-7763\" srcset=\"https:\/\/www.islantilla.es\/wp-content\/uploads\/2026\/02\/Parque-de-los-Cabezos-Avenida-Rio-Frio_Islantilla-en-Ruta-edited.webp 900w, https:\/\/www.islantilla.es\/wp-content\/uploads\/2026\/02\/Parque-de-los-Cabezos-Avenida-Rio-Frio_Islantilla-en-Ruta-edited-300x169.webp 300w, https:\/\/www.islantilla.es\/wp-content\/uploads\/2026\/02\/Parque-de-los-Cabezos-Avenida-Rio-Frio_Islantilla-en-Ruta-edited-768x432.webp 768w, https:\/\/www.islantilla.es\/wp-content\/uploads\/2026\/02\/Parque-de-los-Cabezos-Avenida-Rio-Frio_Islantilla-en-Ruta-edited-18x10.webp 18w\" sizes=\"(max-width: 900px) 100vw, 900px\" \/><\/figure>\n\n\n\n<p>As suaves subidas e descidas conferem dinamismo ao percurso, tornando-o uma op\u00e7\u00e3o ideal para quem procura uma caminhada ativa com um toque de desafio f\u00edsico, mas acess\u00edvel \u00e0 maioria dos caminhantes. Na sua sec\u00e7\u00e3o central, encontrar\u00e1 uma agrad\u00e1vel \u00e1rea de descanso com <strong>um pequeno lago e um g\u00eaiser<\/strong>, Um lugar perfeito para fazer uma pausa e contemplar o reflexo do c\u00e9u na \u00e1gua.<\/p>\n\n\n\n<p>Com quase 2 quil\u00f4metros de extens\u00e3o, este percurso convida n\u00e3o s\u00f3 a uma caminhada, mas tamb\u00e9m \u00e0 conex\u00e3o com a paisagem e a tranquilidade que caracterizam Islantilla. \u00c9 especialmente recomendado ao p\u00f4r do sol, quando a luz do sol pinta o horizonte e real\u00e7a as vistas da costa de Huelva.<\/p>\n\n\n\n<p><a href=\"https:\/\/www.islantilla.es\/pt\/sendero-azul-parque-de-los-cabezos\/\" target=\"_blank\" rel=\"noopener\" title=\"\"><strong>Link para a trilha aqui.<\/strong><\/a><\/p>\n\n\n\n<div style=\"height:20px\" aria-hidden=\"true\" class=\"wp-block-spacer\"><\/div>\n\n\n\n<h2 class=\"wp-block-heading\">Trilha da Avenida Rio Fr\u00edo<\/h2>\n\n\n\n<p><strong>Tipo: linear<br>Dificuldade: baixa<br>Dist\u00e2ncia aproximada: 2,5 km<br>Dura\u00e7\u00e3o aproximada: 23\u2032<\/strong><\/p>\n\n\n\n<p>Este passeio ajardinado <strong>cruza Islantilla de ponta a ponta<\/strong> \u00c9 um local muito apreciado por moradores e visitantes que desejam fazer caminhadas urbanas em Huelva. Com mais de 2 quil\u00f4metros de trilhas e um n\u00edvel de dificuldade baixo, oferece uma experi\u00eancia completa que combina caminhada, exerc\u00edcio e aprecia\u00e7\u00e3o do ambiente costeiro.<\/p>\n\n\n\n<figure class=\"wp-block-image size-large\"><img loading=\"lazy\" decoding=\"async\" width=\"1024\" height=\"576\" src=\"https:\/\/www.islantilla.es\/wp-content\/uploads\/2025\/11\/Sendero-Avenida-Rio-Frio_Islantilla-edited-1024x576.webp\" alt=\"Avenida R\u00edo Fr\u00edo de Islantilla con su sendero peatonal.\" class=\"wp-image-6369\" srcset=\"https:\/\/www.islantilla.es\/wp-content\/uploads\/2025\/11\/Sendero-Avenida-Rio-Frio_Islantilla-edited-1024x576.webp 1024w, https:\/\/www.islantilla.es\/wp-content\/uploads\/2025\/11\/Sendero-Avenida-Rio-Frio_Islantilla-edited-300x169.webp 300w, https:\/\/www.islantilla.es\/wp-content\/uploads\/2025\/11\/Sendero-Avenida-Rio-Frio_Islantilla-edited-768x432.webp 768w, https:\/\/www.islantilla.es\/wp-content\/uploads\/2025\/11\/Sendero-Avenida-Rio-Frio_Islantilla-edited-18x10.webp 18w, https:\/\/www.islantilla.es\/wp-content\/uploads\/2025\/11\/Sendero-Avenida-Rio-Frio_Islantilla-edited.webp 1080w\" sizes=\"(max-width: 1024px) 100vw, 1024px\" \/><\/figure>\n\n\n\n<p>\u00c9 ideal para caminhadas, corridas ou exerc\u00edcios leves, pois conecta diferentes \u00e1reas residenciais e espa\u00e7os verdes dentro do destino. Alterna entre superf\u00edcies pavimentadas e amplas extens\u00f5es de grama natural, proporcionando uma superf\u00edcie confort\u00e1vel e agrad\u00e1vel para caminhar. A sombra das \u00e1rvores e os bancos estrategicamente posicionados convidam a uma pausa para descanso.<\/p>\n\n\n\n<p>Embora compartilhe alguns trechos com o tr\u00e1fego rodovi\u00e1rio, oferece boa visibilidade, sinaliza\u00e7\u00e3o clara e travessias seguras, tornando-a adequada para todas as idades. Durante sua caminhada, voc\u00ea descobrir\u00e1 pequenas \u00e1reas ajardinadas, instala\u00e7\u00f5es esportivas ao ar livre e parques onde poder\u00e1 fazer uma pausa ou completar sua rotina.<\/p>\n\n\n\n<p>\u00c9 uma op\u00e7\u00e3o. <strong>Ideal para caminhadas di\u00e1rias<\/strong>, percursos com crian\u00e7as ou caminhadas relaxantes no litoral de Huelva.<\/p>\n\n\n\n<p><a href=\"https:\/\/www.islantilla.es\/pt\/sendero-avenida-rio-frio\/\" target=\"_blank\" rel=\"noopener\" title=\"\"><strong>Link para a trilha aqui.<\/strong><\/a><\/p>\n\n\n\n<div style=\"height:20px\" aria-hidden=\"true\" class=\"wp-block-spacer\"><\/div>\n\n\n\n<h2 class=\"wp-block-heading\">Rota Parque Los Cabezos \u2013 Avenida R\u00edo Fr\u00edo \u2013 Passeio Mar\u00edtimo<\/h2>\n\n\n\n<p><strong>Tipo: circular<br>Dificuldade: m\u00e9dia-baixa<br>Dist\u00e2ncia aproximada: 5 km<br>Dura\u00e7\u00e3o aproximada: 1h 31\u2032<\/strong><\/p>\n\n\n\n<p>Esse <strong>rota circular<\/strong> O percurso de aproximadamente 5 quil\u00f4metros conecta alguns dos locais mais emblem\u00e1ticos de Islantilla: o Parque Los Cabezos, a Avenida R\u00edo Fr\u00edo e o cal\u00e7ad\u00e3o \u00e0 beira-mar. <strong>uma das op\u00e7\u00f5es mais completas <\/strong>Se voc\u00ea procura trilhas que combinem natureza, ambiente urbano e vistas diretas para o Atl\u00e2ntico.<\/p>\n\n\n\n<figure class=\"wp-block-image size-large\"><img loading=\"lazy\" decoding=\"async\" width=\"1024\" height=\"576\" src=\"https:\/\/www.islantilla.es\/wp-content\/uploads\/2026\/02\/Paseo-maritimo-de-Islantilla-1-1024x576.png\" alt=\"Paseo mari\u0301timo de Islantilla\" class=\"wp-image-7764\" srcset=\"https:\/\/www.islantilla.es\/wp-content\/uploads\/2026\/02\/Paseo-maritimo-de-Islantilla-1-1024x576.png 1024w, https:\/\/www.islantilla.es\/wp-content\/uploads\/2026\/02\/Paseo-maritimo-de-Islantilla-1-300x169.png 300w, https:\/\/www.islantilla.es\/wp-content\/uploads\/2026\/02\/Paseo-maritimo-de-Islantilla-1-768x432.png 768w, https:\/\/www.islantilla.es\/wp-content\/uploads\/2026\/02\/Paseo-maritimo-de-Islantilla-1-1536x864.png 1536w, https:\/\/www.islantilla.es\/wp-content\/uploads\/2026\/02\/Paseo-maritimo-de-Islantilla-1-18x10.png 18w, https:\/\/www.islantilla.es\/wp-content\/uploads\/2026\/02\/Paseo-maritimo-de-Islantilla-1.png 1920w\" sizes=\"(max-width: 1024px) 100vw, 1024px\" \/><\/figure>\n\n\n\n<p>O percurso come\u00e7a na extremidade oeste do cal\u00e7ad\u00e3o \u00e0 beira-mar e sobe suavemente pelo Parque Los Cabezos, oferecendo vistas panor\u00e2micas da \u00e1rea circundante. Em seguida, desce em dire\u00e7\u00e3o \u00e0 Avenida R\u00edo Fr\u00edo, um corredor verde perfeito para relaxar ou praticar exerc\u00edcios, antes de retornar ao Paseo de Poniente.<\/p>\n\n\n\n<p>Ao longo do percurso, encontrar\u00e1 pequenas \u00e1reas de descanso com bancos e miradouros naturais, bem como uma interessante variedade de flora e fauna locais. Este percurso representa na perfei\u00e7\u00e3o a ess\u00eancia de Islantilla: mar, bem-estar e natureza, tudo integrado num \u00fanico passeio.<\/p>\n\n\n\n<p>\u00c9 ideal para quem deseja explorar o destino em profundidade, em uma caminhada tranquila, por\u00e9m variada, perfeita tanto para visitantes quanto para aqueles que j\u00e1 conhecem a regi\u00e3o.<\/p>\n\n\n\n<p><a href=\"https:\/\/www.islantilla.es\/pt\/ruta-parque-de-los-cabezos-avenida-rio-frio-paseo-maritimo\/\" target=\"_blank\" rel=\"noopener\" title=\"\"><strong>Link para o percurso aqui.<\/strong><\/a><\/p>\n\n\n\n<div style=\"height:20px\" aria-hidden=\"true\" class=\"wp-block-spacer\"><\/div>\n\n\n\n<h2 class=\"wp-block-heading\">Trilha esportiva aprovada pela PR-A 131<\/h2>\n\n\n\n<p><strong>Tipo: circular<br>Dificuldade: 2<br>Dist\u00e2ncia aproximada: 25,5 km<br>Dura\u00e7\u00e3o aproximada: 7h 16\u2032<\/strong><\/p>\n\n\n\n<p>O PR-A 131, oficialmente chamado <strong>Trilha da Costa Oeste de Huelva<\/strong>, \u00c9 um percurso oficialmente aprovado, situado num local privilegiado na costa oeste de Huelva, mesmo na Costa de la Luz. O ponto de partida situa-se no Pinhal da Isla Cristina, junto ao acesso \u00e0 Praia Central de Levante, muito perto da zona de desenvolvimento ambiental e tur\u00edstico conhecida como <strong>Casinha Azul<\/strong>, onde voc\u00ea encontrar\u00e1 informa\u00e7\u00f5es para planejar sua rota.<\/p>\n\n\n\n<figure class=\"wp-block-image size-full\"><img loading=\"lazy\" decoding=\"async\" width=\"1024\" height=\"768\" src=\"https:\/\/www.islantilla.es\/wp-content\/uploads\/2025\/11\/Programa-Islantilla-en-Ruta.webp\" alt=\"Programa Islantilla en Ruta\" class=\"wp-image-6756\" srcset=\"https:\/\/www.islantilla.es\/wp-content\/uploads\/2025\/11\/Programa-Islantilla-en-Ruta.webp 1024w, https:\/\/www.islantilla.es\/wp-content\/uploads\/2025\/11\/Programa-Islantilla-en-Ruta-300x225.webp 300w, https:\/\/www.islantilla.es\/wp-content\/uploads\/2025\/11\/Programa-Islantilla-en-Ruta-768x576.webp 768w, https:\/\/www.islantilla.es\/wp-content\/uploads\/2025\/11\/Programa-Islantilla-en-Ruta-16x12.webp 16w\" sizes=\"(max-width: 1024px) 100vw, 1024px\" \/><\/figure>\n\n\n\n<p>\u00c9 uma trilha circular com grande diversidade biol\u00f3gica que percorre<strong> entre Isla Cristina e os centros urbanos de Urbasur, Islantilla e La<\/strong> <strong>Antilhas<\/strong>. Ao longo do percurso, voc\u00ea encontrar\u00e1 tr\u00eas circuitos claramente diferenciados e sinalizados, com pain\u00e9is informativos que permitem completar cada se\u00e7\u00e3o separadamente, se preferir.<\/p>\n\n\n\n<p>Ele <strong>primeira se\u00e7\u00e3o<\/strong> O percurso atravessa um ambiente de dunas e pinhais, correndo paralelo \u00e0 praia, com zonas sombreadas que tornam a caminhada agrad\u00e1vel mesmo em dias quentes. Trata-se de uma zona fr\u00e1gil que requer cuidados especiais para preservar o seu valor natural. Mais adiante, o percurso chega ao Paseo de Poniente, em Islantilla, e sobe em dire\u00e7\u00e3o ao Parque de los Cabezos, onde se pode desfrutar de vistas panor\u00e2micas para o mar, vegeta\u00e7\u00e3o mediterr\u00e2nica e atra\u00e7\u00f5es \u00fanicas como o miradouro e o lago com um g\u00e9iser.<\/p>\n\n\n\n<p>O <strong>terceiro<\/strong> A trilha liga-se a La Antilla e continua em dire\u00e7\u00e3o \u00e0 praia intocada de Nueva Umbr\u00eda, perto de Puerto del Terr\u00f3n. O retorno pode ser feito caminhando pela extensa faixa de areia dourada, com mais de 90 metros de largura em alguns trechos, que mesmo na alta temporada costuma ser tranquila. De l\u00e1, diversos cal\u00e7ad\u00f5es permitem retornar \u00e0 cidade em v\u00e1rios pontos ao longo do percurso.<\/p>\n\n\n\n<p>Essa trilha oficialmente aprovada \u00e9 uma das op\u00e7\u00f5es de caminhada mais completas da costa de Huelva, combinando dunas, pinhais, trechos urbanos, mirantes naturais e praia, tudo em um \u00fanico percurso. \u00c9 ideal para quem busca uma experi\u00eancia diversificada que capture a ess\u00eancia natural e mar\u00edtima do litoral oeste de Huelva.<\/p>\n\n\n\n<p><a href=\"https:\/\/www.islantilla.es\/pt\/pr-a-131\/\" target=\"_blank\" rel=\"noopener\" title=\"\"><strong>Link para a trilha aqui.<\/strong><\/a><\/p>\n\n\n\n<div style=\"height:20px\" aria-hidden=\"true\" class=\"wp-block-spacer\"><\/div>\n\n\n\n<h2 class=\"wp-block-heading\">Trilhas f\u00e1ceis e caminhadas em fam\u00edlia<\/h2>\n\n\n\n<p>Um dos grandes atrativos das trilhas em Islantilla \u00e9 que muitas delas s\u00e3o acess\u00edveis e de baixa dificuldade.<\/p>\n\n\n\n<p>Se voc\u00ea est\u00e1 procurando <strong>Passeios para fazer com crian\u00e7as em Huelva<\/strong> Ou, se voc\u00ea procura trilhas para fam\u00edlias na Andaluzia, aqui encontrar\u00e1 op\u00e7\u00f5es confort\u00e1veis e seguras, bem integradas ao ambiente urbano e natural.<\/p>\n\n\n\n<div style=\"height:20px\" aria-hidden=\"true\" class=\"wp-block-spacer\"><\/div>","protected":false},"excerpt":{"rendered":"<p>Si est\u00e1s buscando opciones de senderismo en Huelva, seguramente lo primero que te venga a la cabeza sea la Sierra. Pero el senderismo en la provincia no se limita al interior. En la Costa de la Luz, y especialmente en Islantilla, tienes rutas accesibles, paisajes abiertos y recorridos perfectos para combinar naturaleza, deporte y mar. [&hellip;]<\/p>\n","protected":false},"author":12,"featured_media":7766,"comment_status":"open","ping_status":"open","sticky":false,"template":"","format":"standard","meta":{"slim_seo":{"title":"Huelva senderismo: rutas y senderos en Islantilla y Costa de la Luz","description":"Descubre las mejores rutas de senderismo en Huelva costa. Senderos en Islantilla, rutas familiares y recorridos homologados en la Costa de la Luz."},"footnotes":""},"categories":[36,28],"tags":[],"class_list":["post-7760","post","type-post","status-publish","format-standard","has-post-thumbnail","hentry","category-imprescindibles","category-turismo-verde"],"_links":{"self":[{"href":"https:\/\/www.islantilla.es\/pt\/wp-json\/wp\/v2\/posts\/7760","targetHints":{"allow":["GET"]}}],"collection":[{"href":"https:\/\/www.islantilla.es\/pt\/wp-json\/wp\/v2\/posts"}],"about":[{"href":"https:\/\/www.islantilla.es\/pt\/wp-json\/wp\/v2\/types\/post"}],"author":[{"embeddable":true,"href":"https:\/\/www.islantilla.es\/pt\/wp-json\/wp\/v2\/users\/12"}],"replies":[{"embeddable":true,"href":"https:\/\/www.islantilla.es\/pt\/wp-json\/wp\/v2\/comments?post=7760"}],"version-history":[{"count":4,"href":"https:\/\/www.islantilla.es\/pt\/wp-json\/wp\/v2\/posts\/7760\/revisions"}],"predecessor-version":[{"id":7770,"href":"https:\/\/www.islantilla.es\/pt\/wp-json\/wp\/v2\/posts\/7760\/revisions\/7770"}],"wp:featuredmedia":[{"embeddable":true,"href":"https:\/\/www.islantilla.es\/pt\/wp-json\/wp\/v2\/media\/7766"}],"wp:attachment":[{"href":"https:\/\/www.islantilla.es\/pt\/wp-json\/wp\/v2\/media?parent=7760"}],"wp:term":[{"taxonomy":"category","embeddable":true,"href":"https:\/\/www.islantilla.es\/pt\/wp-json\/wp\/v2\/categories?post=7760"},{"taxonomy":"post_tag","embeddable":true,"href":"https:\/\/www.islantilla.es\/pt\/wp-json\/wp\/v2\/tags?post=7760"}],"curies":[{"name":"wp","href":"https:\/\/api.w.org\/{rel}","templated":true}]}}