{"id":7756,"date":"2026-03-02T13:19:57","date_gmt":"2026-03-02T12:19:57","guid":{"rendered":"https:\/\/www.islantilla.es\/?p=7756"},"modified":"2026-03-24T18:29:23","modified_gmt":"2026-03-24T17:29:23","slug":"10-motivos-para-visitar-la-playa-de-islantilla-en-semana-santa","status":"publish","type":"post","link":"https:\/\/www.islantilla.es\/pt\/10-motivos-para-visitar-la-playa-de-islantilla-en-semana-santa\/","title":{"rendered":"10 motivos para visitar a praia de Islantilla durante a Semana Santa"},"content":{"rendered":"<div class=\"wp-block-columns is-layout-flex wp-container-core-columns-is-layout-28f84493 wp-block-columns-is-layout-flex\">\n<div class=\"wp-block-column is-layout-flow wp-block-column-is-layout-flow\" style=\"flex-basis:33.33%\">\n<figure class=\"wp-block-embed is-type-video is-provider-youtube wp-block-embed-youtube wp-embed-aspect-9-16 wp-has-aspect-ratio\"><div class=\"wp-block-embed__wrapper\">\n<iframe title=\"\ud83c\udfd6 Praia de Islantilla, um para\u00edso ao alcance de todos \ud83c\udf0a #islantilla #huelva #costadedelaluz\" width=\"563\" height=\"1000\" src=\"https:\/\/www.youtube.com\/embed\/gqWaUGCYqXA?feature=oembed\" frameborder=\"0\" allow=\"accelerometer; autoplay; clipboard-write; encrypted-media; gyroscope; picture-in-picture; web-share\" referrerpolicy=\"strict-origin-when-cross-origin\" allowfullscreen><\/iframe>\n<\/div><\/figure>\n<\/div>\n\n\n\n<div class=\"wp-block-column is-vertically-aligned-center is-layout-flow wp-block-column-is-layout-flow\" style=\"flex-basis:66.66%\">\n<p>Se voc\u00ea est\u00e1 pensando em um tipo diferente de escapada para <strong>Semana Santa em Huelva<\/strong>, Voc\u00ea provavelmente est\u00e1 buscando bom tempo, tranquilidade, natureza e uma praia onde possa realmente se desconectar. E se estivermos falando da <strong>praias da Costa de la Luz<\/strong>, H\u00e1 uma que se destaca especialmente na primavera: <strong>Praia de Islantilla<\/strong>.<\/p>\n\n\n\n<p>Antes da chegada do ver\u00e3o e da intensifica\u00e7\u00e3o do ambiente festivo, a Semana Santa \u00e9 uma das melhores \u00e9pocas do ano para desfrutar do litoral de Huelva. Aqui est\u00e1 tudo o que voc\u00ea precisa saber. <strong>10 raz\u00f5es reais<\/strong> Portanto, visitar a praia de Islantilla nesta \u00e9poca do ano \u00e9 uma excelente decis\u00e3o.<\/p>\n\n\n\n<p>Com <strong>1.400 metros de areia branca e fina banhada pelo Atl\u00e2ntico.<\/strong>, Islantilla \u00e9 uma praia compartilhada pelos munic\u00edpios de Lepe e Isla Cristina e \u00e9 considerada uma das melhores praias de Huelva pelo seu equil\u00edbrio entre natureza, qualidade e servi\u00e7os.<\/p>\n<\/div>\n<\/div>\n\n\n\n<div style=\"height:20px\" aria-hidden=\"true\" class=\"wp-block-spacer\"><\/div>\n\n\n\n<h2 class=\"wp-block-heading\">1\ufe0f\u20e3 Clima perfeito na primavera<\/h2>\n\n\n\n<p>Na primavera, as temperaturas no <strong>Costa de la Luz<\/strong> S\u00e3o macias e agrad\u00e1veis. N\u00e3o est\u00e1 t\u00e3o quente quanto no ver\u00e3o, mas est\u00e1 quente o suficiente para andar de manga curta, sentar \u00e0 beira-mar ou at\u00e9 mesmo dar os primeiros mergulhos no mar, se o tempo estiver bom.<\/p>\n\n\n\n<p>Se voc\u00ea procura sol sem multid\u00f5es, a P\u00e1scoa \u00e9 a \u00e9poca perfeita para descobrir uma das melhores praias de Huelva.<\/p>\n\n\n\n<div style=\"height:20px\" aria-hidden=\"true\" class=\"wp-block-spacer\"><\/div>\n\n\n\n<h2 class=\"wp-block-heading\">2\ufe0f\u20e3 Uma praia ampla e pouco movimentada<\/h2>\n\n\n\n<p>A praia de Islantilla \u00e9 conhecida pelos seus 1.400 metros de largura e pela sua areia fina e dourada pelo sol. Durante a Semana Santa, voc\u00ea pode desfrutar de todo esse espa\u00e7o com muito mais paz e tranquilidade do que na alta temporada.<\/p>\n\n\n\n<p>\u00c9 o equil\u00edbrio perfeito entre ambiente e tranquilidade: h\u00e1 vida, mas sem multid\u00f5es, e voc\u00ea sempre pode encontrar seu pr\u00f3prio espa\u00e7o de frente para o mar.<\/p>\n\n\n\n<figure class=\"wp-block-image size-large\"><img fetchpriority=\"high\" decoding=\"async\" width=\"1024\" height=\"575\" src=\"https:\/\/www.islantilla.es\/wp-content\/uploads\/2023\/08\/foto-playa-Islantilla-1024x575.webp\" alt=\"\" class=\"wp-image-257\" srcset=\"https:\/\/www.islantilla.es\/wp-content\/uploads\/2023\/08\/foto-playa-Islantilla-1024x575.webp 1024w, https:\/\/www.islantilla.es\/wp-content\/uploads\/2023\/08\/foto-playa-Islantilla-300x169.webp 300w, https:\/\/www.islantilla.es\/wp-content\/uploads\/2023\/08\/foto-playa-Islantilla-768x431.webp 768w, https:\/\/www.islantilla.es\/wp-content\/uploads\/2023\/08\/foto-playa-Islantilla-1536x863.webp 1536w, https:\/\/www.islantilla.es\/wp-content\/uploads\/2023\/08\/foto-playa-Islantilla-scaled.webp 1920w\" sizes=\"(max-width: 1024px) 100vw, 1024px\" \/><\/figure>\n\n\n\n<div style=\"height:20px\" aria-hidden=\"true\" class=\"wp-block-spacer\"><\/div>\n\n\n\n<h2 class=\"wp-block-heading\">3\ufe0f\u20e3 Qualidade reconhecida e compromisso com a sustentabilidade<\/h2>\n\n\n\n<p>Ao se falar das melhores praias de Huelva, Islantilla figura constantemente entre as principais escolhas. Ela ostenta distin\u00e7\u00f5es como a de... <strong>Bandeira azul<\/strong>, o <strong>Q de Qualidade Tur\u00edstica<\/strong>, ele <strong>SICTED distintivo<\/strong>, ele <strong>selo<\/strong> <strong>Ecopraias<\/strong>, o <strong>S de Turismo Sustent\u00e1vel<\/strong> e o <strong>Selo da Biosfera<\/strong>, que garantem excel\u00eancia em gest\u00e3o, qualidade da \u00e1gua e compromisso ambiental.<\/p>\n\n\n\n<p>Isso se traduz em uma praia bem cuidada, voltada para proporcionar uma experi\u00eancia segura e respons\u00e1vel.<\/p>\n\n\n\n<figure class=\"wp-block-gallery has-nested-images columns-6 is-cropped wp-block-gallery-1 is-layout-flex wp-block-gallery-is-layout-flex\">\n<figure class=\"wp-block-image size-large\"><img decoding=\"async\" width=\"1024\" height=\"1024\" data-id=\"7667\" src=\"https:\/\/www.islantilla.es\/wp-content\/uploads\/2026\/02\/Q-de-Calidad-Turistica-Islantilla-Huelva_-1024x1024.png\" alt=\"Q de Calidad Turi\u0301stica Islantilla Huelva\" class=\"wp-image-7667\" srcset=\"https:\/\/www.islantilla.es\/wp-content\/uploads\/2026\/02\/Q-de-Calidad-Turistica-Islantilla-Huelva_-1024x1024.png 1024w, https:\/\/www.islantilla.es\/wp-content\/uploads\/2026\/02\/Q-de-Calidad-Turistica-Islantilla-Huelva_-300x300.png 300w, https:\/\/www.islantilla.es\/wp-content\/uploads\/2026\/02\/Q-de-Calidad-Turistica-Islantilla-Huelva_-150x150.png 150w, https:\/\/www.islantilla.es\/wp-content\/uploads\/2026\/02\/Q-de-Calidad-Turistica-Islantilla-Huelva_-768x768.png 768w, https:\/\/www.islantilla.es\/wp-content\/uploads\/2026\/02\/Q-de-Calidad-Turistica-Islantilla-Huelva_-12x12.png 12w, https:\/\/www.islantilla.es\/wp-content\/uploads\/2026\/02\/Q-de-Calidad-Turistica-Islantilla-Huelva_.png 1080w\" sizes=\"(max-width: 1024px) 100vw, 1024px\" \/><\/figure>\n\n\n\n<figure class=\"wp-block-image size-large\"><img decoding=\"async\" width=\"1024\" height=\"1024\" data-id=\"7661\" src=\"https:\/\/www.islantilla.es\/wp-content\/uploads\/2026\/02\/Bandera-Azul-Islantilla-Huelva-1024x1024.png\" alt=\"Bandera Azul Islantilla Huelva\" class=\"wp-image-7661\" srcset=\"https:\/\/www.islantilla.es\/wp-content\/uploads\/2026\/02\/Bandera-Azul-Islantilla-Huelva-1024x1024.png 1024w, https:\/\/www.islantilla.es\/wp-content\/uploads\/2026\/02\/Bandera-Azul-Islantilla-Huelva-300x300.png 300w, https:\/\/www.islantilla.es\/wp-content\/uploads\/2026\/02\/Bandera-Azul-Islantilla-Huelva-150x150.png 150w, https:\/\/www.islantilla.es\/wp-content\/uploads\/2026\/02\/Bandera-Azul-Islantilla-Huelva-768x768.png 768w, https:\/\/www.islantilla.es\/wp-content\/uploads\/2026\/02\/Bandera-Azul-Islantilla-Huelva-12x12.png 12w, https:\/\/www.islantilla.es\/wp-content\/uploads\/2026\/02\/Bandera-Azul-Islantilla-Huelva.png 1080w\" sizes=\"(max-width: 1024px) 100vw, 1024px\" \/><\/figure>\n\n\n\n<figure class=\"wp-block-image size-large\"><img loading=\"lazy\" decoding=\"async\" width=\"1024\" height=\"1024\" data-id=\"7669\" src=\"https:\/\/www.islantilla.es\/wp-content\/uploads\/2026\/02\/Sello-Ecoplayas-Islantilla-Huelva_-1024x1024.png\" alt=\"Sello Ecoplayas Islantilla Huelva\" class=\"wp-image-7669\" srcset=\"https:\/\/www.islantilla.es\/wp-content\/uploads\/2026\/02\/Sello-Ecoplayas-Islantilla-Huelva_-1024x1024.png 1024w, https:\/\/www.islantilla.es\/wp-content\/uploads\/2026\/02\/Sello-Ecoplayas-Islantilla-Huelva_-300x300.png 300w, https:\/\/www.islantilla.es\/wp-content\/uploads\/2026\/02\/Sello-Ecoplayas-Islantilla-Huelva_-150x150.png 150w, https:\/\/www.islantilla.es\/wp-content\/uploads\/2026\/02\/Sello-Ecoplayas-Islantilla-Huelva_-768x768.png 768w, https:\/\/www.islantilla.es\/wp-content\/uploads\/2026\/02\/Sello-Ecoplayas-Islantilla-Huelva_-12x12.png 12w, https:\/\/www.islantilla.es\/wp-content\/uploads\/2026\/02\/Sello-Ecoplayas-Islantilla-Huelva_.png 1080w\" sizes=\"(max-width: 1024px) 100vw, 1024px\" \/><\/figure>\n\n\n\n<figure class=\"wp-block-image size-large\"><img loading=\"lazy\" decoding=\"async\" width=\"1024\" height=\"1024\" data-id=\"7670\" src=\"https:\/\/www.islantilla.es\/wp-content\/uploads\/2026\/02\/SICTED-Islantilla-Huelva_-1024x1024.png\" alt=\"SICTED Islantilla Huelva\" class=\"wp-image-7670\" srcset=\"https:\/\/www.islantilla.es\/wp-content\/uploads\/2026\/02\/SICTED-Islantilla-Huelva_-1024x1024.png 1024w, https:\/\/www.islantilla.es\/wp-content\/uploads\/2026\/02\/SICTED-Islantilla-Huelva_-300x300.png 300w, https:\/\/www.islantilla.es\/wp-content\/uploads\/2026\/02\/SICTED-Islantilla-Huelva_-150x150.png 150w, https:\/\/www.islantilla.es\/wp-content\/uploads\/2026\/02\/SICTED-Islantilla-Huelva_-768x768.png 768w, https:\/\/www.islantilla.es\/wp-content\/uploads\/2026\/02\/SICTED-Islantilla-Huelva_-12x12.png 12w, https:\/\/www.islantilla.es\/wp-content\/uploads\/2026\/02\/SICTED-Islantilla-Huelva_.png 1080w\" sizes=\"(max-width: 1024px) 100vw, 1024px\" \/><\/figure>\n\n\n\n<figure class=\"wp-block-image size-large\"><img loading=\"lazy\" decoding=\"async\" width=\"1024\" height=\"1024\" data-id=\"7663\" src=\"https:\/\/www.islantilla.es\/wp-content\/uploads\/2026\/02\/S-de-Sostenibilidad-Turistica-Islantilla-Huelva-1024x1024.png\" alt=\"S de Sostenibilidad Turi\u0301stica Islantilla Huelva\" class=\"wp-image-7663\" srcset=\"https:\/\/www.islantilla.es\/wp-content\/uploads\/2026\/02\/S-de-Sostenibilidad-Turistica-Islantilla-Huelva-1024x1024.png 1024w, https:\/\/www.islantilla.es\/wp-content\/uploads\/2026\/02\/S-de-Sostenibilidad-Turistica-Islantilla-Huelva-300x300.png 300w, https:\/\/www.islantilla.es\/wp-content\/uploads\/2026\/02\/S-de-Sostenibilidad-Turistica-Islantilla-Huelva-150x150.png 150w, https:\/\/www.islantilla.es\/wp-content\/uploads\/2026\/02\/S-de-Sostenibilidad-Turistica-Islantilla-Huelva-768x768.png 768w, https:\/\/www.islantilla.es\/wp-content\/uploads\/2026\/02\/S-de-Sostenibilidad-Turistica-Islantilla-Huelva-12x12.png 12w, https:\/\/www.islantilla.es\/wp-content\/uploads\/2026\/02\/S-de-Sostenibilidad-Turistica-Islantilla-Huelva.png 1080w\" sizes=\"(max-width: 1024px) 100vw, 1024px\" \/><\/figure>\n\n\n\n<figure class=\"wp-block-image size-large\"><img loading=\"lazy\" decoding=\"async\" width=\"1024\" height=\"1024\" data-id=\"7664\" src=\"https:\/\/www.islantilla.es\/wp-content\/uploads\/2026\/02\/Sello-Biosphere-Islantilla-Huelva-1024x1024.png\" alt=\"Sello Biosphere Islantilla Huelva\" class=\"wp-image-7664\" srcset=\"https:\/\/www.islantilla.es\/wp-content\/uploads\/2026\/02\/Sello-Biosphere-Islantilla-Huelva-1024x1024.png 1024w, https:\/\/www.islantilla.es\/wp-content\/uploads\/2026\/02\/Sello-Biosphere-Islantilla-Huelva-300x300.png 300w, https:\/\/www.islantilla.es\/wp-content\/uploads\/2026\/02\/Sello-Biosphere-Islantilla-Huelva-150x150.png 150w, https:\/\/www.islantilla.es\/wp-content\/uploads\/2026\/02\/Sello-Biosphere-Islantilla-Huelva-768x768.png 768w, https:\/\/www.islantilla.es\/wp-content\/uploads\/2026\/02\/Sello-Biosphere-Islantilla-Huelva-12x12.png 12w, https:\/\/www.islantilla.es\/wp-content\/uploads\/2026\/02\/Sello-Biosphere-Islantilla-Huelva.png 1080w\" sizes=\"(max-width: 1024px) 100vw, 1024px\" \/><\/figure>\n<\/figure>\n\n\n\n<div style=\"height:20px\" aria-hidden=\"true\" class=\"wp-block-spacer\"><\/div>\n\n\n\n<h2 class=\"wp-block-heading\">4\ufe0f\u20e3 Praia ideal para fam\u00edlias e de f\u00e1cil acesso<\/h2>\n\n\n\n<p>Se voc\u00ea estiver viajando com crian\u00e7as ou fam\u00edlia, Islantilla \u00e9 uma op\u00e7\u00e3o muito segura. \u00c9 uma <strong>Praia acess\u00edvel na Andaluzia<\/strong>, com 14 pontos de acesso distribu\u00eddos ao longo da costa (3 deles elevados), passarelas adaptadas e \u00e1reas acess\u00edveis para pessoas com mobilidade reduzida.<\/p>\n\n\n\n<p>Durante a temporada de banho, h\u00e1 servi\u00e7o de salva-vidas dispon\u00edvel, al\u00e9m de banheiros, chuveiros e lava-p\u00e9s, dependendo da \u00e9poca do ano. A ampla faixa litor\u00e2nea e o declive suave permitem que as crian\u00e7as brinquem confortavelmente, sem se sentirem apertadas.<\/p>\n\n\n\n<div style=\"height:20px\" aria-hidden=\"true\" class=\"wp-block-spacer\"><\/div>\n\n\n\n<h2 class=\"wp-block-heading\">5\ufe0f\u20e3 Ambiente natural bem preservado<\/h2>\n\n\n\n<p>Al\u00e9m da areia, <strong>o ambiente natural do destino triplo<\/strong> Islantilla, Isla Cristina e Lepe est\u00e3o entre suas maiores atra\u00e7\u00f5es. Pinhais, dunas e p\u00e2ntanos localizados nos munic\u00edpios vizinhos de Isla Cristina e Lepe fazem da regi\u00e3o muito mais do que apenas sol e areia.<\/p>\n\n\n\n<p>Voc\u00ea pode combinar sua estadia em Islantilla com caminhadas por essas \u00e1reas naturais pr\u00f3ximas ou simplesmente apreciar a paisagem atl\u00e2ntica intocada. Se desejar planejar rotas sinalizadas e acess\u00edveis, <a href=\"https:\/\/www.islantilla.es\/pt\/senderos-rutas\/\" target=\"_blank\" rel=\"noopener\" title=\"\">Consulte a p\u00e1gina de Trilhas e Rotas.<\/a>, onde voc\u00ea encontrar\u00e1 diversas op\u00e7\u00f5es para desfrutar da natureza neste destino triplo.<\/p>\n\n\n\n<div style=\"height:20px\" aria-hidden=\"true\" class=\"wp-block-spacer\"><\/div>\n\n\n\n<h2 class=\"wp-block-heading\">6\ufe0f\u20e3 Cal\u00e7ad\u00e3o \u00e0 beira-mar, esportes e atividades ao ar livre<\/h2>\n\n\n\n<div class=\"wp-block-columns is-layout-flex wp-container-core-columns-is-layout-28f84493 wp-block-columns-is-layout-flex\">\n<div class=\"wp-block-column is-layout-flow wp-block-column-is-layout-flow\" style=\"flex-basis:33.33%\">\n<figure class=\"wp-block-image size-large\"><img loading=\"lazy\" decoding=\"async\" width=\"576\" height=\"1024\" src=\"https:\/\/www.islantilla.es\/wp-content\/uploads\/2026\/02\/Playa-de-Islantilla-Huelva-576x1024.png\" alt=\"Playa de Islantilla, Huelva\" class=\"wp-image-7683\" srcset=\"https:\/\/www.islantilla.es\/wp-content\/uploads\/2026\/02\/Playa-de-Islantilla-Huelva-576x1024.png 576w, https:\/\/www.islantilla.es\/wp-content\/uploads\/2026\/02\/Playa-de-Islantilla-Huelva-169x300.png 169w, https:\/\/www.islantilla.es\/wp-content\/uploads\/2026\/02\/Playa-de-Islantilla-Huelva-768x1365.png 768w, https:\/\/www.islantilla.es\/wp-content\/uploads\/2026\/02\/Playa-de-Islantilla-Huelva-864x1536.png 864w, https:\/\/www.islantilla.es\/wp-content\/uploads\/2026\/02\/Playa-de-Islantilla-Huelva-7x12.png 7w, https:\/\/www.islantilla.es\/wp-content\/uploads\/2026\/02\/Playa-de-Islantilla-Huelva.png 1080w\" sizes=\"(max-width: 576px) 100vw, 576px\" \/><\/figure>\n<\/div>\n\n\n\n<div class=\"wp-block-column is-vertically-aligned-center is-layout-flow wp-block-column-is-layout-flow\" style=\"flex-basis:66.66%\">\n<p>Ele <strong>Cal\u00e7ad\u00e3o \u00e0 beira-mar de Islantilla<\/strong> Ela se estende por toda a praia e \u00e9 perfeita para caminhar \u00e0 beira-mar, sentar em um terra\u00e7o ou simplesmente absorver a atmosfera costeira. Voc\u00ea pode passear sem pressa, parar para admirar o Atl\u00e2ntico, ouvir o som das ondas e sentir a brisa do mar enquanto o ambiente ao redor ganha vida gradualmente.<\/p>\n\n\n\n<p>\u00c9 um lugar confort\u00e1vel, espa\u00e7oso e agrad\u00e1vel, perfeito para um passeio tranquilo ao amanhecer ou um passeio ao entardecer. Seu terreno plano tamb\u00e9m o torna acess\u00edvel a todos, ideal para quem viaja em fam\u00edlia ou simplesmente deseja desfrutar de uma caminhada relaxante com vista panor\u00e2mica para o mar.<\/p>\n\n\n\n<p>Na primavera, tamb\u00e9m \u00e9 ideal para correr, andar de bicicleta ou desfrutar de outras atividades ao ar livre, com temperaturas amenas e uma luz espetacular. \u00c9 o complemento perfeito para um dia de sol e mar, combinando esporte, lazer e belas paisagens em um s\u00f3 lugar.<\/p>\n<\/div>\n<\/div>\n\n\n\n<div style=\"height:20px\" aria-hidden=\"true\" class=\"wp-block-spacer\"><\/div>\n\n\n\n<h2 class=\"wp-block-heading\">7\ufe0f\u20e3 Proximidade de Portugal e de outras praias da Costa de la Luz<\/h2>\n\n\n\n<p>De Islantilla, voc\u00ea pode organizar excurs\u00f5es curtas para outras praias de Huelva ou at\u00e9 mesmo atravessar para Portugal e descobrir o Algarve.<\/p>\n\n\n\n<p>Isso torna a sua escapadela mais flex\u00edvel e variada, sem a necessidade de longas viagens.<\/p>\n\n\n\n<div style=\"height:20px\" aria-hidden=\"true\" class=\"wp-block-spacer\"><\/div>\n\n\n\n<h2 class=\"wp-block-heading\">8\ufe0f\u20e3 P\u00f4r do sol espetacular<\/h2>\n\n\n\n<p>Na primavera, as cores s\u00e3o especialmente intensas e o ambiente mais descontra\u00eddo do que no auge do ver\u00e3o.<\/p>\n\n\n\n<p>Se voc\u00ea quiser saber exatamente onde ver os melhores pores do sol em Islantilla, pode consultar <a href=\"https:\/\/www.islantilla.es\/pt\/puestas-de-sol\/\" target=\"_blank\" rel=\"noopener\" title=\"\">https:\/\/www.islantilla.es\/puestas-de-sol<\/a>, onde voc\u00ea encontrar\u00e1 duas op\u00e7\u00f5es de locais especialmente recomendados para apreciar o p\u00f4r do sol.<\/p>\n\n\n\n<p>Al\u00e9m disso, muito perto de Islantilla, em <strong>Isla Cristina<\/strong>, voc\u00ea pode explorar o <strong>Rota do P\u00f4r do Sol<\/strong>, Um percurso linear de aproximadamente 1,7 km, de baixa dificuldade, ideal para um passeio tranquilo enquanto se aprecia a vista para o mar, pores do sol \u00fanicos e a cultura tradicional da pesca. Um plano simples que nunca falha.<\/p>\n\n\n\n<div style=\"height:20px\" aria-hidden=\"true\" class=\"wp-block-spacer\"><\/div>\n\n\n\n<h2 class=\"wp-block-heading\">9\ufe0f\u20e3 F\u00e1cil acesso e boa conex\u00e3o<\/h2>\n\n\n\n<p><strong>A praia de Islantilla est\u00e1 localizada entre Lepe e Isla Cristina.<\/strong>, na prov\u00edncia de Huelva. Fica a cerca de 40 minutos da cidade de Huelva, um pouco mais de uma hora de Sevilha e muito perto da fronteira com Portugal.<\/p>\n\n\n\n<p>Se voc\u00ea procura uma praia perto da cidade de Huelva que seja bem conectada e conveniente para uma escapadela r\u00e1pida, esta \u00e9 uma op\u00e7\u00e3o muito pr\u00e1tica.<\/p>\n\n\n\n<div style=\"height:20px\" aria-hidden=\"true\" class=\"wp-block-spacer\"><\/div>\n\n\n\n<h2 class=\"wp-block-heading\">\ud83d\udd1f A experi\u00eancia de se desconectar antes do ver\u00e3o<\/h2>\n\n\n\n<p>Talvez a raz\u00e3o mais importante: a semana da P\u00e1scoa permite desfrutar da praia com calma, sem pressa e com menos gente do que no auge do ver\u00e3o.<\/p>\n\n\n\n<p>\u00c9 o momento perfeito para se reconectar, caminhar descal\u00e7o pela praia e apreciar o mar de uma perspectiva diferente.<\/p>\n\n\n\n<figure class=\"wp-block-image size-large\"><img loading=\"lazy\" decoding=\"async\" width=\"2560\" height=\"1440\" src=\"https:\/\/www.islantilla.es\/wp-content\/uploads\/2026\/02\/PLAYA-ISLANTILLA-333-edited-scaled.jpg\" alt=\"PLAYA ISLANTILLA\" class=\"wp-image-7758\" srcset=\"https:\/\/www.islantilla.es\/wp-content\/uploads\/2026\/02\/PLAYA-ISLANTILLA-333-edited-scaled.jpg 2560w, https:\/\/www.islantilla.es\/wp-content\/uploads\/2026\/02\/PLAYA-ISLANTILLA-333-edited-300x169.jpg 300w, https:\/\/www.islantilla.es\/wp-content\/uploads\/2026\/02\/PLAYA-ISLANTILLA-333-edited-1024x576.jpg 1024w, https:\/\/www.islantilla.es\/wp-content\/uploads\/2026\/02\/PLAYA-ISLANTILLA-333-edited-768x432.jpg 768w, https:\/\/www.islantilla.es\/wp-content\/uploads\/2026\/02\/PLAYA-ISLANTILLA-333-edited-1536x864.jpg 1536w, https:\/\/www.islantilla.es\/wp-content\/uploads\/2026\/02\/PLAYA-ISLANTILLA-333-edited-2048x1152.jpg 2048w, https:\/\/www.islantilla.es\/wp-content\/uploads\/2026\/02\/PLAYA-ISLANTILLA-333-edited-18x10.jpg 18w\" sizes=\"(max-width: 2560px) 100vw, 2560px\" \/><\/figure>\n\n\n\n<div style=\"height:20px\" aria-hidden=\"true\" class=\"wp-block-spacer\"><\/div>\n\n\n\n<h2 class=\"wp-block-heading\">Uma das praias mais completas da Costa de la Luz.<\/h2>\n\n\n\n<p>Se voc\u00ea estiver comparando op\u00e7\u00f5es dentro de <strong>uma das melhores praias da Costa de la Luz em Huelva<\/strong>, A praia de Islantilla re\u00fane muitos fatores importantes: espa\u00e7o amplo, servi\u00e7os, ambiente natural, acessibilidade e boa localiza\u00e7\u00e3o.<\/p>\n\n\n\n<p>Se voc\u00ea est\u00e1 procurando um plano diferente para a P\u00e1scoa deste ano, talvez a resposta esteja na costa atl\u00e2ntica.<\/p>\n\n\n\n<p>Planeje sua escapada e venha descobrir por que Islantilla \u00e9 uma das praias mais bem avaliadas do litoral de Huelva.<\/p>\n\n\n\n<div style=\"height:20px\" aria-hidden=\"true\" class=\"wp-block-spacer\"><\/div>","protected":false},"excerpt":{"rendered":"<p>Si est\u00e1s pensando en una escapada diferente para Semana Santa en Huelva, seguramente est\u00e9s buscando buen clima, tranquilidad, naturaleza y una playa donde realmente desconectar. Y si hablamos de las playas de la Costa de la Luz, hay una que destaca especialmente en primavera: la playa de Islantilla. Antes de que llegue el verano y [&hellip;]<\/p>\n","protected":false},"author":12,"featured_media":7758,"comment_status":"open","ping_status":"open","sticky":false,"template":"","format":"standard","meta":{"slim_seo":{"title":"10 motivos para visitar la playa de Islantilla en Semana Santa | Costa de la Luz","description":"Descubre por qu\u00e9 la playa de Islantilla es una de las mejores playas de la Costa de la Luz para disfrutar en Semana Santa. Clima, tranquilidad y entorno natural en Huelva."},"footnotes":""},"categories":[31,29],"tags":[],"class_list":["post-7756","post","type-post","status-publish","format-standard","has-post-thumbnail","hentry","category-playas","category-turismo-azul"],"_links":{"self":[{"href":"https:\/\/www.islantilla.es\/pt\/wp-json\/wp\/v2\/posts\/7756","targetHints":{"allow":["GET"]}}],"collection":[{"href":"https:\/\/www.islantilla.es\/pt\/wp-json\/wp\/v2\/posts"}],"about":[{"href":"https:\/\/www.islantilla.es\/pt\/wp-json\/wp\/v2\/types\/post"}],"author":[{"embeddable":true,"href":"https:\/\/www.islantilla.es\/pt\/wp-json\/wp\/v2\/users\/12"}],"replies":[{"embeddable":true,"href":"https:\/\/www.islantilla.es\/pt\/wp-json\/wp\/v2\/comments?post=7756"}],"version-history":[{"count":1,"href":"https:\/\/www.islantilla.es\/pt\/wp-json\/wp\/v2\/posts\/7756\/revisions"}],"predecessor-version":[{"id":7759,"href":"https:\/\/www.islantilla.es\/pt\/wp-json\/wp\/v2\/posts\/7756\/revisions\/7759"}],"wp:featuredmedia":[{"embeddable":true,"href":"https:\/\/www.islantilla.es\/pt\/wp-json\/wp\/v2\/media\/7758"}],"wp:attachment":[{"href":"https:\/\/www.islantilla.es\/pt\/wp-json\/wp\/v2\/media?parent=7756"}],"wp:term":[{"taxonomy":"category","embeddable":true,"href":"https:\/\/www.islantilla.es\/pt\/wp-json\/wp\/v2\/categories?post=7756"},{"taxonomy":"post_tag","embeddable":true,"href":"https:\/\/www.islantilla.es\/pt\/wp-json\/wp\/v2\/tags?post=7756"}],"curies":[{"name":"wp","href":"https:\/\/api.w.org\/{rel}","templated":true}]}}