{"id":7418,"date":"2026-01-05T17:01:16","date_gmt":"2026-01-05T16:01:16","guid":{"rendered":"https:\/\/www.islantilla.es\/?p=7418"},"modified":"2026-01-09T12:54:10","modified_gmt":"2026-01-09T11:54:10","slug":"planes-familiares-en-huelva","status":"publish","type":"post","link":"https:\/\/www.islantilla.es\/pt\/planes-familiares-en-huelva\/","title":{"rendered":"Programas para fam\u00edlias em Huelva: natureza e experi\u00eancias para desfrutar com crian\u00e7as em Islantilla."},"content":{"rendered":"<p>Se voc\u00ea est\u00e1 procurando <strong>planos familiares em Huelva<\/strong> que combinam a natureza, o ar livre e experi\u00eancias que podem ser verdadeiramente desfrutadas em conjunto, <strong>Islantilla<\/strong> \u00c9 um ponto de partida ideal. Aqui, n\u00e3o h\u00e1 necessidade de correr de um lugar para o outro ou preencher sua agenda com atividades: tudo est\u00e1 perto, acess\u00edvel e projetado para que adultos e crian\u00e7as possam compartilhar momentos de qualidade em um ambiente seguro e natural.<\/p>\n\n\n\n<p>Isto \u00e9 um <strong>Destino perfeito para quem viaja com crian\u00e7as.<\/strong>, Se voc\u00ea busca se desconectar da rotina di\u00e1ria ou procura maneiras simples de se conectar com a natureza, encontrar\u00e1 abaixo ideias pr\u00e1ticas e f\u00e1ceis para aproveitar o ar livre e criar experi\u00eancias memor\u00e1veis em fam\u00edlia em Islantilla e ao longo da Costa de la Luz.<\/p>\n\n\n\n<figure class=\"wp-block-image size-large\"><img fetchpriority=\"high\" decoding=\"async\" width=\"1024\" height=\"683\" src=\"https:\/\/www.islantilla.es\/wp-content\/uploads\/2024\/04\/camaleon2-1024x683.webp\" alt=\"Auditorio del Parque El Camale\u00f3n de Islantilla en Huelva durante un concierto nocturno al aire libre.\" class=\"wp-image-2149\" srcset=\"https:\/\/www.islantilla.es\/wp-content\/uploads\/2024\/04\/camaleon2-1024x683.webp 1024w, https:\/\/www.islantilla.es\/wp-content\/uploads\/2024\/04\/camaleon2-300x200.webp 300w, https:\/\/www.islantilla.es\/wp-content\/uploads\/2024\/04\/camaleon2-768x512.webp 768w, https:\/\/www.islantilla.es\/wp-content\/uploads\/2024\/04\/camaleon2-1536x1024.webp 1536w, https:\/\/www.islantilla.es\/wp-content\/uploads\/2024\/04\/camaleon2-scaled.webp 1920w, https:\/\/www.islantilla.es\/wp-content\/uploads\/2024\/04\/camaleon2-600x400.webp 600w\" sizes=\"(max-width: 1024px) 100vw, 1024px\" \/><\/figure>\n\n\n\n<div style=\"height:20px\" aria-hidden=\"true\" class=\"wp-block-spacer\"><\/div>\n\n\n\n<h2 class=\"wp-block-heading\">A natureza ao alcance de todos<\/h2>\n\n\n\n<p>Uma das maiores vantagens de Islantilla \u00e9 que a natureza faz parte integrante do dia a dia. N\u00e3o \u00e9 preciso ir longe para desfrutar do ar livre: pinhais, trilhas, \u00e1reas verdes e espa\u00e7os protegidos fazem parte do pr\u00f3prio destino.<\/p>\n\n\n\n<p>Aqui voc\u00ea pode passear \u00e0 vontade, observar p\u00e1ssaros, caminhar na areia ou simplesmente sentar e respirar enquanto as crian\u00e7as brincam. \u00c9 um cen\u00e1rio ideal para apresentar \u00e0s crian\u00e7as pequenas o respeito pela natureza e desfrutar de atividades simples, por\u00e9m enriquecedoras.<\/p>\n\n\n\n<div style=\"height:20px\" aria-hidden=\"true\" class=\"wp-block-spacer\"><\/div>\n\n\n\n<h2 class=\"wp-block-heading\">Parque El Camale\u00f3n: um programa perfeito para fam\u00edlias com crian\u00e7as.<\/h2>\n\n\n\n<p>Ele <strong><a href=\"https:\/\/www.islantilla.es\/pt\/parque-el-camaleon\/\" title=\"\">Parque El Camale\u00f3n<\/a> <\/strong>\u00c9 um daqueles lugares que sempre funciona quando voc\u00ea viaja com a fam\u00edlia. \u00c9 um espa\u00e7o amplo, bem conservado e muito vers\u00e1til, onde voc\u00ea pode passar de uma hora at\u00e9 a manh\u00e3 inteira.<\/p>\n\n\n\n<p>Tem um <strong>trilha esportiva<\/strong>, um <strong>\u00e1rea infantil<\/strong>, \u00c1reas para exerc\u00edcios, espa\u00e7os sombreados e o mirante. <strong>Varanda das Estrelas<\/strong>, Daqui voc\u00ea pode desfrutar de vistas panor\u00e2micas e momentos de tranquilidade. Al\u00e9m disso, atividades s\u00e3o organizadas durante a temporada de ver\u00e3o, e voc\u00ea pode aproveitar a tirolesa que atravessa o parque.<\/p>\n\n\n\n<p>\u00c9 o lugar perfeito para as crian\u00e7as se movimentarem livremente enquanto voc\u00ea aproveita o ambiente.<\/p>\n\n\n\n<div style=\"height:20px\" aria-hidden=\"true\" class=\"wp-block-spacer\"><\/div>\n\n\n\n<h2 class=\"wp-block-heading\">Trilhas f\u00e1ceis para fazer em fam\u00edlia<\/h2>\n\n\n\n<p>Caminhar em grupo \u00e9 uma das melhores maneiras de descobrir um destino. Em Islantilla e arredores, voc\u00ea encontrar\u00e1 <strong>trilhas f\u00e1ceis<\/strong>, Bem sinalizado e adequado para atividades com crian\u00e7as.<\/p>\n\n\n\n<p>Algumas op\u00e7\u00f5es altamente recomendadas s\u00e3o:<\/p>\n\n\n\n<ul class=\"wp-block-list\">\n<li><strong><a href=\"https:\/\/www.islantilla.es\/pt\/sendero-deportivo-parque-el-camaleon\/\" title=\"\">Trilha Desportiva Parque El Camale\u00f3n (Islantilla)<\/a><\/strong>Um percurso f\u00e1cil dentro do pr\u00f3prio destino, perfeito para um passeio em fam\u00edlia ou para fazer exerc\u00edcio ao ar livre. <\/li>\n\n\n\n<li><a href=\"https:\/\/www.islantilla.es\/pt\/sendero-avenida-rio-frio\/\" title=\"\"><strong>Trilha Avenida Rio Fr\u00edo (Islantilla)<\/strong><\/a>Um passeio urbano ajardinado, confort\u00e1vel e de f\u00e1cil acesso, ideal para passear com crian\u00e7as a qualquer hora do dia.<\/li>\n\n\n\n<li><strong>Rota do P\u00f4r do Sol (Ilha Cristina)<\/strong>Um passeio muito especial para desfrutar dos arredores da Ilha Cristina e de alguns dos mais belos pores do sol da costa de Huelva.<\/li>\n<\/ul>\n\n\n\n<div style=\"height:20px\" aria-hidden=\"true\" class=\"wp-block-spacer\"><\/div>\n\n\n\n<p>Al\u00e9m disso, se voc\u00ea busca uma op\u00e7\u00e3o ainda mais simples para come\u00e7ar, recomendamos <a href=\"https:\/\/www.islantilla.es\/pt\/tu-primera-ruta-por-islantilla\/\" title=\"\"><strong>Seu primeiro trajeto por Islantilla<\/strong><\/a>, um <strong>Rota de bicicleta f\u00e1cil para fazer em fam\u00edlia.<\/strong>, Ideal para a primeira experi\u00eancia dos mais pequenos em duas rodas. \u00c9 um percurso confort\u00e1vel e seguro, concebido para permitir que desfrute da paisagem num ritmo tranquilo.<\/p>\n\n\n\n<figure class=\"wp-block-image size-large\"><img decoding=\"async\" width=\"1024\" height=\"576\" src=\"https:\/\/www.islantilla.es\/wp-content\/uploads\/2025\/11\/Sendero-Avenida-Rio-Frio_Islantilla-edited-1024x576.webp\" alt=\"Avenida R\u00edo Fr\u00edo de Islantilla con su sendero peatonal.\" class=\"wp-image-6369\" srcset=\"https:\/\/www.islantilla.es\/wp-content\/uploads\/2025\/11\/Sendero-Avenida-Rio-Frio_Islantilla-edited-1024x576.webp 1024w, https:\/\/www.islantilla.es\/wp-content\/uploads\/2025\/11\/Sendero-Avenida-Rio-Frio_Islantilla-edited-300x169.webp 300w, https:\/\/www.islantilla.es\/wp-content\/uploads\/2025\/11\/Sendero-Avenida-Rio-Frio_Islantilla-edited-768x432.webp 768w, https:\/\/www.islantilla.es\/wp-content\/uploads\/2025\/11\/Sendero-Avenida-Rio-Frio_Islantilla-edited-18x10.webp 18w, https:\/\/www.islantilla.es\/wp-content\/uploads\/2025\/11\/Sendero-Avenida-Rio-Frio_Islantilla-edited.webp 1080w\" sizes=\"(max-width: 1024px) 100vw, 1024px\" \/><\/figure>\n\n\n\n<div style=\"height:20px\" aria-hidden=\"true\" class=\"wp-block-spacer\"><\/div>\n\n\n\n<h2 class=\"wp-block-heading\">Experi\u00eancias que criam conex\u00e3o com o meio ambiente.<\/h2>\n\n\n\n<p>Al\u00e9m de caminhadas e trilhas, na regi\u00e3o voc\u00ea encontrar\u00e1 <strong>Experi\u00eancias concebidas para desfrutar do ambiente natural de forma respons\u00e1vel.<\/strong>, muitas delas impulsionadas por empresas comprometidas com o territ\u00f3rio e a sustentabilidade.<\/p>\n\n\n\n<p>Em La Redondela, o <strong>Cervejaria Ruben <\/strong>\u00c9 um bom exemplo de um espa\u00e7o ligado \u00e0 paisagem e \u00e0 vida local, um lugar para parar, observar os arredores e desfrutar da atmosfera sem pressa, muito em sintonia com a filosofia do destino.<\/p>\n\n\n\n<p>O <strong>Salinas do Alem\u00e3o<\/strong> Elas permitem conhecer de perto uma paisagem tradicional ligada ao sal e \u00e0 biodiversidade, uma experi\u00eancia educativa e muito interessante para fazer com crian\u00e7as.<\/p>\n\n\n\n<div class=\"wp-block-columns is-layout-flex wp-container-core-columns-is-layout-28f84493 wp-block-columns-is-layout-flex\">\n<div class=\"wp-block-column is-layout-flow wp-block-column-is-layout-flow\" style=\"flex-basis:33.33%\">\n<figure class=\"wp-block-embed is-type-video is-provider-youtube wp-block-embed-youtube wp-embed-aspect-9-16 wp-has-aspect-ratio\"><div class=\"wp-block-embed__wrapper\">\n<iframe title=\"Galopando ao longo da costa #islantilla #huelva #costadedelaluz\" width=\"563\" height=\"1000\" src=\"https:\/\/www.youtube.com\/embed\/iLbMYCf6dWk?feature=oembed\" frameborder=\"0\" allow=\"accelerometer; autoplay; clipboard-write; encrypted-media; gyroscope; picture-in-picture; web-share\" referrerpolicy=\"strict-origin-when-cross-origin\" allowfullscreen><\/iframe>\n<\/div><\/figure>\n<\/div>\n\n\n\n<div class=\"wp-block-column is-layout-flow wp-block-column-is-layout-flow\" style=\"flex-basis:66.66%\">\n<p>Se voc\u00ea est\u00e1 procurando uma atividade diferente, o <strong>Escola de Equita\u00e7\u00e3o Antonio Real <\/strong>Oferece a possibilidade de se aproximar do mundo dos cavalos em um ambiente natural, ideal para que os mais pequenos tenham o seu primeiro contacto com este animal.<\/p>\n\n\n\n<p>Por sua vez, <strong>Waingunga<\/strong> Eles oferecem experi\u00eancias pensadas para fam\u00edlias que desejam se desconectar da rotina di\u00e1ria e se reconectar umas com as outras. Proporcionam atividades seguras e divertidas, adaptadas a cada esta\u00e7\u00e3o do ano.<\/p>\n\n\n\n<p>Todas essas iniciativas compartilham uma forma de entender o turismo baseada no respeito ao meio ambiente e em experi\u00eancias aut\u00eanticas.<\/p>\n<\/div>\n<\/div>\n\n\n\n<div style=\"height:20px\" aria-hidden=\"true\" class=\"wp-block-spacer\"><\/div>\n\n\n\n<h2 class=\"wp-block-heading\">Passeios de barco guiados: o mar sob outra perspectiva.<\/h2>\n\n\n\n<p>O mar tamb\u00e9m faz parte dos planos da fam\u00edlia. <strong>Passeios de barco guiados ao redor da Ilha Cristina<\/strong> S\u00e3o uma forma muito especial de conhecer o litoral, os p\u00e2ntanos e a vida ligada ao mar.<\/p>\n\n\n\n<p>S\u00e3o excurs\u00f5es tranquilas, educativas e muito atraentes para crian\u00e7as, que podem descobrir o ambiente a partir da \u00e1gua e aprender sobre a vida selvagem, a pesca e as paisagens costeiras.<\/p>\n\n\n\n<div style=\"height:20px\" aria-hidden=\"true\" class=\"wp-block-spacer\"><\/div>\n\n\n\n<h2 class=\"wp-block-heading\">Um destino confort\u00e1vel para viagens em fam\u00edlia.<\/h2>\n\n\n\n<p>Islantilla \u00e9 um destino projetado para momentos de lazer sem estresse. As dist\u00e2ncias s\u00e3o curtas, os espa\u00e7os s\u00e3o bem cuidados e h\u00e1 op\u00e7\u00f5es para todas as idades. \u00c9 ideal para f\u00e9rias prolongadas, uma escapadela de fim de semana ou ocasi\u00f5es especiais como a P\u00e1scoa.<\/p>\n\n\n\n<p>Se voc\u00ea est\u00e1 procurando por <strong>F\u00e9rias em fam\u00edlia na Costa de la Luz<\/strong>, Com planos simples, natureza e experi\u00eancias que se somam, aqui voc\u00ea encontrar\u00e1 o equil\u00edbrio perfeito.<\/p>\n\n\n\n<p><\/p>","protected":false},"excerpt":{"rendered":"<p>Si est\u00e1s buscando planes familiares en Huelva que combinen naturaleza, aire libre y experiencias que realmente se disfruten juntos, Islantilla es un punto de partida ideal. Aqu\u00ed no hace falta correr de un sitio a otro ni llenar la agenda de actividades: todo est\u00e1 cerca, es accesible y est\u00e1 pensado para que grandes y peque\u00f1os [&hellip;]<\/p>\n","protected":false},"author":12,"featured_media":2149,"comment_status":"open","ping_status":"open","sticky":false,"template":"","format":"standard","meta":{"slim_seo":{"title":"Planes familiares en Huelva | Blog de Islantilla","description":"Descubre planes familiares en Huelva: naturaleza, senderos f\u00e1ciles, experiencias sostenibles y actividades para disfrutar en familia desde Islantilla y la Costa de la Luz."},"footnotes":""},"categories":[34,36],"tags":[],"class_list":["post-7418","post","type-post","status-publish","format-standard","has-post-thumbnail","hentry","category-entorno","category-imprescindibles"],"_links":{"self":[{"href":"https:\/\/www.islantilla.es\/pt\/wp-json\/wp\/v2\/posts\/7418","targetHints":{"allow":["GET"]}}],"collection":[{"href":"https:\/\/www.islantilla.es\/pt\/wp-json\/wp\/v2\/posts"}],"about":[{"href":"https:\/\/www.islantilla.es\/pt\/wp-json\/wp\/v2\/types\/post"}],"author":[{"embeddable":true,"href":"https:\/\/www.islantilla.es\/pt\/wp-json\/wp\/v2\/users\/12"}],"replies":[{"embeddable":true,"href":"https:\/\/www.islantilla.es\/pt\/wp-json\/wp\/v2\/comments?post=7418"}],"version-history":[{"count":2,"href":"https:\/\/www.islantilla.es\/pt\/wp-json\/wp\/v2\/posts\/7418\/revisions"}],"predecessor-version":[{"id":7420,"href":"https:\/\/www.islantilla.es\/pt\/wp-json\/wp\/v2\/posts\/7418\/revisions\/7420"}],"wp:featuredmedia":[{"embeddable":true,"href":"https:\/\/www.islantilla.es\/pt\/wp-json\/wp\/v2\/media\/2149"}],"wp:attachment":[{"href":"https:\/\/www.islantilla.es\/pt\/wp-json\/wp\/v2\/media?parent=7418"}],"wp:term":[{"taxonomy":"category","embeddable":true,"href":"https:\/\/www.islantilla.es\/pt\/wp-json\/wp\/v2\/categories?post=7418"},{"taxonomy":"post_tag","embeddable":true,"href":"https:\/\/www.islantilla.es\/pt\/wp-json\/wp\/v2\/tags?post=7418"}],"curies":[{"name":"wp","href":"https:\/\/api.w.org\/{rel}","templated":true}]}}