{"id":7115,"date":"2025-12-01T12:26:26","date_gmt":"2025-12-01T11:26:26","guid":{"rendered":"https:\/\/www.islantilla.es\/?p=7115"},"modified":"2026-01-09T12:58:26","modified_gmt":"2026-01-09T11:58:26","slug":"parque-el-camaleon-el-corazon-verde-de-islantilla","status":"publish","type":"post","link":"https:\/\/www.islantilla.es\/pt\/parque-el-camaleon-el-corazon-verde-de-islantilla\/","title":{"rendered":"Parque El Camale\u00f3n: o cora\u00e7\u00e3o verde de Islantilla"},"content":{"rendered":"<p>Se voc\u00ea procura um lugar para se desconectar, respirar ar puro e desfrutar da natureza sem complica\u00e7\u00f5es, o <a href=\"https:\/\/www.islantilla.es\/pt\/parque-el-camaleon\/\" title=\"\"><strong>Parque El Camale\u00f3n<\/strong><\/a> Vai se tornar um dos seus lugares favoritos em Islantilla. \u00c9 aquele lugar para onde voc\u00ea sempre volta porque oferece algo diferente: um novo caminho para explorar, um momento de tranquilidade, uma paisagem que se transforma com a luz do dia. E o melhor de tudo \u00e9 que foi pensado para voc\u00ea, seja para passear, praticar esportes, curtir momentos em fam\u00edlia ou simplesmente relaxar.<\/p>\n\n\n\n<p>Antes de lhe mostrarmos os seus recantos mais especiais, temos uma pergunta para si: est\u00e1 pronto para descobrir um dos espa\u00e7os naturais mais aut\u00eanticos da Costa de la Luz? Vamos l\u00e1.<\/p>\n\n\n\n<figure class=\"wp-block-image size-large\"><img fetchpriority=\"high\" decoding=\"async\" width=\"1920\" height=\"1080\" src=\"https:\/\/www.islantilla.es\/wp-content\/uploads\/2025\/11\/IMG_2497-edited-scaled.webp\" alt=\"Entrada principal del Parque El Camale\u00f3n en Islantilla, Huelva.\" class=\"wp-image-7118\" srcset=\"https:\/\/www.islantilla.es\/wp-content\/uploads\/2025\/11\/IMG_2497-edited-scaled.webp 1920w, https:\/\/www.islantilla.es\/wp-content\/uploads\/2025\/11\/IMG_2497-edited-300x169.webp 300w, https:\/\/www.islantilla.es\/wp-content\/uploads\/2025\/11\/IMG_2497-edited-1024x576.webp 1024w, https:\/\/www.islantilla.es\/wp-content\/uploads\/2025\/11\/IMG_2497-edited-768x432.webp 768w, https:\/\/www.islantilla.es\/wp-content\/uploads\/2025\/11\/IMG_2497-edited-1536x864.webp 1536w, https:\/\/www.islantilla.es\/wp-content\/uploads\/2025\/11\/IMG_2497-edited-18x10.webp 18w\" sizes=\"(max-width: 1920px) 100vw, 1920px\" \/><\/figure>\n\n\n\n<div style=\"height:20px\" aria-hidden=\"true\" class=\"wp-block-spacer\"><\/div>\n\n\n\n<h2 class=\"wp-block-heading\">O que \u00e9 o Parque El Camale\u00f3n?<\/h2>\n\n\n\n<p>Ele <strong>O Parque El Camale\u00f3n \u00e9 o verdadeiro cora\u00e7\u00e3o verde de Islantilla<\/strong>, um espa\u00e7o natural de cerca de <strong>90.000 metros quadrados<\/strong> Localizado ao norte do campo de golfe, foi projetado para respeitar e valorizar a paisagem local, integrando comodidades que permitem desfrut\u00e1-la de in\u00fameras maneiras.<\/p>\n\n\n\n<p>Aqui voc\u00ea n\u00e3o vem apenas para passear: voc\u00ea tamb\u00e9m pode aprender, brincar, se exercitar, assistir a apresenta\u00e7\u00f5es ao ar livre, observar a vida selvagem local ou se maravilhar com as vistas. \u00c9 um parque vibrante, projetado para moradores e visitantes que desejam se conectar com a natureza sem abrir m\u00e3o de atividades recreativas, educacionais, esportivas, culturais e de lazer ativo.<\/p>\n\n\n\n<p>O Parque El Camale\u00f3n \u00e9 muito mais do que uma \u00e1rea verde: \u00e9 um espa\u00e7o natural projetado para que voc\u00ea se movimente, explore e desfrute no seu pr\u00f3prio ritmo.<\/p>\n\n\n\n<p>Aqui voc\u00ea encontrar\u00e1 pinhais, vegeta\u00e7\u00e3o nativa, mirantes, trilhas, \u00e1reas esportivas, parquinhos infantis e espa\u00e7os projetados para conect\u00e1-lo com a natureza sem sair do centro de Islantilla. \u00c9 um parque vibrante, em constante transforma\u00e7\u00e3o, repleto de biodiversidade e perfeito para quem gosta de descobrir os detalhes sutis do ambiente ao seu redor.<\/p>\n\n\n\n<div style=\"height:20px\" aria-hidden=\"true\" class=\"wp-block-spacer\"><\/div>\n\n\n\n<h2 class=\"wp-block-heading\">Um espa\u00e7o para desfrutar com a fam\u00edlia.<\/h2>\n\n\n\n<p>Dentro do parque voc\u00ea encontrar\u00e1 <strong>\u00e1reas de recrea\u00e7\u00e3o infantil<\/strong>, Tendas t\u00edpicas, \u00e1reas de piquenique e amplos espa\u00e7os onde as crian\u00e7as podem brincar e descobrir a natureza ao seu pr\u00f3prio ritmo. \u00c9 um ambiente seguro e confort\u00e1vel, perfeito para passeios em fam\u00edlia em qualquer \u00e9poca do ano.<\/p>\n\n\n\n<p>Durante o ver\u00e3o, o parque ganha ainda mais vida gra\u00e7as ao <strong>sala de aula ambiental<\/strong>, onde s\u00e3o organizadas oficinas educativas para crian\u00e7as, e para <strong>gastrobar<\/strong>, que oferece op\u00e7\u00f5es gastron\u00f4micas e pequenos eventos culturais no final da tarde.<\/p>\n\n\n\n<p>Se voc\u00ea vier com crian\u00e7as, este parque facilita tudo. \u00c9 um lugar seguro e espa\u00e7oso, cheio de cantinhos convidativos para brincar, explorar e se movimentar. A \u00e1rea infantil oferece estruturas projetadas para diferentes faixas et\u00e1rias. Al\u00e9m disso, \u00e9 um espa\u00e7o acess\u00edvel e confort\u00e1vel, perfeito para um passeio em fam\u00edlia em qualquer \u00e9poca do ano.<\/p>\n\n\n\n<figure class=\"wp-block-image size-large\"><img decoding=\"async\" width=\"1024\" height=\"576\" src=\"https:\/\/www.islantilla.es\/wp-content\/uploads\/2025\/11\/Zona-infantil-Parque-El-Camaleon-Islantilla-1024x576.webp\" alt=\"Zona infantil Parque El Camaleo\u0301n Islantilla\" class=\"wp-image-7124\" srcset=\"https:\/\/www.islantilla.es\/wp-content\/uploads\/2025\/11\/Zona-infantil-Parque-El-Camaleon-Islantilla-1024x576.webp 1024w, https:\/\/www.islantilla.es\/wp-content\/uploads\/2025\/11\/Zona-infantil-Parque-El-Camaleon-Islantilla-300x169.webp 300w, https:\/\/www.islantilla.es\/wp-content\/uploads\/2025\/11\/Zona-infantil-Parque-El-Camaleon-Islantilla-768x432.webp 768w, https:\/\/www.islantilla.es\/wp-content\/uploads\/2025\/11\/Zona-infantil-Parque-El-Camaleon-Islantilla-1536x864.webp 1536w, https:\/\/www.islantilla.es\/wp-content\/uploads\/2025\/11\/Zona-infantil-Parque-El-Camaleon-Islantilla-18x10.webp 18w, https:\/\/www.islantilla.es\/wp-content\/uploads\/2025\/11\/Zona-infantil-Parque-El-Camaleon-Islantilla.webp 1920w\" sizes=\"(max-width: 1024px) 100vw, 1024px\" \/><\/figure>\n\n\n\n<div style=\"height:20px\" aria-hidden=\"true\" class=\"wp-block-spacer\"><\/div>\n\n\n\n<h2 class=\"wp-block-heading\">A natureza em sua forma mais pura.<\/h2>\n\n\n\n<p>Ao caminhar pelas trilhas, voc\u00ea poder\u00e1 ver pequenas estruturas de madeira entre as \u00e1rvores. Elas n\u00e3o s\u00e3o decorativas: s\u00e3o as <strong>hot\u00e9is de insetos<\/strong>. Esses s\u00e3o abrigos criados para que insetos ben\u00e9ficos vivam, se reproduzam ou hibernem. Esses pequenos aliados s\u00e3o essenciais para o equil\u00edbrio do ecossistema e para a sa\u00fade da vegeta\u00e7\u00e3o do parque. Proteg\u00ea-los \u00e9 tamb\u00e9m proteger esse ambiente \u00fanico.<\/p>\n\n\n\n<p>O Parque El Camale\u00f3n est\u00e1 repleto de vida. Seus pinhais, tingidos de um verde intenso pela luz do sol, formam um habitat perfeito para p\u00e1ssaros, insetos e r\u00e9pteis.<\/p>\n\n\n\n<p>Al\u00e9m disso, o parque possui um <strong>Trilha Interpretativa da Natureza em 3D<\/strong>, Uma experi\u00eancia educativa que permite aprender sobre a flora e a fauna locais de forma interativa enquanto caminha.<\/p>\n\n\n\n<div style=\"height:20px\" aria-hidden=\"true\" class=\"wp-block-spacer\"><\/div>\n\n\n\n<h2 class=\"wp-block-heading\">Trilha Desportiva do Parque El Camale\u00f3n<\/h2>\n\n\n\n<p>Ele <strong>Trilha Azul do Parque El Camale\u00f3n <\/strong>Islantilla faz parte do prestigiado programa Blue Trails, que reconhece \u00e1reas naturais bem conservadas e adaptadas. Al\u00e9m disso, <strong>\u00c9 o primeiro destino em Huelva com dupla distin\u00e7\u00e3o.<\/strong> gra\u00e7as a este caminho e ao de <a href=\"https:\/\/www.islantilla.es\/pt\/sendero-azul-parque-de-los-cabezos\/\" title=\"\">Parque Cabezos<\/a>.<\/p>\n\n\n\n<p>Este percurso circular de <strong>975 metros<\/strong> A obra combina trechos de concreto e argila, possui um n\u00edvel de dificuldade baixo e um tempo estimado de dura\u00e7\u00e3o de aproximadamente <strong>30 minutos<\/strong>. \u00c9 perfeito para caminhadas, corridas ou atividades f\u00edsicas em contato com a natureza, com pain\u00e9is informativos e sinaliza\u00e7\u00e3o clara. Aqui voc\u00ea encontrar\u00e1 uma trilha tranquila e acess\u00edvel, ideal para come\u00e7ar ou terminar sua visita ao parque.<\/p>\n\n\n\n<p>Voc\u00ea pode ver todos os detalhes aqui: \ud83d\udc49 <a href=\"https:\/\/www.islantilla.es\/pt\/sendero-deportivo-parque-el-camaleon\/\">Trilha Desportiva Parque El Camale\u00f3n<\/a><\/p>\n\n\n\n<p>Se voc\u00ea gosta de se manter ativo, este parque \u00e9 perfeito para voc\u00ea. Ele conta com uma trilha de exerc\u00edcios ideal para caminhadas, corridas ou treinos no seu pr\u00f3prio ritmo. Al\u00e9m da trilha principal, voc\u00ea encontrar\u00e1 \u00e1reas designadas para diferentes tipos de exerc\u00edcios.<\/p>\n\n\n\n<figure class=\"wp-block-image size-full\"><img decoding=\"async\" width=\"1080\" height=\"608\" src=\"https:\/\/www.islantilla.es\/wp-content\/uploads\/2025\/11\/Sendero-Deportivo-Parque-El-Camaleon-Islantilla_Sendero-Azul-edited.webp\" alt=\"Sendero deportivo del Parque El Camale\u00f3n de Islantilla. Sendero Azul.\" class=\"wp-image-6364\" srcset=\"https:\/\/www.islantilla.es\/wp-content\/uploads\/2025\/11\/Sendero-Deportivo-Parque-El-Camaleon-Islantilla_Sendero-Azul-edited.webp 1080w, https:\/\/www.islantilla.es\/wp-content\/uploads\/2025\/11\/Sendero-Deportivo-Parque-El-Camaleon-Islantilla_Sendero-Azul-edited-300x169.webp 300w, https:\/\/www.islantilla.es\/wp-content\/uploads\/2025\/11\/Sendero-Deportivo-Parque-El-Camaleon-Islantilla_Sendero-Azul-edited-1024x576.webp 1024w, https:\/\/www.islantilla.es\/wp-content\/uploads\/2025\/11\/Sendero-Deportivo-Parque-El-Camaleon-Islantilla_Sendero-Azul-edited-768x432.webp 768w, https:\/\/www.islantilla.es\/wp-content\/uploads\/2025\/11\/Sendero-Deportivo-Parque-El-Camaleon-Islantilla_Sendero-Azul-edited-18x10.webp 18w\" sizes=\"(max-width: 1080px) 100vw, 1080px\" \/><\/figure>\n\n\n\n<div style=\"height:20px\" aria-hidden=\"true\" class=\"wp-block-spacer\"><\/div>\n\n\n\n<h2 class=\"wp-block-heading\">\u00c1rea de calistenia, box de treinamento e esportes ao ar livre.<\/h2>\n\n\n\n<p>O Parque El Camale\u00f3n tamb\u00e9m \u00e9 um ponto de encontro para quem gosta de fazer exerc\u00edcios ao ar livre. <a href=\"https:\/\/www.islantilla.es\/pt\/calistenia\/\" title=\"\">\u00e1rea de calistenia<\/a> Possui barras, estruturas e equipamentos perfeitos para sess\u00f5es de for\u00e7a, equil\u00edbrio e mobilidade, ou para treinos mais intensos como CrossFit ou Street Workout.<\/p>\n\n\n\n<p>Quer venha sozinho ou com amigos, encontrar\u00e1 um ambiente ideal para se manter ativo rodeado de pinheiros.<\/p>\n\n\n\n<figure class=\"wp-block-image size-large\"><img loading=\"lazy\" decoding=\"async\" width=\"1920\" height=\"1080\" src=\"https:\/\/www.islantilla.es\/wp-content\/uploads\/2025\/11\/DEPORTIVA-1-edited-scaled.webp\" alt=\"Estructuras met\u00e1licas para ejercicios de calistenia al aire libre en el Parque El Camale\u00f3n de Islantilla.\" class=\"wp-image-7120\" srcset=\"https:\/\/www.islantilla.es\/wp-content\/uploads\/2025\/11\/DEPORTIVA-1-edited-scaled.webp 1920w, https:\/\/www.islantilla.es\/wp-content\/uploads\/2025\/11\/DEPORTIVA-1-edited-300x169.webp 300w, https:\/\/www.islantilla.es\/wp-content\/uploads\/2025\/11\/DEPORTIVA-1-edited-1024x576.webp 1024w, https:\/\/www.islantilla.es\/wp-content\/uploads\/2025\/11\/DEPORTIVA-1-edited-768x432.webp 768w, https:\/\/www.islantilla.es\/wp-content\/uploads\/2025\/11\/DEPORTIVA-1-edited-1536x864.webp 1536w, https:\/\/www.islantilla.es\/wp-content\/uploads\/2025\/11\/DEPORTIVA-1-edited-18x10.webp 18w\" sizes=\"(max-width: 1920px) 100vw, 1920px\" \/><\/figure>\n\n\n\n<div style=\"height:20px\" aria-hidden=\"true\" class=\"wp-block-spacer\"><\/div>\n\n\n\n<h2 class=\"wp-block-heading\">Tirolesa Islantilla: Adrenalina com Vista<\/h2>\n\n\n\n<p>E se voc\u00ea procura algo mais emocionante, aqui est\u00e1: <a href=\"https:\/\/www.islantilla.es\/pt\/tirolina\/\" title=\"\">A tirolesa urbana mais longa da Europa<\/a> Ela espera por voc\u00ea bem ali no parque. \u00c9 uma experi\u00eancia \u00fanica que combina aventura, esporte e vistas espetaculares.<\/p>\n\n\n\n<p>Lance-se da plataforma superior e deixe-se levar enquanto atravessa o parque de cima. \u00c9 a atividade perfeita para quem gosta de adrenalina ou simplesmente quer viver uma experi\u00eancia diferente durante a visita.<\/p>\n\n\n\n<figure class=\"wp-block-image size-large\"><img loading=\"lazy\" decoding=\"async\" width=\"1620\" height=\"911\" src=\"https:\/\/www.islantilla.es\/wp-content\/uploads\/2025\/11\/TIROLINA-2-edited.webp\" alt=\"Tirolina de Islantilla sobre el Parque El Camale\u00f3n.\" class=\"wp-image-7119\" srcset=\"https:\/\/www.islantilla.es\/wp-content\/uploads\/2025\/11\/TIROLINA-2-edited.webp 1620w, https:\/\/www.islantilla.es\/wp-content\/uploads\/2025\/11\/TIROLINA-2-edited-300x169.webp 300w, https:\/\/www.islantilla.es\/wp-content\/uploads\/2025\/11\/TIROLINA-2-edited-1024x576.webp 1024w, https:\/\/www.islantilla.es\/wp-content\/uploads\/2025\/11\/TIROLINA-2-edited-768x432.webp 768w, https:\/\/www.islantilla.es\/wp-content\/uploads\/2025\/11\/TIROLINA-2-edited-1536x864.webp 1536w, https:\/\/www.islantilla.es\/wp-content\/uploads\/2025\/11\/TIROLINA-2-edited-18x10.webp 18w\" sizes=\"(max-width: 1620px) 100vw, 1620px\" \/><\/figure>\n\n\n\n<div style=\"height:20px\" aria-hidden=\"true\" class=\"wp-block-spacer\"><\/div>\n\n\n\n<h2 class=\"wp-block-heading\">A Varanda das Estrelas: as melhores vistas de Islantilla<\/h2>\n\n\n\n<p>E, claro, n\u00e3o podemos deixar de mencionar um dos cantos mais especiais do parque: <strong>A Varanda das Estrelas<\/strong>. \u00c9 um mirante astron\u00f4mico adaptado, de onde se pode desfrutar de vistas espetaculares de toda a costa. \u00c9 o lugar perfeito para observar o nascer e o p\u00f4r do sol, ou contemplar o c\u00e9u noturno em um ambiente tranquilo e elevado.<\/p>\n\n\n\n<figure class=\"wp-block-image size-large\"><img loading=\"lazy\" decoding=\"async\" width=\"1920\" height=\"1080\" src=\"https:\/\/www.islantilla.es\/wp-content\/uploads\/2025\/11\/Mirador-Balcon-de-las-estrellas-Parque-El-Camaleon-Islantilla-edited-scaled.webp\" alt=\"Default\" class=\"wp-image-7123\" srcset=\"https:\/\/www.islantilla.es\/wp-content\/uploads\/2025\/11\/Mirador-Balcon-de-las-estrellas-Parque-El-Camaleon-Islantilla-edited-scaled.webp 1920w, https:\/\/www.islantilla.es\/wp-content\/uploads\/2025\/11\/Mirador-Balcon-de-las-estrellas-Parque-El-Camaleon-Islantilla-edited-300x169.webp 300w, https:\/\/www.islantilla.es\/wp-content\/uploads\/2025\/11\/Mirador-Balcon-de-las-estrellas-Parque-El-Camaleon-Islantilla-edited-1024x576.webp 1024w, https:\/\/www.islantilla.es\/wp-content\/uploads\/2025\/11\/Mirador-Balcon-de-las-estrellas-Parque-El-Camaleon-Islantilla-edited-768x432.webp 768w, https:\/\/www.islantilla.es\/wp-content\/uploads\/2025\/11\/Mirador-Balcon-de-las-estrellas-Parque-El-Camaleon-Islantilla-edited-1536x864.webp 1536w, https:\/\/www.islantilla.es\/wp-content\/uploads\/2025\/11\/Mirador-Balcon-de-las-estrellas-Parque-El-Camaleon-Islantilla-edited-18x10.webp 18w\" sizes=\"(max-width: 1920px) 100vw, 1920px\" \/><\/figure>\n\n\n\n<div style=\"height:20px\" aria-hidden=\"true\" class=\"wp-block-spacer\"><\/div>\n\n\n\n<h2 class=\"wp-block-heading\">Um espa\u00e7o para aprender e descobrir.<\/h2>\n\n\n\n<p>Al\u00e9m de <strong>Trilha interpretativa em 3D,<\/strong> O parque tem um <strong>sala de aula ambiental<\/strong>, que organiza oficinas no ver\u00e3o para as crian\u00e7as mais novas aprenderem sobre a natureza, a vida selvagem local e a sustentabilidade.<\/p>\n\n\n\n<p>Todo o projeto do parque convida voc\u00ea a aprender enquanto o explora: pain\u00e9is informativos, mirantes e estruturas educativas que transformam cada visita em uma pequena descoberta.<\/p>\n\n\n\n<div style=\"height:20px\" aria-hidden=\"true\" class=\"wp-block-spacer\"><\/div>\n\n\n\n<h2 class=\"wp-block-heading\">Parque para c\u00e3es: um espa\u00e7o projetado tamb\u00e9m para eles.<\/h2>\n\n\n\n<p>E se voc\u00ea trouxer seu cachorro, ficar\u00e1 feliz em saber que o parque tem um <strong>Parque para c\u00e3es<\/strong> Na zona norte, existem aproximadamente 2.000 m\u00b2 divididos em duas \u00e1reas de acordo com o peso do animal: uma para c\u00e3es com menos de 10 kg e outra para c\u00e3es com mais de 11 kg.<\/p>\n\n\n\n<p>O recinto \u00e9 completamente cercado com uma cerca de 2 metros de altura e equipado com bancos, lixeiras, pain\u00e9is informativos e bebedouros de uso duplo, adaptados tanto para pessoas quanto para c\u00e3es, e projetado inclusive para facilitar o uso por pessoas com defici\u00eancia.<\/p>\n\n\n\n<p>\u00c9 um espa\u00e7o seguro e confort\u00e1vel, perfeito para os c\u00e3es correrem, brincarem e socializarem.<\/p>\n\n\n\n<figure class=\"wp-block-image size-large\"><img loading=\"lazy\" decoding=\"async\" width=\"1024\" height=\"576\" src=\"https:\/\/www.islantilla.es\/wp-content\/uploads\/2025\/11\/parque-canino-islantilla-1024x576.webp\" alt=\"Parque canino islantilla\" class=\"wp-image-7121\" srcset=\"https:\/\/www.islantilla.es\/wp-content\/uploads\/2025\/11\/parque-canino-islantilla-1024x576.webp 1024w, https:\/\/www.islantilla.es\/wp-content\/uploads\/2025\/11\/parque-canino-islantilla-300x169.webp 300w, https:\/\/www.islantilla.es\/wp-content\/uploads\/2025\/11\/parque-canino-islantilla-768x432.webp 768w, https:\/\/www.islantilla.es\/wp-content\/uploads\/2025\/11\/parque-canino-islantilla-18x10.webp 18w, https:\/\/www.islantilla.es\/wp-content\/uploads\/2025\/11\/parque-canino-islantilla.webp 1080w\" sizes=\"(max-width: 1024px) 100vw, 1024px\" \/><\/figure>\n\n\n\n<div style=\"height:20px\" aria-hidden=\"true\" class=\"wp-block-spacer\"><\/div>\n\n\n\n<h2 class=\"wp-block-heading\">Instala\u00e7\u00f5es e servi\u00e7os do parque<\/h2>\n\n\n\n<p>Dentro do Parque El Camale\u00f3n voc\u00ea encontrar\u00e1:<\/p>\n\n\n\n<ul class=\"wp-block-list\">\n<li>Estacionamento<\/li>\n\n\n\n<li>Banheiros p\u00fablicos<\/li>\n\n\n\n<li>Gastrobar com eventos culturais sazonais<\/li>\n\n\n\n<li>\u00c1reas de piquenique e zona de piquenique<\/li>\n\n\n\n<li>\u00c1reas de recrea\u00e7\u00e3o infantil e tendas tipi<\/li>\n\n\n\n<li>Sala de aula ambiental na esta\u00e7\u00e3o<\/li>\n\n\n\n<li>audit\u00f3rio ao ar livre<\/li>\n\n\n\n<li>Tirolesa (na temporada)<\/li>\n\n\n\n<li>\u00c1rea de boxe para calistenia e treinamento<\/li>\n\n\n\n<li>Mirante da Varanda das Estrelas<\/li>\n\n\n\n<li>Trilha Interpretativa 3D na Natureza<\/li>\n\n\n\n<li>\u00c1rea de lazer<\/li>\n\n\n\n<li>Trilha esportiva<\/li>\n\n\n\n<li>Hot\u00e9is para insetos espalhados por todo o parque<\/li>\n<\/ul>\n\n\n\n<div style=\"height:20px\" aria-hidden=\"true\" class=\"wp-block-spacer\"><\/div>\n\n\n\n<h2 class=\"wp-block-heading\">O parque que sempre te surpreende.<\/h2>\n\n\n\n<p>Ele <strong>Parque El Camale\u00f3n<\/strong> \u00c9 um daqueles lugares que voc\u00ea aprecia na primeira vez e para onde sempre quer voltar. Seja para um passeio tranquilo, um dia em fam\u00edlia, exerc\u00edcios ao ar livre ou a emo\u00e7\u00e3o da tirolesa, voc\u00ea sempre encontrar\u00e1 uma maneira diferente de se conectar com a natureza. <strong>Islantilla<\/strong>.<\/p>\n\n\n\n<p>Quer descobrir mais espa\u00e7os naturais e trilhas na regi\u00e3o? Em breve, mostraremos mais lugares incr\u00edveis que far\u00e3o voc\u00ea se apaixonar ainda mais por este destino.<\/p>\n\n\n\n<p><\/p>","protected":false},"excerpt":{"rendered":"<p>Si buscas un lugar donde desconectar, respirar aire puro y disfrutar de la naturaleza sin complicaciones, el Parque El Camale\u00f3n se convertir\u00e1 en uno de tus rincones favoritos de Islantilla. Es ese espacio al que vuelves una y otra vez porque siempre te ofrece algo diferente: un camino nuevo por explorar, un momento de calma, [&hellip;]<\/p>\n","protected":false},"author":12,"featured_media":1116,"comment_status":"closed","ping_status":"open","sticky":false,"template":"","format":"standard","meta":{"slim_seo":{"title":"Parque El Camale\u00f3n en Islantilla | Blog de Islantilla","description":"Descubre el Parque El Camale\u00f3n, el gran pulm\u00f3n verde de Islantilla. Naturaleza, senderos, miradores, zona infantil, tirolina y espacios deportivos en un entorno \u00fanico de la Costa de la Luz."},"footnotes":""},"categories":[34,36,28],"tags":[],"class_list":["post-7115","post","type-post","status-publish","format-standard","has-post-thumbnail","hentry","category-entorno","category-imprescindibles","category-turismo-verde"],"_links":{"self":[{"href":"https:\/\/www.islantilla.es\/pt\/wp-json\/wp\/v2\/posts\/7115","targetHints":{"allow":["GET"]}}],"collection":[{"href":"https:\/\/www.islantilla.es\/pt\/wp-json\/wp\/v2\/posts"}],"about":[{"href":"https:\/\/www.islantilla.es\/pt\/wp-json\/wp\/v2\/types\/post"}],"author":[{"embeddable":true,"href":"https:\/\/www.islantilla.es\/pt\/wp-json\/wp\/v2\/users\/12"}],"replies":[{"embeddable":true,"href":"https:\/\/www.islantilla.es\/pt\/wp-json\/wp\/v2\/comments?post=7115"}],"version-history":[{"count":8,"href":"https:\/\/www.islantilla.es\/pt\/wp-json\/wp\/v2\/posts\/7115\/revisions"}],"predecessor-version":[{"id":7150,"href":"https:\/\/www.islantilla.es\/pt\/wp-json\/wp\/v2\/posts\/7115\/revisions\/7150"}],"wp:featuredmedia":[{"embeddable":true,"href":"https:\/\/www.islantilla.es\/pt\/wp-json\/wp\/v2\/media\/1116"}],"wp:attachment":[{"href":"https:\/\/www.islantilla.es\/pt\/wp-json\/wp\/v2\/media?parent=7115"}],"wp:term":[{"taxonomy":"category","embeddable":true,"href":"https:\/\/www.islantilla.es\/pt\/wp-json\/wp\/v2\/categories?post=7115"},{"taxonomy":"post_tag","embeddable":true,"href":"https:\/\/www.islantilla.es\/pt\/wp-json\/wp\/v2\/tags?post=7115"}],"curies":[{"name":"wp","href":"https:\/\/api.w.org\/{rel}","templated":true}]}}