{"id":6322,"date":"2025-10-06T09:03:52","date_gmt":"2025-10-06T07:03:52","guid":{"rendered":"https:\/\/www.islantilla.es\/?p=6322"},"modified":"2025-11-03T09:20:41","modified_gmt":"2025-11-03T08:20:41","slug":"comunicado-visita-al-inicio-de-las-obras-del-acerado-accesible-del-eje-norte-sur","status":"publish","type":"post","link":"https:\/\/www.islantilla.es\/pt\/comunicado-visita-al-inicio-de-las-obras-del-acerado-accesible-del-eje-norte-sur\/","title":{"rendered":"Comunicado de imprensa \u2013 Visita ao in\u00edcio da constru\u00e7\u00e3o da cal\u00e7ada acess\u00edvel ao longo do eixo norte-sul"},"content":{"rendered":"<h2 class=\"wp-block-heading\">Representantes institucionais da Comunidade Islantilla visitam o in\u00edcio da constru\u00e7\u00e3o da nova cal\u00e7ada acess\u00edvel para a liga\u00e7\u00e3o norte-sul deste centro tur\u00edstico.<\/h2>\n\n\n\n<h3 class=\"wp-block-heading\"><em>O projeto, com um investimento de \u20ac498.521,60, \u00e9 financiado pela Uni\u00e3o Europeia atrav\u00e9s dos Fundos NextGenerationEU e ser\u00e1 conclu\u00eddo no in\u00edcio de 2026.<\/em><\/h3>\n\n\n\n<p>A zona tur\u00edstica de Islantilla contar\u00e1 com duas novas cal\u00e7adas acess\u00edveis at\u00e9 o in\u00edcio de 2026, permitindo a liga\u00e7\u00e3o norte-sul neste enclave partilhado pelos munic\u00edpios de Lepe e Isla Cristina. Isto acontecer\u00e1 assim que as obras forem conclu\u00eddas, cujo in\u00edcio contou com a presen\u00e7a de representantes institucionais de ambas as autarquias, marcando o lan\u00e7amento oficial deste importante projeto. O projeto representa um investimento de \u20ac498.521,60, financiado integralmente pelos Fundos NextGenerationEU da Uni\u00e3o Europeia e pelo Plano de Sustentabilidade Tur\u00edstica &quot;Entre o Verde e o Azul&quot;.<\/p>\n\n\n\n<p>O Vice-Presidente Executivo da Comunidade Islantilla e Primeiro Vice-Prefeito de Isla Cristina, Francisco Zamudio, explicou o contexto desta a\u00e7\u00e3o, recordando que \u201cquando este projeto de desenvolvimento urbano nasceu na d\u00e9cada de 1990, ainda n\u00e3o existia um quadro regulamentar espec\u00edfico em mat\u00e9ria de acessibilidade e elimina\u00e7\u00e3o de barreiras arquitet\u00f3nicas. Pelo contr\u00e1rio, dava-se prioridade \u00e0 preserva\u00e7\u00e3o do ambiente natural e \u00e0 elimina\u00e7\u00e3o de passeios de cimento, que, ali\u00e1s, eram os mais pr\u00e1ticos para quem vinha a este destino para jogar golfe com aqueles sapatos especiais com solas de pregos. Hoje em dia, tudo mudou, assim como as necessidades dos nossos moradores, que exigiram que avan\u00e7\u00e1ssemos para um modelo de planeamento urbano mais acess\u00edvel, e com esta interven\u00e7\u00e3o fomos sens\u00edveis a essa exig\u00eancia, que consideramos razo\u00e1vel.\u201d.<\/p>\n\n\n\n<p>Por sua vez, a vice-prefeita de Lepe, Mariana Otero, delegada \u00e0 Comunidade, anunciou que \u201cessas obras afetar\u00e3o duas das principais vias que ligam o norte e o sul de Islantilla, especificamente o Paseo del Golf, do Shopping Center &#039;La Hacienda&#039; at\u00e9 a Plaza Manuel Camacho, e o Paseo del Barranco del Moro, continuando com o Paseo de la Vera at\u00e9 a rotat\u00f3ria do Pal\u00e1cio do Congresso, de forma que o Clube de Golfe tamb\u00e9m fique conectado ao sul, atendendo a dois dos principais polos de fluxo de visitantes para o nosso destino\u2018.<\/p>\n\n\n\n<p>A empresa respons\u00e1vel por este projeto \u00e9 a TR Construya SLU, e o prazo para conclus\u00e3o \u00e9 o in\u00edcio de 2026, altura em que se espera que estas novas estradas estejam a ser utilizadas por residentes e visitantes.<\/p>\n\n\n\n<p>O projeto incluir\u00e1 obras nas \u00e1rvores, na rede de ilumina\u00e7\u00e3o p\u00fablica e no abastecimento de \u00e1gua, aproveitando a constru\u00e7\u00e3o para melhorar ambos e incorporar mobili\u00e1rio urbano que criar\u00e1 \u00e1reas de descanso para pedestres.<\/p>\n\n\n\n<p>A import\u00e2ncia desta a\u00e7\u00e3o reside no fato de representar uma melhoria para o destino, pois permitir\u00e1 a mobilidade necess\u00e1ria do ponto de vista da sustentabilidade, oferecendo aos residentes e visitantes uma alternativa ao transporte motorizado e, portanto, impactando diretamente o meio ambiente, em conson\u00e2ncia com o compromisso da Islantilla com o respeito ao meio ambiente, que est\u00e1 sempre presente neste projeto.<\/p>\n\n\n\n<p>A constru\u00e7\u00e3o desses dois eixos de cal\u00e7ada acess\u00edveis soma-se ao projeto piloto j\u00e1 iniciado pela Associa\u00e7\u00e3o Islantilla com recursos pr\u00f3prios em um trecho do Paseo del Barranco del Moro, e representa uma sinergia com outras a\u00e7\u00f5es inclu\u00eddas no Plano de Sustentabilidade, como a adapta\u00e7\u00e3o clim\u00e1tica de Islantilla, a cria\u00e7\u00e3o da ciclovia transversal entre Urbasur e La Antilla, o futuro servi\u00e7o para ve\u00edculos el\u00e9tricos, a instala\u00e7\u00e3o de \u00e1reas de estacionamento com carregamento para patinetes e bicicletas el\u00e9tricas, bem como o projeto de revitaliza\u00e7\u00e3o e promo\u00e7\u00e3o das atividades n\u00e1uticas e do turismo azul.<\/p>\n\n\n\n<p>O Plano de Sustentabilidade Tur\u00edstica no Destino &#039;Entre o Verde e o Azul&#039;, integrado no Plano de Recupera\u00e7\u00e3o, Transforma\u00e7\u00e3o e Resili\u00eancia, \u00e9 financiado pela Uni\u00e3o Europeia atrav\u00e9s dos Fundos NextGenerationEU e representa um investimento de 2.589.440 euros na \u00e1rea de Islantilla, Lepe e Isla Cristina, canalizado pelo Minist\u00e9rio da Ind\u00fastria e Turismo do Governo de Espanha e pelo Minist\u00e9rio do Turismo, Cultura e Desporto da Junta da Andaluzia.<\/p>\n\n\n\n<p>A sua implementa\u00e7\u00e3o est\u00e1 a ser realizada por diferentes \u00c1reas e Departamentos da Comunidade de Islantilla, em colabora\u00e7\u00e3o com as C\u00e2maras Municipais de Lepe e Isla Cristina.<\/p>\n\n\n\n<figure class=\"wp-block-image size-large\"><img decoding=\"async\" src=\"https:\/\/www.islantilla.es\/wp-content\/uploads\/2025\/10\/PSTD-Comunicado-Visita-al-inicio-de-las-obras-del-acerado-accesible-del-eje-norte-sur-Islantilla-1024x576.jpg\" alt=\"Pstd comunicado visita al inicio de las obras del acerado accesible del eje norte sur islantilla\" class=\"wp-image-6323\"\/><\/figure>\n\n\n\n<figure class=\"wp-block-image size-large\"><img decoding=\"async\" src=\"https:\/\/www.islantilla.es\/wp-content\/uploads\/2025\/10\/PSTD-Comunicado-Visita-al-inicio-de-las-obras-del-acerado-accesible-del-eje-norte-sur-Islantilla-2-1024x576.jpg\" alt=\"Pstd comunicado visita al inicio de las obras del acerado accesible del eje norte sur islantilla 2\" class=\"wp-image-6324\"\/><\/figure>","protected":false},"excerpt":{"rendered":"<p>Representantes institucionales de la Mancomunidad de Islantilla visitan el inicio de las obras del nuevo acerado accesible para la conexi\u00f3n norte-sur de este n\u00facleo tur\u00edstico La intervenci\u00f3n, con inversi\u00f3n de 498.521,60 \u20ac, est\u00e1 financiada por la Uni\u00f3n Europea a trav\u00e9s de los Fondos NextGenerationEU, y estar\u00e1 concluida a principios de 2026 El n\u00facleo tur\u00edstico de [&hellip;]<\/p>\n","protected":false},"author":12,"featured_media":6324,"comment_status":"closed","ping_status":"open","sticky":false,"template":"","format":"standard","meta":{"slim_seo":{"title":"Comunicado - Visita al inicio de las obras del acerado accesible del eje norte - sur - Islantilla","description":"Representantes institucionales de la Mancomunidad de Islantilla visitan el inicio de las obras del nuevo acerado accesible para la conexi\u00f3n norte-sur de este n\u00fa"},"footnotes":""},"categories":[38],"tags":[],"class_list":["post-6322","post","type-post","status-publish","format-standard","has-post-thumbnail","hentry","category-pstd"],"_links":{"self":[{"href":"https:\/\/www.islantilla.es\/pt\/wp-json\/wp\/v2\/posts\/6322","targetHints":{"allow":["GET"]}}],"collection":[{"href":"https:\/\/www.islantilla.es\/pt\/wp-json\/wp\/v2\/posts"}],"about":[{"href":"https:\/\/www.islantilla.es\/pt\/wp-json\/wp\/v2\/types\/post"}],"author":[{"embeddable":true,"href":"https:\/\/www.islantilla.es\/pt\/wp-json\/wp\/v2\/users\/12"}],"replies":[{"embeddable":true,"href":"https:\/\/www.islantilla.es\/pt\/wp-json\/wp\/v2\/comments?post=6322"}],"version-history":[{"count":3,"href":"https:\/\/www.islantilla.es\/pt\/wp-json\/wp\/v2\/posts\/6322\/revisions"}],"predecessor-version":[{"id":6327,"href":"https:\/\/www.islantilla.es\/pt\/wp-json\/wp\/v2\/posts\/6322\/revisions\/6327"}],"wp:featuredmedia":[{"embeddable":true,"href":"https:\/\/www.islantilla.es\/pt\/wp-json\/wp\/v2\/media\/6324"}],"wp:attachment":[{"href":"https:\/\/www.islantilla.es\/pt\/wp-json\/wp\/v2\/media?parent=6322"}],"wp:term":[{"taxonomy":"category","embeddable":true,"href":"https:\/\/www.islantilla.es\/pt\/wp-json\/wp\/v2\/categories?post=6322"},{"taxonomy":"post_tag","embeddable":true,"href":"https:\/\/www.islantilla.es\/pt\/wp-json\/wp\/v2\/tags?post=6322"}],"curies":[{"name":"wp","href":"https:\/\/api.w.org\/{rel}","templated":true}]}}