{"id":5650,"date":"2025-05-15T18:06:28","date_gmt":"2025-05-15T16:06:28","guid":{"rendered":"https:\/\/www.islantilla.es\/?p=5650"},"modified":"2025-09-08T19:47:41","modified_gmt":"2025-09-08T17:47:41","slug":"comunicado-obras-de-la-nueva-plaza-entarimada-de-islantilla","status":"publish","type":"post","link":"https:\/\/www.islantilla.es\/pt\/comunicado-obras-de-la-nueva-plaza-entarimada-de-islantilla\/","title":{"rendered":"Comunicado de Imprensa \u2013 Constru\u00e7\u00e3o da nova pra\u00e7a de Islantilla"},"content":{"rendered":"<h2 class=\"wp-block-heading\">Islantilla inicia obras de cria\u00e7\u00e3o de uma nova pra\u00e7a elevada de madeira ao lado do cal\u00e7ad\u00e3o para abrigar os servi\u00e7os de resgate e salva-vidas.<\/h2>\n\n\n\n<h3 class=\"wp-block-heading\"><em>A constru\u00e7\u00e3o, que representa um investimento de 298.749 euros e ocupar\u00e1 uma \u00e1rea de 530 m\u00b2, incluir\u00e1 uma zona sanit\u00e1ria e uma rampa de acesso adaptada \u00e0 praia.<br><\/em><\/h3>\n\n\n\n<p>A Dire\u00e7\u00e3o de Obras, Urbanismo e Servi\u00e7os da Comunidade de Islantilla iniciou as obras de constru\u00e7\u00e3o de uma nova pra\u00e7a com deck de madeira na parte oeste da pra\u00e7a central do cal\u00e7ad\u00e3o. Este ambicioso projeto faz parte do Projeto de Renova\u00e7\u00e3o da Praia, em andamento desde abril do ano passado e com previs\u00e3o de conclus\u00e3o para a primavera de 2026. O projeto, com um investimento total de um milh\u00e3o de euros, visa remodelar completamente a orla deste enclave costeiro compartilhado por Lepe e Isla Cristina.<\/p>\n\n\n\n<p>A nova pra\u00e7a elevada ser\u00e1 uma extens\u00e3o do cal\u00e7ad\u00e3o \u00e0 beira-mar, ocupando uma \u00e1rea de 530 metros quadrados. Incluir\u00e1 servi\u00e7os de salva-vidas e salvamento, uma \u00e1rea de banheiros e uma rampa adaptada para acesso \u00e0 praia. Durante o ver\u00e3o, ser\u00e3o oferecidos servi\u00e7os de banho assistido para pessoas com mobilidade reduzida, al\u00e9m de uma \u00e1rea de sombra.<\/p>\n\n\n\n<p>Um total de 298.749 euros foi alocado para este projeto, cuja conclus\u00e3o est\u00e1 prevista para o in\u00edcio do ver\u00e3o. Incluir\u00e1 tamb\u00e9m a substitui\u00e7\u00e3o dos antigos m\u00f3dulos de salvamento e salva-vidas por novas estruturas modernizadas. Isso os tornar\u00e1 mais vis\u00edveis, acess\u00edveis e identific\u00e1veis para os usu\u00e1rios, garantindo assim a integra\u00e7\u00e3o completa desses elementos com a \u00e1rea de circula\u00e7\u00e3o de pedestres do cal\u00e7ad\u00e3o.<\/p>\n\n\n\n<p>A vice-presidente da Comunidade de Islantilla e vice-prefeita de Lepe, Mariana Otero, expressou sua satisfa\u00e7\u00e3o &quot;com o in\u00edcio das obras que transformar\u00e3o um dos pontos mais movimentados do nosso destino, abrindo uma nova pra\u00e7a para o mar e dotando o cal\u00e7ad\u00e3o de melhores servi\u00e7os para nossos visitantes&quot;.<\/p>\n\n\n\n<p>Por sua vez, o Primeiro Vice-Prefeito de Isla Cristina e delegado insular junto \u00e0 Comunidade, Francisco Zamudio, destacou &quot;o enorme esfor\u00e7o que esta entidade est\u00e1 realizando para levar adiante um projeto como este, que, junto com as demais interven\u00e7\u00f5es inclu\u00eddas neste projeto, ser\u00e1 um catalisador para o nosso destino, colocando-o novamente na vanguarda que sempre representou para o resto da costa de Huelva&quot;.<\/p>\n\n\n\n<p>Especificamente, o contrato do projeto inclui o fornecimento de cinco m\u00f3dulos pr\u00e9-fabricados, dois dos quais abrigar\u00e3o os servi\u00e7os de Resgate e Salva-vidas (sala de tratamento, atendimento ao p\u00fablico, \u00e1rea de descanso dos salva-vidas, lavabo e \u00e1rea de conv\u00edvio) e mais tr\u00eas que abrigar\u00e3o banheiros p\u00fablicos (incluindo chuveiros e vesti\u00e1rio, separados por g\u00eanero e com elementos adaptados).<\/p>\n\n\n\n<p>A tudo isto acresce a constru\u00e7\u00e3o de uma plataforma elevada de madeira com rampa de liga\u00e7\u00e3o \u00e0 praia, com 3 metros de largura e desn\u00edvel m\u00e1ximo de 6%, conforme projeto b\u00e1sico constante do caderno de encargos do contrato.<\/p>\n\n\n\n<figure class=\"wp-block-image size-large\"><img decoding=\"async\" src=\"https:\/\/www.islantilla.es\/wp-content\/uploads\/2025\/05\/image-1024x682.png\" alt=\"Image\" class=\"wp-image-5651\"\/><\/figure>\n\n\n\n<figure class=\"wp-block-image size-large\"><img decoding=\"async\" src=\"https:\/\/www.islantilla.es\/wp-content\/uploads\/2025\/05\/image-1-1024x682.png\" alt=\"Image\" class=\"wp-image-5652\"\/><\/figure>\n\n\n\n<figure class=\"wp-block-image size-large\"><img decoding=\"async\" src=\"https:\/\/www.islantilla.es\/wp-content\/uploads\/2025\/05\/image-2-1024x576.png\" alt=\"Image\" class=\"wp-image-5653\"\/><\/figure>","protected":false},"excerpt":{"rendered":"<p>Islantilla inicia las obras para la creaci\u00f3n de una nueva plaza elevada en madera junto el paseo mar\u00edtimo para albergar los servicios de Salvamento y Socorrismo La construcci\u00f3n, que supone una inversi\u00f3n de 298.749 \u20ac y abarcar\u00e1 una superficie de 530 m\u00b2, incluir\u00e1 una zona de aseos y una rampa de acceso adaptado la playa [&hellip;]<\/p>\n","protected":false},"author":1,"featured_media":0,"comment_status":"closed","ping_status":"open","sticky":false,"template":"","format":"standard","meta":{"slim_seo":{"title":"Comunicado - Obras de la nueva plaza entarimada de Islantilla - Islantilla","description":"Islantilla inicia obras de cria\u00e7\u00e3o de uma nova pra\u00e7a elevada de madeira ao lado do cal\u00e7ad\u00e3o para abrigar os servi\u00e7os de resgate e salva-vidas."},"footnotes":""},"categories":[2],"tags":[],"class_list":["post-5650","post","type-post","status-publish","format-standard","hentry","category-notas-de-prensa"],"_links":{"self":[{"href":"https:\/\/www.islantilla.es\/pt\/wp-json\/wp\/v2\/posts\/5650","targetHints":{"allow":["GET"]}}],"collection":[{"href":"https:\/\/www.islantilla.es\/pt\/wp-json\/wp\/v2\/posts"}],"about":[{"href":"https:\/\/www.islantilla.es\/pt\/wp-json\/wp\/v2\/types\/post"}],"author":[{"embeddable":true,"href":"https:\/\/www.islantilla.es\/pt\/wp-json\/wp\/v2\/users\/1"}],"replies":[{"embeddable":true,"href":"https:\/\/www.islantilla.es\/pt\/wp-json\/wp\/v2\/comments?post=5650"}],"version-history":[{"count":2,"href":"https:\/\/www.islantilla.es\/pt\/wp-json\/wp\/v2\/posts\/5650\/revisions"}],"predecessor-version":[{"id":5655,"href":"https:\/\/www.islantilla.es\/pt\/wp-json\/wp\/v2\/posts\/5650\/revisions\/5655"}],"wp:attachment":[{"href":"https:\/\/www.islantilla.es\/pt\/wp-json\/wp\/v2\/media?parent=5650"}],"wp:term":[{"taxonomy":"category","embeddable":true,"href":"https:\/\/www.islantilla.es\/pt\/wp-json\/wp\/v2\/categories?post=5650"},{"taxonomy":"post_tag","embeddable":true,"href":"https:\/\/www.islantilla.es\/pt\/wp-json\/wp\/v2\/tags?post=5650"}],"curies":[{"name":"wp","href":"https:\/\/api.w.org\/{rel}","templated":true}]}}