{"id":2980,"date":"2024-07-01T00:52:08","date_gmt":"2024-06-30T22:52:08","guid":{"rendered":"https:\/\/www.islantilla.es\/?p=2980"},"modified":"2025-04-29T21:39:53","modified_gmt":"2025-04-29T19:39:53","slug":"bienvenidos-a-la-costa-de-la-luz-en-islantilla","status":"publish","type":"post","link":"https:\/\/www.islantilla.es\/pt\/bienvenidos-a-la-costa-de-la-luz-en-islantilla\/","title":{"rendered":"Bem-vindo \u00e0 Costa de la Luz em Islantilla"},"content":{"rendered":"<div data-elementor-type=\"wp-post\" data-elementor-id=\"2980\" class=\"elementor elementor-2980\" data-elementor-post-type=\"post\">\n\t\t\t\t<div class=\"elementor-element elementor-element-614d69a e-flex e-con-boxed e-con e-parent\" data-id=\"614d69a\" data-element_type=\"container\" data-e-type=\"container\">\n\t\t\t\t\t<div class=\"e-con-inner\">\n\t\t\t\t<div class=\"elementor-element elementor-element-beecba6 elementor-widget elementor-widget-text-editor\" data-id=\"beecba6\" data-element_type=\"widget\" data-e-type=\"widget\" data-widget_type=\"text-editor.default\">\n\t\t\t\t\t\t\t\t\t<p style=\"text-align: left;\"><strong>destino paradis\u00edaco<\/strong><\/p><p><a href=\"https:\/\/www.islantilla.es\/pt\/\">Islantilla<\/a> \u00c9 uma bela combina\u00e7\u00e3o de luz e mar azul celeste na ponta da Europa. Situa-se na costa andaluza, nas \u00e1guas de Huelva, em frente \u00e0 fronteira portuguesa. O clima maravilhoso, a rica gastronomia e as reservas naturais imbat\u00edveis fazem dele um destino paradis\u00edaco na rota do Algarve a Sevilha; um jardim verdejante \u00e0 beira do Oceano Atl\u00e2ntico. Um lugar onde o sol brilha sobre as tradi\u00e7\u00f5es e a cultura de uma regi\u00e3o a partir da qual Colombo partiu \u00e0 descoberta do Novo Mundo.<\/p><p>A hist\u00f3ria come\u00e7a em 1755, quando o terr\u00edvel terramoto de Lisboa provocou um tsunami que destruiu a enorme zona costeira que inclu\u00eda as localidades de Ayamonte, Lepe e La Redondela e arrastou-a para o mar. Quando a \u00e1gua baixa, grandes promont\u00f3rios arenosos com p\u00e2ntanos formam-se na paisagem plana. A mar\u00e9 alta e o retorno da \u00e1gua ao mar criam uma nova flora e fauna que fervilham de vida dia e noite. Catal\u00e3es e valencianos povoam as novas zonas e, pelo seu esp\u00edrito empreendedor, dedicam-se \u00e0 pesca e \u00e0 constru\u00e7\u00e3o do porto de Isla Cristina. Hoje, Isla Cristina \u00e9 um dos portos de abastecimento de peixe fresco mais importantes de Espanha. Os novos colonos aproveitam os sapais construindo salinas para obter sal para que o peixe, uma vez salgado, possa ser devidamente conservado.<\/p>\t\t\t\t\t\t\t\t<\/div>\n\t\t\t\t<div class=\"elementor-element elementor-element-5067d8e elementor-widget__width-initial elementor-widget-mobile__width-initial elementor-widget elementor-widget-image\" data-id=\"5067d8e\" data-element_type=\"widget\" data-e-type=\"widget\" data-widget_type=\"image.default\">\n\t\t\t\t\t\t\t\t\t\t\t\t\t\t\t<img fetchpriority=\"high\" decoding=\"async\" width=\"1772\" height=\"1181\" src=\"https:\/\/www.islantilla.es\/wp-content\/uploads\/2024\/07\/Ciclistas-Marismas-del-Rio-Piedras.webp\" class=\"attachment-full size-full wp-image-2984\" alt=\"Ciclistas Marismas Del R\u00edo Piedras\" srcset=\"https:\/\/www.islantilla.es\/wp-content\/uploads\/2024\/07\/Ciclistas-Marismas-del-Rio-Piedras.webp 1772w, https:\/\/www.islantilla.es\/wp-content\/uploads\/2024\/07\/Ciclistas-Marismas-del-Rio-Piedras-300x200.webp 300w, https:\/\/www.islantilla.es\/wp-content\/uploads\/2024\/07\/Ciclistas-Marismas-del-Rio-Piedras-1024x682.webp 1024w, https:\/\/www.islantilla.es\/wp-content\/uploads\/2024\/07\/Ciclistas-Marismas-del-Rio-Piedras-768x512.webp 768w, https:\/\/www.islantilla.es\/wp-content\/uploads\/2024\/07\/Ciclistas-Marismas-del-Rio-Piedras-1536x1024.webp 1536w, https:\/\/www.islantilla.es\/wp-content\/uploads\/2024\/07\/Ciclistas-Marismas-del-Rio-Piedras-18x12.webp 18w\" sizes=\"(max-width: 1772px) 100vw, 1772px\" \/>\t\t\t\t\t\t\t\t\t\t\t\t\t\t\t<\/div>\n\t\t\t\t<div class=\"elementor-element elementor-element-073f11c elementor-widget elementor-widget-text-editor\" data-id=\"073f11c\" data-element_type=\"widget\" data-e-type=\"widget\" data-widget_type=\"text-editor.default\">\n\t\t\t\t\t\t\t\t\t<p style=\"text-align: left;\"><strong style=\"color: var( --e-global-color-text ); font-family: var( --e-global-typography-text-font-family ), Sans-serif; font-size: var( --e-global-typography-text-font-size ); text-align: justify; letter-spacing: 0px; word-spacing: 0em;\">A vida nos p\u00e2ntanos<\/strong><\/p><p>Com mais de 3.000 horas de sol por ano e uma temperatura m\u00e9dia de 22 graus, neste destino voc\u00ea pode combinar relaxamento com ciclismo e caminhadas. Poder\u00e1 ainda praticar diversas atividades n\u00e1uticas e existe um maravilhoso campo de golfe. Islantilla \u00e9 um enclave costeiro pertencente \u00e0s localidades de Lepe e Isla Cristina. A vida nesta encruzilhada de p\u00e2ntanos gira em torno do mar, que est\u00e1 em constante movimento vinte e quatro horas por dia. Os percursos cicl\u00edsticos e pedestres percorrem largas faixas quil\u00f3metros de areia fofa e dourada rodeadas por dunas com pinhais, alimentadas pelas \u00e1guas cristalinas do Oceano Atl\u00e2ntico. Grande parte da costa foi declarada Parques ou S\u00edtios Naturais, ou Reserva Natural Protegida. O resultado s\u00e3o praias virgens, dunas tranquilas e sa\u00eddas para o mar e rios.<\/p><p>Dado que grande parte da costa foi declarada sob protec\u00e7\u00e3o, quase n\u00e3o existem edif\u00edcios ao longo da costa. Por isso voc\u00ea encontrar\u00e1 praias virgens, dunas e muitas fozes e rios. Decidi passar alguns dias pedalando pela costa de Islantilla, zona sudoeste de Huelva que faz fronteira com Portugal. \u00c9 de f\u00e1cil acesso, via Sevilha em direc\u00e7\u00e3o a Huelva capital, deixando \u00e0 direita a estrada nacional N341 em direc\u00e7\u00e3o a Portugal. Nos meses de julho e agosto h\u00e1 muita atividade tur\u00edstica local, mas fora desse per\u00edodo o ambiente \u00e9 maravilhosamente tranquilo.<\/p><p>Islantilla \u00e9 o mar. Viver do e com o mar. \u00c9 por isso que existem v\u00e1rias f\u00e1bricas de conservas de peixe na \u00e1rea. Existem centenas de atuns prateados brilhantes esperando para serem processados. Antigamente estas f\u00e1bricas eram locais onde o peixe era salgado seguindo o mesmo procedimento utilizado pelos romanos. Hoje em dia s\u00f3 se salga a melhor parte do atum, chamada mojama: o creme de atum, por assim dizer, uma verdadeira iguaria.<\/p>\t\t\t\t\t\t\t\t<\/div>\n\t\t\t\t<div class=\"elementor-element elementor-element-428e360 elementor-widget__width-initial elementor-widget-mobile__width-initial elementor-widget elementor-widget-image\" data-id=\"428e360\" data-element_type=\"widget\" data-e-type=\"widget\" data-widget_type=\"image.default\">\n\t\t\t\t\t\t\t\t\t\t\t\t\t\t\t<img decoding=\"async\" width=\"1772\" height=\"1181\" src=\"https:\/\/www.islantilla.es\/wp-content\/uploads\/2024\/07\/Playa-del-Cantil.webp\" class=\"attachment-full size-full wp-image-2982\" alt=\"Playa Del Cantil de Isla Cristina\" srcset=\"https:\/\/www.islantilla.es\/wp-content\/uploads\/2024\/07\/Playa-del-Cantil.webp 1772w, https:\/\/www.islantilla.es\/wp-content\/uploads\/2024\/07\/Playa-del-Cantil-300x200.webp 300w, https:\/\/www.islantilla.es\/wp-content\/uploads\/2024\/07\/Playa-del-Cantil-1024x682.webp 1024w, https:\/\/www.islantilla.es\/wp-content\/uploads\/2024\/07\/Playa-del-Cantil-768x512.webp 768w, https:\/\/www.islantilla.es\/wp-content\/uploads\/2024\/07\/Playa-del-Cantil-1536x1024.webp 1536w, https:\/\/www.islantilla.es\/wp-content\/uploads\/2024\/07\/Playa-del-Cantil-18x12.webp 18w\" sizes=\"(max-width: 1772px) 100vw, 1772px\" \/>\t\t\t\t\t\t\t\t\t\t\t\t\t\t\t<\/div>\n\t\t\t\t<div class=\"elementor-element elementor-element-88ca830 elementor-widget elementor-widget-text-editor\" data-id=\"88ca830\" data-element_type=\"widget\" data-e-type=\"widget\" data-widget_type=\"text-editor.default\">\n\t\t\t\t\t\t\t\t\t<p style=\"text-align: left;\"><strong style=\"color: var( --e-global-color-text ); font-family: var( --e-global-typography-text-font-family ), Sans-serif; font-size: var( --e-global-typography-text-font-size ); text-align: justify; letter-spacing: 0px; word-spacing: 0em;\">Quest\u00f5es pr\u00e1ticas<\/strong><\/p><p>V\u00e1rias popula\u00e7\u00f5es dispersas comp\u00f5em o entorno do <a href=\"https:\/\/www.islantilla.es\/pt\/nuestro-entorno\/\">Comunidade de Islantilla<\/a>; Lepe, Isla Cristina, La Redondela, Urbasur, Pozo del Camino e La Antilla. Chega-se a Islantilla via Sevilha em direc\u00e7\u00e3o \u00e0 capital Huelva, seguindo a estrada principal para Portugal. Esta rodovia de duas pistas \u00e9 a for\u00e7a vital do turismo local; Muito movimentado em julho e agosto, mas maravilhosamente tranquilo nos meses restantes. Uma \u00e1rea de ciclismo ideal e bastante plana para percursos ao longo de boas ciclovias, uma Via Verde, mas tamb\u00e9m belos percursos de BTT.<\/p><p>Para passar a noite h\u00e1 uma grande variedade de <a href=\"https:\/\/www.islantilla.es\/pt\/alojamiento\/\">hot\u00e9is e apartamentos<\/a>. Existem dois parques de campismo entre Isla Cristina e La Antilla. E existe ainda um parque de autocaravanas em excelente estado de conserva\u00e7\u00e3o, localizado directamente na Via Verde, com uma bela vista sobre os sapais.<\/p>\t\t\t\t\t\t\t\t<\/div>\n\t\t\t\t<div class=\"elementor-element elementor-element-d923195 elementor-widget__width-initial elementor-widget-mobile__width-initial elementor-widget elementor-widget-image\" data-id=\"d923195\" data-element_type=\"widget\" data-e-type=\"widget\" data-widget_type=\"image.default\">\n\t\t\t\t\t\t\t\t\t\t\t\t\t\t\t<img decoding=\"async\" width=\"800\" height=\"600\" src=\"https:\/\/www.islantilla.es\/wp-content\/uploads\/2024\/07\/IMG20230410163957-1024x768.webp\" class=\"attachment-large size-large wp-image-2983\" alt=\"Oppo 2\" srcset=\"https:\/\/www.islantilla.es\/wp-content\/uploads\/2024\/07\/IMG20230410163957-1024x768.webp 1024w, https:\/\/www.islantilla.es\/wp-content\/uploads\/2024\/07\/IMG20230410163957-300x225.webp 300w, https:\/\/www.islantilla.es\/wp-content\/uploads\/2024\/07\/IMG20230410163957-768x576.webp 768w, https:\/\/www.islantilla.es\/wp-content\/uploads\/2024\/07\/IMG20230410163957-1536x1152.webp 1536w, https:\/\/www.islantilla.es\/wp-content\/uploads\/2024\/07\/IMG20230410163957-16x12.webp 16w, https:\/\/www.islantilla.es\/wp-content\/uploads\/2024\/07\/IMG20230410163957.webp 1772w\" sizes=\"(max-width: 800px) 100vw, 800px\" \/>\t\t\t\t\t\t\t\t\t\t\t\t\t\t\t<\/div>\n\t\t\t\t\t<\/div>\n\t\t\t\t<\/div>\n\t\t\t\t<\/div>","protected":false},"excerpt":{"rendered":"<p>As praias da Costa de la Luz, na prov\u00edncia de Huelva, est\u00e3o entre as mais belas de Espanha e at\u00e9 da Europa. Voc\u00ea encontrar\u00e1 largas faixas de areia fofa e dourada, com quil\u00f4metros de extens\u00e3o, cercadas por dunas com pinhais alimentados pelas \u00e1guas cristalinas do Oceano Atl\u00e2ntico.<\/p>","protected":false},"author":1,"featured_media":2981,"comment_status":"closed","ping_status":"closed","sticky":false,"template":"","format":"standard","meta":{"slim_seo":{"title":"Bem-vindo \u00e0 Costa de la Luz em Islantilla","description":"Se dice que las playas de la Costa de la Luz en la provincia de Huelva se encuentran entre las m\u00e1s bellas de Espa\u00f1a e incluso de Europa. Encontrar\u00e1s amplias y k"},"footnotes":""},"categories":[34],"tags":[],"class_list":["post-2980","post","type-post","status-publish","format-standard","has-post-thumbnail","hentry","category-entorno"],"_links":{"self":[{"href":"https:\/\/www.islantilla.es\/pt\/wp-json\/wp\/v2\/posts\/2980","targetHints":{"allow":["GET"]}}],"collection":[{"href":"https:\/\/www.islantilla.es\/pt\/wp-json\/wp\/v2\/posts"}],"about":[{"href":"https:\/\/www.islantilla.es\/pt\/wp-json\/wp\/v2\/types\/post"}],"author":[{"embeddable":true,"href":"https:\/\/www.islantilla.es\/pt\/wp-json\/wp\/v2\/users\/1"}],"replies":[{"embeddable":true,"href":"https:\/\/www.islantilla.es\/pt\/wp-json\/wp\/v2\/comments?post=2980"}],"version-history":[{"count":9,"href":"https:\/\/www.islantilla.es\/pt\/wp-json\/wp\/v2\/posts\/2980\/revisions"}],"predecessor-version":[{"id":3009,"href":"https:\/\/www.islantilla.es\/pt\/wp-json\/wp\/v2\/posts\/2980\/revisions\/3009"}],"wp:featuredmedia":[{"embeddable":true,"href":"https:\/\/www.islantilla.es\/pt\/wp-json\/wp\/v2\/media\/2981"}],"wp:attachment":[{"href":"https:\/\/www.islantilla.es\/pt\/wp-json\/wp\/v2\/media?parent=2980"}],"wp:term":[{"taxonomy":"category","embeddable":true,"href":"https:\/\/www.islantilla.es\/pt\/wp-json\/wp\/v2\/categories?post=2980"},{"taxonomy":"post_tag","embeddable":true,"href":"https:\/\/www.islantilla.es\/pt\/wp-json\/wp\/v2\/tags?post=2980"}],"curies":[{"name":"wp","href":"https:\/\/api.w.org\/{rel}","templated":true}]}}