{"id":2684,"date":"2026-07-29T11:45:29","date_gmt":"2026-07-29T09:45:29","guid":{"rendered":"https:\/\/www.islantilla.es\/programacioncultural\/?p=2684"},"modified":"2026-08-17T11:56:17","modified_gmt":"2026-08-17T09:56:17","slug":"detente-un-momento-esta-obra-merece-unos-minutos-de-tu-tiempo-meditarte","status":"publish","type":"post","link":"https:\/\/www.islantilla.es\/programacioncultural\/2026\/07\/29\/detente-un-momento-esta-obra-merece-unos-minutos-de-tu-tiempo-meditarte\/","title":{"rendered":"Juan Gal\u00e1n participa en el proyecto MeditArte con dos obras de su colecci\u00f3n &#8216;Patios&#8217;"},"content":{"rendered":"\n<p class=\"wp-block-paragraph\">Hay artistas que pintan paisajes. El ayamontino Juan Gal\u00e1n pinta la luz.<\/p>\n\n\n\n<p class=\"wp-block-paragraph\">Sus pinceladas, libres y decididas, convierten escenas cotidianas en lugares donde apetece quedarse un rato m\u00e1s. El agua, las flores, los patios, los rincones que normalmente pasan desapercibidos&#8230; Todo cobra una nueva vida cuando pasa por su mirada.<\/p>\n\n\n\n<p class=\"wp-block-paragraph\">Quiz\u00e1 esa sea la esencia de esta propuesta de MeditArte: aprender a observar sin prisas. Descubrir la belleza de lo sencillo. Regalarle unos minutos de calma a la mente a trav\u00e9s del arte.<\/p>\n\n\n\n<p class=\"wp-block-paragraph\">Porque, a veces, el bienestar empieza simplemente mirando de otra manera.<\/p>\n\n\n\n<p class=\"wp-block-paragraph\">Si te interesa conocer c\u00f3mo funcionan las pr\u00f3ximas sesiones de MeditArte y c\u00f3mo participar en esta experiencia que une arte y mindfulness, escr\u00edbenos a cultura@islantilla.es y te informaremos de las pr\u00f3ximas convocatorias.<\/p>\n\n\n\n<figure class=\"wp-block-video\"><video height=\"850\" style=\"aspect-ratio: 478 \/ 850;\" width=\"478\" controls src=\"https:\/\/www.islantilla.es\/programacioncultural\/wp-content\/uploads\/2026\/08\/WhatsApp-Video-2026-04-28-at-19.11.591.mp4\"><\/video><\/figure>\n","protected":false},"excerpt":{"rendered":"<p>Hay artistas que pintan paisajes. El ayamontino Juan Gal\u00e1n pinta la luz. Sus pinceladas, libres y decididas, convierten escenas cotidianas en lugares donde apetece quedarse un rato m\u00e1s. El agua, &hellip; <\/p>\n","protected":false},"author":3,"featured_media":2686,"comment_status":"open","ping_status":"open","sticky":false,"template":"","format":"standard","meta":{"footnotes":""},"categories":[1],"tags":[],"class_list":["post-2684","post","type-post","status-publish","format-standard","has-post-thumbnail","hentry","category-cultura"],"_links":{"self":[{"href":"https:\/\/www.islantilla.es\/programacioncultural\/wp-json\/wp\/v2\/posts\/2684","targetHints":{"allow":["GET"]}}],"collection":[{"href":"https:\/\/www.islantilla.es\/programacioncultural\/wp-json\/wp\/v2\/posts"}],"about":[{"href":"https:\/\/www.islantilla.es\/programacioncultural\/wp-json\/wp\/v2\/types\/post"}],"author":[{"embeddable":true,"href":"https:\/\/www.islantilla.es\/programacioncultural\/wp-json\/wp\/v2\/users\/3"}],"replies":[{"embeddable":true,"href":"https:\/\/www.islantilla.es\/programacioncultural\/wp-json\/wp\/v2\/comments?post=2684"}],"version-history":[{"count":4,"href":"https:\/\/www.islantilla.es\/programacioncultural\/wp-json\/wp\/v2\/posts\/2684\/revisions"}],"predecessor-version":[{"id":2691,"href":"https:\/\/www.islantilla.es\/programacioncultural\/wp-json\/wp\/v2\/posts\/2684\/revisions\/2691"}],"wp:featuredmedia":[{"embeddable":true,"href":"https:\/\/www.islantilla.es\/programacioncultural\/wp-json\/wp\/v2\/media\/2686"}],"wp:attachment":[{"href":"https:\/\/www.islantilla.es\/programacioncultural\/wp-json\/wp\/v2\/media?parent=2684"}],"wp:term":[{"taxonomy":"category","embeddable":true,"href":"https:\/\/www.islantilla.es\/programacioncultural\/wp-json\/wp\/v2\/categories?post=2684"},{"taxonomy":"post_tag","embeddable":true,"href":"https:\/\/www.islantilla.es\/programacioncultural\/wp-json\/wp\/v2\/tags?post=2684"}],"curies":[{"name":"wp","href":"https:\/\/api.w.org\/{rel}","templated":true}]}}