{"id":2622,"date":"2026-08-01T11:00:00","date_gmt":"2026-08-01T09:00:00","guid":{"rendered":"https:\/\/www.islantilla.es\/programacioncultural\/?p=2622"},"modified":"2026-08-04T09:30:04","modified_gmt":"2026-08-04T07:30:04","slug":"libro-del-mes-de-agosto","status":"publish","type":"post","link":"https:\/\/www.islantilla.es\/programacioncultural\/2026\/08\/01\/libro-del-mes-de-agosto\/","title":{"rendered":"Libro del mes de agosto"},"content":{"rendered":"\n<p class=\"wp-block-paragraph\">Los grandes cl\u00e1sicos no envejecen. Siguen habl\u00e1ndonos.<\/p>\n\n\n\n<p class=\"wp-block-paragraph\">Este mes, en nuestro punto de lectura, recuperamos una de las obras fundamentales de la literatura espa\u00f1ola: El conde Lucanor, de Don Juan Manuel.<\/p>\n\n\n\n<p class=\"wp-block-paragraph\">A trav\u00e9s de relatos breves llenos de ingenio, el sabio Patronio responde a las dudas de su se\u00f1or con historias que invitan a reflexionar sobre la vida, las decisiones y los dilemas morales. Escrita en el siglo XIV, esta obra sigue demostrando que las mejores ense\u00f1anzas no entienden de siglos.<\/p>\n\n\n\n<p class=\"wp-block-paragraph\">Una lectura para disfrutar de un cl\u00e1sico imprescindible y descubrir por qu\u00e9 sigue conquistando lectores generaci\u00f3n tras generaci\u00f3n.<\/p>\n\n\n\n<p class=\"wp-block-paragraph\">Punto de lectura: Biblioteca Luis Ciges<\/p>\n\n\n\n<p class=\"wp-block-paragraph\">De lunes a viernes, de 9h a 14h<\/p>\n\n\n\n<p class=\"wp-block-paragraph\">Los libros no se prestan, se leen all\u00ed, con calma y disfrutando de cada p\u00e1gina.<\/p>\n\n\n\n<p class=\"wp-block-paragraph\">\u00bfTe gusta leer y compartir lo que lees?<\/p>\n\n\n\n<p class=\"wp-block-paragraph\">En oto\u00f1o retomamos nuestro C\u00edrculo de Lectura, integrado en la Red Provincial de Clubes de Lectura. Si te apetece formar parte, escribe LECTURA en comentarios y te contamos c\u00f3mo unirte.<\/p>\n","protected":false},"excerpt":{"rendered":"<p>Los grandes cl\u00e1sicos no envejecen. Siguen habl\u00e1ndonos. Este mes, en nuestro punto de lectura, recuperamos una de las obras fundamentales de la literatura espa\u00f1ola: El conde Lucanor, de Don Juan &hellip; <\/p>\n","protected":false},"author":3,"featured_media":2627,"comment_status":"open","ping_status":"open","sticky":false,"template":"","format":"standard","meta":{"footnotes":""},"categories":[1],"tags":[],"class_list":["post-2622","post","type-post","status-publish","format-standard","has-post-thumbnail","hentry","category-cultura"],"_links":{"self":[{"href":"https:\/\/www.islantilla.es\/programacioncultural\/wp-json\/wp\/v2\/posts\/2622","targetHints":{"allow":["GET"]}}],"collection":[{"href":"https:\/\/www.islantilla.es\/programacioncultural\/wp-json\/wp\/v2\/posts"}],"about":[{"href":"https:\/\/www.islantilla.es\/programacioncultural\/wp-json\/wp\/v2\/types\/post"}],"author":[{"embeddable":true,"href":"https:\/\/www.islantilla.es\/programacioncultural\/wp-json\/wp\/v2\/users\/3"}],"replies":[{"embeddable":true,"href":"https:\/\/www.islantilla.es\/programacioncultural\/wp-json\/wp\/v2\/comments?post=2622"}],"version-history":[{"count":2,"href":"https:\/\/www.islantilla.es\/programacioncultural\/wp-json\/wp\/v2\/posts\/2622\/revisions"}],"predecessor-version":[{"id":2625,"href":"https:\/\/www.islantilla.es\/programacioncultural\/wp-json\/wp\/v2\/posts\/2622\/revisions\/2625"}],"wp:featuredmedia":[{"embeddable":true,"href":"https:\/\/www.islantilla.es\/programacioncultural\/wp-json\/wp\/v2\/media\/2627"}],"wp:attachment":[{"href":"https:\/\/www.islantilla.es\/programacioncultural\/wp-json\/wp\/v2\/media?parent=2622"}],"wp:term":[{"taxonomy":"category","embeddable":true,"href":"https:\/\/www.islantilla.es\/programacioncultural\/wp-json\/wp\/v2\/categories?post=2622"},{"taxonomy":"post_tag","embeddable":true,"href":"https:\/\/www.islantilla.es\/programacioncultural\/wp-json\/wp\/v2\/tags?post=2622"}],"curies":[{"name":"wp","href":"https:\/\/api.w.org\/{rel}","templated":true}]}}