{"id":2602,"date":"2026-07-31T10:00:00","date_gmt":"2026-07-31T08:00:00","guid":{"rendered":"https:\/\/www.islantilla.es\/programacioncultural\/?p=2602"},"modified":"2026-08-03T09:30:57","modified_gmt":"2026-08-03T07:30:57","slug":"islantilla-vibro-con-el-espectaculo-noche-de-carnaval-en-el-auditorio-al-aire-libre-del-parque-el-camaleon","status":"publish","type":"post","link":"https:\/\/www.islantilla.es\/programacioncultural\/2026\/07\/31\/islantilla-vibro-con-el-espectaculo-noche-de-carnaval-en-el-auditorio-al-aire-libre-del-parque-el-camaleon\/","title":{"rendered":"Islantilla vibr\u00f3 con el espect\u00e1culo &#8216;Noche de Carnaval&#8217; en el auditorio al aire libre del Parque \u2018El Camale\u00f3n\u2019"},"content":{"rendered":"\n<p class=\"wp-block-paragraph\">La cita cont\u00f3 con la actuaci\u00f3n de los ganadores del Primer Premio de Murgas, Comparsas y Coros del concurso de Isla Cristina de 2026.<\/p>\n\n\n\n<p class=\"wp-block-paragraph\">El auditorio al aire libre del Parque &#8216;El Camale\u00f3n&#8217; acogi\u00f3 anoche el espect\u00e1culo &#8216;Noche de Carnaval&#8217;, incluido en la programaci\u00f3n cultural especial de verano que la Mancomunidad de Islantilla durante los meses de julio y agosto en este rinc\u00f3n litoral onubense compartido por los municipios de Isla Cristina y Lepe.<\/p>\n\n\n\n<p class=\"wp-block-paragraph\">Con la participaci\u00f3n de las tres agrupaciones ganadoras en las categor\u00edas Murga, Comparsa y Coro en el Concurso del Carnaval de Isla Cristina de este a\u00f1o, el programa sirvi\u00f3 para acercar una de las tradiciones m\u00e1s arraigadas de la poblaci\u00f3n isle\u00f1a, declarada Fiesta de Inter\u00e9s Tur\u00edstico de Andaluc\u00eda, a los visitantes, turistas y residentes de Islantilla que quisieron acercarse esa noche a disfrutar de este espect\u00e1culo gratuito, llenando las gradas de uno de los espacios esc\u00e9nicos m\u00e1s atractivos de este enclave tur\u00edstico.<\/p>\n\n\n\n<p class=\"wp-block-paragraph\">Las agrupaciones participantes fueron &#8216;Las que vienen del empalme y amanecen en Valme&#8217; (Primer Premio en la categor\u00eda de Murgas), &#8216;Mindundi&#8217; (Primer Premio en la categor\u00eda de Comparsas) y &#8216;El Esp\u00edritu de la Tierra&#8217; (Primer Premio en la categor\u00eda de Coros).<\/p>\n\n\n\n<p class=\"wp-block-paragraph\">\u2018Las que vienen del empalme y amanecen en Valme\u2019, bajo la direcci\u00f3n de Paco Contreras y Manuel Rodr\u00edguez \u00abMaska\u00bb, han cosechado, adem\u00e1s, un Tercer Premio en la edici\u00f3n de 2024 y un Primer Premio en su categor\u00eda en 2025.<\/p>\n\n\n\n<figure class=\"wp-block-image size-full\"><a href=\"https:\/\/www.islantilla.es\/programacioncultural\/wp-content\/uploads\/2026\/08\/02_1.jpg\"><img loading=\"lazy\" decoding=\"async\" width=\"1920\" height=\"1081\" src=\"https:\/\/www.islantilla.es\/programacioncultural\/wp-content\/uploads\/2026\/08\/02_1.jpg\" alt=\"\" class=\"wp-image-2603\" srcset=\"https:\/\/www.islantilla.es\/programacioncultural\/wp-content\/uploads\/2026\/08\/02_1.jpg 1920w, https:\/\/www.islantilla.es\/programacioncultural\/wp-content\/uploads\/2026\/08\/02_1-300x169.jpg 300w, https:\/\/www.islantilla.es\/programacioncultural\/wp-content\/uploads\/2026\/08\/02_1-1024x577.jpg 1024w, https:\/\/www.islantilla.es\/programacioncultural\/wp-content\/uploads\/2026\/08\/02_1-768x432.jpg 768w, https:\/\/www.islantilla.es\/programacioncultural\/wp-content\/uploads\/2026\/08\/02_1-1536x865.jpg 1536w\" sizes=\"auto, (max-width: 1920px) 100vw, 1920px\" \/><\/a><\/figure>\n\n\n\n<p class=\"wp-block-paragraph\">La comparsa &#8216;Mindundi&#8217;, codirigida por Jes\u00fas Rodr\u00edguez y Fran Mill\u00e1n, se ha alzado asimismo con dos Segundos Premios y dos Primeros Premios en ediciones anteriores.<\/p>\n\n\n\n<figure class=\"wp-block-image size-full\"><a href=\"https:\/\/www.islantilla.es\/programacioncultural\/wp-content\/uploads\/2026\/08\/01_2.jpg\"><img loading=\"lazy\" decoding=\"async\" width=\"1920\" height=\"1081\" src=\"https:\/\/www.islantilla.es\/programacioncultural\/wp-content\/uploads\/2026\/08\/01_2.jpg\" alt=\"\" class=\"wp-image-2604\" srcset=\"https:\/\/www.islantilla.es\/programacioncultural\/wp-content\/uploads\/2026\/08\/01_2.jpg 1920w, https:\/\/www.islantilla.es\/programacioncultural\/wp-content\/uploads\/2026\/08\/01_2-300x169.jpg 300w, https:\/\/www.islantilla.es\/programacioncultural\/wp-content\/uploads\/2026\/08\/01_2-1024x577.jpg 1024w, https:\/\/www.islantilla.es\/programacioncultural\/wp-content\/uploads\/2026\/08\/01_2-768x432.jpg 768w, https:\/\/www.islantilla.es\/programacioncultural\/wp-content\/uploads\/2026\/08\/01_2-1536x865.jpg 1536w\" sizes=\"auto, (max-width: 1920px) 100vw, 1920px\" \/><\/a><\/figure>\n\n\n\n<p class=\"wp-block-paragraph\">Finalmente, y bajo la direcci\u00f3n de Juani Contreras y Mateo Rodr\u00edguez, &#8216;El Esp\u00edritu de la Tierra&#8217; volvi\u00f3 anoche al escenario despu\u00e9s de nueve a\u00f1os de trayectoria en los que esta agrupaci\u00f3n ha ganado en todas y cada una de las ocasiones el Primer Premio en su categor\u00eda.<\/p>\n\n\n\n<figure class=\"wp-block-image size-full\"><a href=\"https:\/\/www.islantilla.es\/programacioncultural\/wp-content\/uploads\/2026\/08\/05_1.jpg\"><img loading=\"lazy\" decoding=\"async\" width=\"1920\" height=\"1081\" src=\"https:\/\/www.islantilla.es\/programacioncultural\/wp-content\/uploads\/2026\/08\/05_1.jpg\" alt=\"\" class=\"wp-image-2606\" srcset=\"https:\/\/www.islantilla.es\/programacioncultural\/wp-content\/uploads\/2026\/08\/05_1.jpg 1920w, https:\/\/www.islantilla.es\/programacioncultural\/wp-content\/uploads\/2026\/08\/05_1-300x169.jpg 300w, https:\/\/www.islantilla.es\/programacioncultural\/wp-content\/uploads\/2026\/08\/05_1-1024x577.jpg 1024w, https:\/\/www.islantilla.es\/programacioncultural\/wp-content\/uploads\/2026\/08\/05_1-768x432.jpg 768w, https:\/\/www.islantilla.es\/programacioncultural\/wp-content\/uploads\/2026\/08\/05_1-1536x865.jpg 1536w\" sizes=\"auto, (max-width: 1920px) 100vw, 1920px\" \/><\/a><\/figure>\n\n\n\n<p class=\"wp-block-paragraph\">Unas chicas que salen de marcha durante las Fiestas de El Carmen, un grupo de donnadies y una tribu ind\u00edgena de la Am\u00e9rica precolombina, \u2026 con este ramillete de tipos carnavaleros se cuaj\u00f3 una noche que promet\u00eda emoci\u00f3n y diversi\u00f3n para una de las veladas preferidas por el p\u00fablico de este auditorio, convirtiendo un a\u00f1o m\u00e1s la &#8216;Noche de Carnaval&#8217; en un cl\u00e1sico en la programaci\u00f3n veraniega de Islantilla, y cosechando edici\u00f3n tras edici\u00f3n una excelente respuesta de los espectadores.<\/p>\n\n\n\n<p class=\"wp-block-paragraph\">Pr\u00f3ximamente, en este mismo lugar, tendr\u00e1n lugar tambi\u00e9n dos citas habituales en la programaci\u00f3n estival de Islantilla: la actuaci\u00f3n de la Banda de Musica Isle\u00f1a el d\u00eda 13 de agosto, y la &#8216;Noche de Canto Coral&#8217;, que el 20 de agosto reunir\u00e1 en el mismo escenario a la Coral Polif\u00f3nica Isla Cristina y a la Coral Polif\u00f3nica de Isla Cristina &#8216;Padre Jos\u00e9 Mirabent&#8217;.<\/p>\n\n\n\n<p class=\"wp-block-paragraph\">El auditorio al aire libre del Parque &#8216;El Camale\u00f3n&#8217; de Islantilla es uno de los principales espacios esc\u00e9nicos de este enclave tur\u00edstico costero. Se trata de una infraestructura con capacidad de aforo para 400 personas sentadas y de m\u00e1s de 1.200 personas de pie, con una ubicaci\u00f3n llena de encanto rodeada de pinares.<\/p>\n\n\n\n<figure class=\"wp-block-video\"><video height=\"1280\" style=\"aspect-ratio: 720 \/ 1280;\" width=\"720\" controls src=\"https:\/\/www.islantilla.es\/programacioncultural\/wp-content\/uploads\/2026\/07\/FDownloader.Net_AQOawRrmrZYwoL-jNSamSfG_U46AJRi4IBZd_dibIqa5WpRvw7Svs_szFmjF9xpM6Yfu959z90rAXeRs82KMMWm6Gn-XY7kKOsazMC751w4uzA_720p_HD.mp4\"><\/video><\/figure>\n\n\n\n<p class=\"wp-block-paragraph\"><\/p>\n","protected":false},"excerpt":{"rendered":"<p>La cita cont\u00f3 con la actuaci\u00f3n de los ganadores del Primer Premio de Murgas, Comparsas y Coros del concurso de Isla Cristina de 2026. El auditorio al aire libre del &hellip; <\/p>\n","protected":false},"author":3,"featured_media":2610,"comment_status":"open","ping_status":"open","sticky":false,"template":"","format":"standard","meta":{"footnotes":""},"categories":[1],"tags":[],"class_list":["post-2602","post","type-post","status-publish","format-standard","has-post-thumbnail","hentry","category-cultura"],"_links":{"self":[{"href":"https:\/\/www.islantilla.es\/programacioncultural\/wp-json\/wp\/v2\/posts\/2602","targetHints":{"allow":["GET"]}}],"collection":[{"href":"https:\/\/www.islantilla.es\/programacioncultural\/wp-json\/wp\/v2\/posts"}],"about":[{"href":"https:\/\/www.islantilla.es\/programacioncultural\/wp-json\/wp\/v2\/types\/post"}],"author":[{"embeddable":true,"href":"https:\/\/www.islantilla.es\/programacioncultural\/wp-json\/wp\/v2\/users\/3"}],"replies":[{"embeddable":true,"href":"https:\/\/www.islantilla.es\/programacioncultural\/wp-json\/wp\/v2\/comments?post=2602"}],"version-history":[{"count":4,"href":"https:\/\/www.islantilla.es\/programacioncultural\/wp-json\/wp\/v2\/posts\/2602\/revisions"}],"predecessor-version":[{"id":2617,"href":"https:\/\/www.islantilla.es\/programacioncultural\/wp-json\/wp\/v2\/posts\/2602\/revisions\/2617"}],"wp:featuredmedia":[{"embeddable":true,"href":"https:\/\/www.islantilla.es\/programacioncultural\/wp-json\/wp\/v2\/media\/2610"}],"wp:attachment":[{"href":"https:\/\/www.islantilla.es\/programacioncultural\/wp-json\/wp\/v2\/media?parent=2602"}],"wp:term":[{"taxonomy":"category","embeddable":true,"href":"https:\/\/www.islantilla.es\/programacioncultural\/wp-json\/wp\/v2\/categories?post=2602"},{"taxonomy":"post_tag","embeddable":true,"href":"https:\/\/www.islantilla.es\/programacioncultural\/wp-json\/wp\/v2\/tags?post=2602"}],"curies":[{"name":"wp","href":"https:\/\/api.w.org\/{rel}","templated":true}]}}