{"id":2584,"date":"2026-07-29T12:10:00","date_gmt":"2026-07-29T10:10:00","guid":{"rendered":"https:\/\/www.islantilla.es\/programacioncultural\/?p=2584"},"modified":"2026-07-30T08:33:40","modified_gmt":"2026-07-30T06:33:40","slug":"humor-musica-y-color-la-noche-de-carnaval-llega-al-auditorio-del-parque-el-camaleon","status":"publish","type":"post","link":"https:\/\/www.islantilla.es\/programacioncultural\/2026\/07\/29\/humor-musica-y-color-la-noche-de-carnaval-llega-al-auditorio-del-parque-el-camaleon\/","title":{"rendered":"Humor, m\u00fasica y color: la Noche de Carnaval llega al Auditorio del Parque El Camale\u00f3n"},"content":{"rendered":"\n<p class=\"wp-block-paragraph\">El 30 de julio el Auditorio del Parque El Camale\u00f3n acoge este espect\u00e1culo: una muestra del Carnaval de Isla Cristina, en el que se dar\u00e1n cita las tres agrupaciones ganadoras este a\u00f1o, 2026, en las categor\u00edas Murga, Comparsa y Coro. En concreto, tendr\u00e1n lugar las actuaciones:<\/p>\n\n\n\n<ul class=\"wp-block-list\">\n<li>Las que vienen de empalme y amanecen en Valme (Primer Premio en la categor\u00eda de Murgas)<\/li>\n\n\n\n<li>Mindundi (Primer Premio en la categor\u00eda de Comparsas)<\/li>\n\n\n\n<li>El Esp\u00edritu de la Tierra (Primer Premio en la categor\u00eda de Coros)<\/li>\n<\/ul>\n\n\n\n<figure class=\"wp-block-image size-full\"><a href=\"https:\/\/www.islantilla.es\/programacioncultural\/wp-content\/uploads\/2026\/07\/cartel-scaled.jpg\"><img loading=\"lazy\" decoding=\"async\" width=\"1810\" height=\"2560\" src=\"https:\/\/www.islantilla.es\/programacioncultural\/wp-content\/uploads\/2026\/07\/cartel-scaled.jpg\" alt=\"\" class=\"wp-image-2534\" srcset=\"https:\/\/www.islantilla.es\/programacioncultural\/wp-content\/uploads\/2026\/07\/cartel-scaled.jpg 1810w, https:\/\/www.islantilla.es\/programacioncultural\/wp-content\/uploads\/2026\/07\/cartel-212x300.jpg 212w, https:\/\/www.islantilla.es\/programacioncultural\/wp-content\/uploads\/2026\/07\/cartel-724x1024.jpg 724w, https:\/\/www.islantilla.es\/programacioncultural\/wp-content\/uploads\/2026\/07\/cartel-768x1086.jpg 768w, https:\/\/www.islantilla.es\/programacioncultural\/wp-content\/uploads\/2026\/07\/cartel-1086x1536.jpg 1086w, https:\/\/www.islantilla.es\/programacioncultural\/wp-content\/uploads\/2026\/07\/cartel-1448x2048.jpg 1448w\" sizes=\"auto, (max-width: 1810px) 100vw, 1810px\" \/><\/a><\/figure>\n\n\n\n<p class=\"wp-block-paragraph\">\u2018Las que viene de empalme y amanecen en Valme\u2019, murga ganadora del Primer Premio en 2026, han cosechado, adem\u00e1s, en la edici\u00f3n de 2024 un Tercer Premio y en 2025 un Primer Premio en su categor\u00eda.<\/p>\n\n\n\n<p class=\"wp-block-paragraph\">Direcci\u00f3n: Paco Contreras y Manuel Rodr\u00edguez \u201cMaska\u201d<br>Letras: Servando C\u00e1rdenas, Sergio C\u00e1rdenas y Manuel Colum\u00e9<br>M\u00fasica: Antonio Rodr\u00edguez \u201cRodri\u201d<\/p>\n\n\n\n<p class=\"wp-block-paragraph\">La comparsa \u2018Mindundi\u2019 ganadora del Primer Premio en el Carnaval de Isla Cristina 2026, en su categor\u00eda, ha cosechado asimismo dos Segundos Premios y dos Primeros Premios en ediciones anteriores.<\/p>\n\n\n\n<p class=\"wp-block-paragraph\">Direcci\u00f3n: Jes\u00fas Rodr\u00edguez y Fran Millan<br>Letras: F\u00e9lix Ant\u00edlopez y Juanlu Camacho<br>M\u00fasica: Fran Mill\u00e1n y Rub\u00e9n Vallejo<\/p>\n\n\n\n<p class=\"wp-block-paragraph\">Despu\u00e9s de nueve a\u00f1os de trayectoria en los que esta agrupaci\u00f3n ha ganado en todas y cada una de las ocasiones el Primer Premio en su categor\u00eda, vuelven al escenario de El Auditorio de El Camale\u00f3n el coro \u2018El Esp\u00edritu de la Tierra\u2019, ganador, tambi\u00e9n del Primer Premio en este 2026.<\/p>\n\n\n\n<p class=\"wp-block-paragraph\">Direcci\u00f3n: Juani Contreras y Mateo Rodr\u00edguez<br>Letras: Ram\u00f3n Contreras, Francisco Gonz\u00e1lez y Roc\u00edo Camacho<br>M\u00fasica: Manuel Jes\u00fas Garrido, Ana Rodr\u00edguez Contreras y Jes\u00fas Rodr\u00edguez Contreras<br>Dise\u00f1o: Anabel Rodr\u00edguez<\/p>\n\n\n\n<p class=\"wp-block-paragraph\">Una tribu ind\u00edgena de la Am\u00e9rica precolombina, unas chicas que salen de marcha durante las Fiestas de El Carmen y un grupo de donnadies\u2026 Con este ramillete de tipos carnavaleros la noche del 30 de julio promete emoci\u00f3n y diversi\u00f3n en una de las veladas preferidas por el p\u00fablico del Auditorio del Parque El Camale\u00f3n, que se ha convertido en todo un cl\u00e1sico de la programaci\u00f3n estival de cultura, La Noche de Carnaval; con la que la Mancomunidad de Islantilla comparte, junto a visitantes, turistas y residentes, una de las tradiciones m\u00e1s arraigadas de la poblaci\u00f3n isle\u00f1a, declarada Fiesta de Inter\u00e9s Tur\u00edstico de Andaluc\u00eda.<\/p>\n\n\n\n<p class=\"wp-block-paragraph\">22:00 horas<br>Auditorio del Parque El Camale\u00f3n<br>Actividad de entrada libre y gratuita hasta completar aforo.<\/p>\n","protected":false},"excerpt":{"rendered":"<p>El 30 de julio el Auditorio del Parque El Camale\u00f3n acoge este espect\u00e1culo: una muestra del Carnaval de Isla Cristina, en el que se dar\u00e1n cita las tres agrupaciones ganadoras &hellip; <\/p>\n","protected":false},"author":2,"featured_media":2546,"comment_status":"open","ping_status":"open","sticky":false,"template":"","format":"standard","meta":{"footnotes":""},"categories":[1],"tags":[],"class_list":["post-2584","post","type-post","status-publish","format-standard","has-post-thumbnail","hentry","category-cultura"],"_links":{"self":[{"href":"https:\/\/www.islantilla.es\/programacioncultural\/wp-json\/wp\/v2\/posts\/2584","targetHints":{"allow":["GET"]}}],"collection":[{"href":"https:\/\/www.islantilla.es\/programacioncultural\/wp-json\/wp\/v2\/posts"}],"about":[{"href":"https:\/\/www.islantilla.es\/programacioncultural\/wp-json\/wp\/v2\/types\/post"}],"author":[{"embeddable":true,"href":"https:\/\/www.islantilla.es\/programacioncultural\/wp-json\/wp\/v2\/users\/2"}],"replies":[{"embeddable":true,"href":"https:\/\/www.islantilla.es\/programacioncultural\/wp-json\/wp\/v2\/comments?post=2584"}],"version-history":[{"count":2,"href":"https:\/\/www.islantilla.es\/programacioncultural\/wp-json\/wp\/v2\/posts\/2584\/revisions"}],"predecessor-version":[{"id":2587,"href":"https:\/\/www.islantilla.es\/programacioncultural\/wp-json\/wp\/v2\/posts\/2584\/revisions\/2587"}],"wp:featuredmedia":[{"embeddable":true,"href":"https:\/\/www.islantilla.es\/programacioncultural\/wp-json\/wp\/v2\/media\/2546"}],"wp:attachment":[{"href":"https:\/\/www.islantilla.es\/programacioncultural\/wp-json\/wp\/v2\/media?parent=2584"}],"wp:term":[{"taxonomy":"category","embeddable":true,"href":"https:\/\/www.islantilla.es\/programacioncultural\/wp-json\/wp\/v2\/categories?post=2584"},{"taxonomy":"post_tag","embeddable":true,"href":"https:\/\/www.islantilla.es\/programacioncultural\/wp-json\/wp\/v2\/tags?post=2584"}],"curies":[{"name":"wp","href":"https:\/\/api.w.org\/{rel}","templated":true}]}}