{"id":2433,"date":"2026-06-05T11:06:45","date_gmt":"2026-06-05T09:06:45","guid":{"rendered":"https:\/\/www.islantilla.es\/programacioncultural\/?p=2433"},"modified":"2026-06-05T11:43:50","modified_gmt":"2026-06-05T09:43:50","slug":"el-espacio-cultural-de-la-galeria-en-el-centro-activo-de-islantilla-acoge-la-presentacion-de-la-novela-mentir-de-miguel-angel-mancheno-segarra","status":"publish","type":"post","link":"https:\/\/www.islantilla.es\/programacioncultural\/2026\/06\/05\/el-espacio-cultural-de-la-galeria-en-el-centro-activo-de-islantilla-acoge-la-presentacion-de-la-novela-mentir-de-miguel-angel-mancheno-segarra\/","title":{"rendered":"El espacio cultural de La Galer\u00eda, en el Centro Activo de Islantilla, acoge la presentaci\u00f3n de la novela (M)entir de Miguel \u00c1ngel Manche\u00f1o Segarra"},"content":{"rendered":"\n<p class=\"wp-block-paragraph\">El pr\u00f3ximo 11 de junio a las 19:00 horas tendr\u00e1 lugar el acto de presentaci\u00f3n de la novela<em> (M)entir<\/em> (Ed. Caligrama), en el que los asistentes tendr\u00e1n ocasi\u00f3n de descubrir, de la mano de su autor, los entresijos de una trama apasionante en la que se mezclan conflictos de diversa \u00edndole (de lo \u00e9tico a lo pol\u00edtico) y que est\u00e1 ambientada en distintas localizaciones de la costa occidental onubense.<\/p>\n\n\n\n<figure class=\"wp-block-image size-full\"><a href=\"https:\/\/www.islantilla.es\/programacioncultural\/wp-content\/uploads\/2026\/06\/Cartel-MENTIR-Mancheno-scaled.jpg\"><img loading=\"lazy\" decoding=\"async\" width=\"1810\" height=\"2560\" src=\"https:\/\/www.islantilla.es\/programacioncultural\/wp-content\/uploads\/2026\/06\/Cartel-MENTIR-Mancheno-scaled.jpg\" alt=\"\" class=\"wp-image-2435\" srcset=\"https:\/\/www.islantilla.es\/programacioncultural\/wp-content\/uploads\/2026\/06\/Cartel-MENTIR-Mancheno-scaled.jpg 1810w, https:\/\/www.islantilla.es\/programacioncultural\/wp-content\/uploads\/2026\/06\/Cartel-MENTIR-Mancheno-212x300.jpg 212w, https:\/\/www.islantilla.es\/programacioncultural\/wp-content\/uploads\/2026\/06\/Cartel-MENTIR-Mancheno-724x1024.jpg 724w, https:\/\/www.islantilla.es\/programacioncultural\/wp-content\/uploads\/2026\/06\/Cartel-MENTIR-Mancheno-768x1086.jpg 768w, https:\/\/www.islantilla.es\/programacioncultural\/wp-content\/uploads\/2026\/06\/Cartel-MENTIR-Mancheno-1086x1536.jpg 1086w, https:\/\/www.islantilla.es\/programacioncultural\/wp-content\/uploads\/2026\/06\/Cartel-MENTIR-Mancheno-1448x2048.jpg 1448w\" sizes=\"auto, (max-width: 1810px) 100vw, 1810px\" \/><\/a><\/figure>\n\n\n\n<p class=\"wp-block-paragraph\"><\/p>\n\n\n\n<p class=\"wp-block-paragraph\">Nacido en Madrid, Miguel \u00c1ngel Manche\u00f1o Segarra, creci\u00f3 en Melilla, donde estudi\u00f3 Derecho. Desde que tiene memoria, recuerda que siempre ha querido entremezclar en su vida literatura y justicia. Desde el inicio de su carrera profesional en Huelva ha hecho primar el enfoque social en su desempe\u00f1o, desarrollando diversos trabajos de intervenci\u00f3n en barrios vulnerables. En este sentido, es posible subrayar su participaci\u00f3n como asesor del Gobierno de Michelle Bachelet en materia de intervenci\u00f3n social en barrios cr\u00edticos; as\u00ed como colaborando estrechamente con la Junta de Andaluc\u00eda en temas de rehabilitaci\u00f3n y vivienda.<\/p>\n\n\n\n<p class=\"wp-block-paragraph\"><em>(M)entir<\/em> es una novela ambiciosa en lo literario, con tem\u00e1tica no convencional. Se muestra una reflexi\u00f3n profunda sobre la verdad, la mentira y la escritura, entendida esta, la reflexi\u00f3n, como espacio de tensi\u00f3n \u00e9tica y emocional. La voz que conduce el texto nos lleva a una historia densa y segura que domina el lenguaje, combinando lo po\u00e9tico con lo ensay\u00edstico, sin que se resienta el pulso narrativo de la novela. La protagonista de la novela y su recorrido vital (c\u00e1rcel, enfermedad, reconstrucci\u00f3n personal) aportan un eje humano s\u00f3lido, que evita que el texto se convierta \u00fanicamente en un ejercicio intelectual. A esto se suma el desarrollo del proyecto NTM, que introduce un conflicto moral, pol\u00edtico y econ\u00f3mico muy potente: comercio justo, legalidad, fronteras difusas entre lo l\u00edcito y lo il\u00edcito, colonialismo econ\u00f3mico, g\u00e9nero, poder y supervivencia.<\/p>\n","protected":false},"excerpt":{"rendered":"<p>El pr\u00f3ximo 11 de junio a las 19:00 horas tendr\u00e1 lugar el acto de presentaci\u00f3n de la novela (M)entir (Ed. Caligrama), en el que los asistentes tendr\u00e1n ocasi\u00f3n de descubrir, &hellip; <\/p>\n","protected":false},"author":2,"featured_media":2442,"comment_status":"open","ping_status":"open","sticky":false,"template":"","format":"standard","meta":{"footnotes":""},"categories":[1],"tags":[],"class_list":["post-2433","post","type-post","status-publish","format-standard","has-post-thumbnail","hentry","category-cultura"],"_links":{"self":[{"href":"https:\/\/www.islantilla.es\/programacioncultural\/wp-json\/wp\/v2\/posts\/2433","targetHints":{"allow":["GET"]}}],"collection":[{"href":"https:\/\/www.islantilla.es\/programacioncultural\/wp-json\/wp\/v2\/posts"}],"about":[{"href":"https:\/\/www.islantilla.es\/programacioncultural\/wp-json\/wp\/v2\/types\/post"}],"author":[{"embeddable":true,"href":"https:\/\/www.islantilla.es\/programacioncultural\/wp-json\/wp\/v2\/users\/2"}],"replies":[{"embeddable":true,"href":"https:\/\/www.islantilla.es\/programacioncultural\/wp-json\/wp\/v2\/comments?post=2433"}],"version-history":[{"count":5,"href":"https:\/\/www.islantilla.es\/programacioncultural\/wp-json\/wp\/v2\/posts\/2433\/revisions"}],"predecessor-version":[{"id":2444,"href":"https:\/\/www.islantilla.es\/programacioncultural\/wp-json\/wp\/v2\/posts\/2433\/revisions\/2444"}],"wp:featuredmedia":[{"embeddable":true,"href":"https:\/\/www.islantilla.es\/programacioncultural\/wp-json\/wp\/v2\/media\/2442"}],"wp:attachment":[{"href":"https:\/\/www.islantilla.es\/programacioncultural\/wp-json\/wp\/v2\/media?parent=2433"}],"wp:term":[{"taxonomy":"category","embeddable":true,"href":"https:\/\/www.islantilla.es\/programacioncultural\/wp-json\/wp\/v2\/categories?post=2433"},{"taxonomy":"post_tag","embeddable":true,"href":"https:\/\/www.islantilla.es\/programacioncultural\/wp-json\/wp\/v2\/tags?post=2433"}],"curies":[{"name":"wp","href":"https:\/\/api.w.org\/{rel}","templated":true}]}}