{"id":2335,"date":"2026-04-23T13:00:00","date_gmt":"2026-04-23T11:00:00","guid":{"rendered":"https:\/\/www.islantilla.es\/programacioncultural\/?p=2335"},"modified":"2026-04-24T08:44:48","modified_gmt":"2026-04-24T06:44:48","slug":"la-trampa-de-raul-clavero-blazquez-e-inventario-de-antonio-miguel-garcia-corral-se-alzan-con-los-premios-del-concurso-literario-del-v-festival-de-las-artes-y-las-letras-de-islantilla","status":"publish","type":"post","link":"https:\/\/www.islantilla.es\/programacioncultural\/2026\/04\/23\/la-trampa-de-raul-clavero-blazquez-e-inventario-de-antonio-miguel-garcia-corral-se-alzan-con-los-premios-del-concurso-literario-del-v-festival-de-las-artes-y-las-letras-de-islantilla\/","title":{"rendered":"La trampa, de Ra\u00fal Clavero Bl\u00e1zquez, e Inventario, de Antonio Miguel Garc\u00eda Corral, se alzan con los premios del concurso literario del V Festival de las Artes y las Letras de Islantilla\u00a0"},"content":{"rendered":"\n<p><em>Ambas obras han competido en las categor\u00edas de Microrrelato y Poes\u00eda, y han sido premiadas por un jurado compuesto por \u00c1ngeles Mora, Francisca Alfonso y Mario Mar\u00edn<\/em>.<\/p>\n\n\n\n<p>La Galer\u00eda del Centro Activo de Islantilla ha acogido esta ma\u00f1ana la lectura del fallo del jurado para las categor\u00edas de Microrrelato y Poes\u00eda del concurso literario integrado en el V Festival de las Artes y las Letras de Islantilla, y en el que han resultado ganadoras las obras <em>La <\/em><em>Trampa<\/em>, de Ra\u00fal Clavero Bl\u00e1zquez (Salamanca), e <em>Inventario, <\/em>de Antonio Miguel Garc\u00eda Corral (Ferrol).<\/p>\n\n\n\n<p>El acto ha sido conducido por la t\u00e9cnica del Servicio de Cultura de la Mancomunidad de Islantilla, Luna Baldallo, en representaci\u00f3n de un jurado oficial conformado en esta edici\u00f3n por \u00c1ngeles Mora, Francisca Alfonso y Mario Mar\u00edn.<\/p>\n\n\n\n<p>Todos ellos han firmado un fallo en el que ha destacado la unanimidad tanto en la elecci\u00f3n de los ganadores como en el reconocimiento de \u201cla alt\u00edsima calidad de las obras presentadas en esta edici\u00f3n\u201d.<\/p>\n\n\n\n<p>Concretamente, en referencia a <em>La trampa<\/em>, el jurado ha subrayado que \u201chace muy buen uso de las referencias y juega con la historia sin ser demasiado expl\u00edcito, con apenas dos palabras nos sit\u00faa en el momento concret, y fuerza al lector a crear el giro narrativo por comparaci\u00f3n con lo real de la historia\u00bb.<\/p>\n\n\n\n<p>En cuanto a <em>Inventario<\/em>, el acta resalta que \u201cpasa constantemente de lo f\u00edsico a lo emocional y usa peque\u00f1os detalles para explicar lo inmenso, consiguiendo que la personalidad del sujeto est\u00e9 mostrada con claridad en apenas cuatro gestos\u00bb.<\/p>\n\n\n\n<p>En este concurso literario se ha inscrito un total de 821 textos (514 microrrelatos y 307 poemas) procedentes de veintis\u00e9is nacionalidades: desde Argentina, M\u00e9xico o Francia, hasta lugares que participan por primera vez en el certamen, como Angola, Austria, China, Dinamarca, Hungr\u00eda o Jap\u00f3n.<\/p>\n\n\n\n<p>La tercera categor\u00eda del concurso literario, la correspondiente a nanorrelatos y que se desarrolla en instagram, qued\u00f3 abierta el pasado lunes coincidiendo con la inauguraci\u00f3n del Festival, y los m\u00e1s audaces podr\u00e1n participar en ella hasta las 12:00 horas del s\u00e1bado 25 de abril, revel\u00e1ndose el ganador a partir de la semana que viene.<\/p>\n\n\n\n<p>Se trata, esta \u00faltima, de una categor\u00eda que va dirigida sobre todo a los m\u00e1s j\u00f3venes, para introducirles en la creaci\u00f3n literaria e incorporar nuevos formatos m\u00e1s din\u00e1micos y menos reglados al desarrollo de este certamen.<\/p>\n","protected":false},"excerpt":{"rendered":"<p>Ambas obras han competido en las categor\u00edas de Microrrelato y Poes\u00eda, y han sido premiadas por un jurado compuesto por \u00c1ngeles Mora, Francisca Alfonso y Mario Mar\u00edn. La Galer\u00eda del &hellip; <\/p>\n","protected":false},"author":3,"featured_media":2336,"comment_status":"open","ping_status":"open","sticky":false,"template":"","format":"standard","meta":{"footnotes":""},"categories":[1],"tags":[],"class_list":["post-2335","post","type-post","status-publish","format-standard","has-post-thumbnail","hentry","category-cultura"],"_links":{"self":[{"href":"https:\/\/www.islantilla.es\/programacioncultural\/wp-json\/wp\/v2\/posts\/2335","targetHints":{"allow":["GET"]}}],"collection":[{"href":"https:\/\/www.islantilla.es\/programacioncultural\/wp-json\/wp\/v2\/posts"}],"about":[{"href":"https:\/\/www.islantilla.es\/programacioncultural\/wp-json\/wp\/v2\/types\/post"}],"author":[{"embeddable":true,"href":"https:\/\/www.islantilla.es\/programacioncultural\/wp-json\/wp\/v2\/users\/3"}],"replies":[{"embeddable":true,"href":"https:\/\/www.islantilla.es\/programacioncultural\/wp-json\/wp\/v2\/comments?post=2335"}],"version-history":[{"count":1,"href":"https:\/\/www.islantilla.es\/programacioncultural\/wp-json\/wp\/v2\/posts\/2335\/revisions"}],"predecessor-version":[{"id":2337,"href":"https:\/\/www.islantilla.es\/programacioncultural\/wp-json\/wp\/v2\/posts\/2335\/revisions\/2337"}],"wp:featuredmedia":[{"embeddable":true,"href":"https:\/\/www.islantilla.es\/programacioncultural\/wp-json\/wp\/v2\/media\/2336"}],"wp:attachment":[{"href":"https:\/\/www.islantilla.es\/programacioncultural\/wp-json\/wp\/v2\/media?parent=2335"}],"wp:term":[{"taxonomy":"category","embeddable":true,"href":"https:\/\/www.islantilla.es\/programacioncultural\/wp-json\/wp\/v2\/categories?post=2335"},{"taxonomy":"post_tag","embeddable":true,"href":"https:\/\/www.islantilla.es\/programacioncultural\/wp-json\/wp\/v2\/tags?post=2335"}],"curies":[{"name":"wp","href":"https:\/\/api.w.org\/{rel}","templated":true}]}}