{"id":2330,"date":"2026-04-22T13:05:00","date_gmt":"2026-04-22T11:05:00","guid":{"rendered":"https:\/\/www.islantilla.es\/programacioncultural\/?p=2330"},"modified":"2026-04-23T09:58:11","modified_gmt":"2026-04-23T07:58:11","slug":"espectaculo-de-narracion-oral-una-historia-en-cada-cosa-con-anabel-gandullo","status":"publish","type":"post","link":"https:\/\/www.islantilla.es\/programacioncultural\/2026\/04\/22\/espectaculo-de-narracion-oral-una-historia-en-cada-cosa-con-anabel-gandullo\/","title":{"rendered":"Espect\u00e1culo de Narraci\u00f3n Oral \u2018Una historia en cada cosa\u2019, con Anabel Gandullo"},"content":{"rendered":"\n<p>Historias que empiezan as\u00ed\u2026 y se quedan para siempre<\/p>\n\n\n\n<p>Esta ma\u00f1ana, el patio del Centro Activo de Islantilla se ha llenado de algo muy especial: atenci\u00f3n, risas\u2026 y mucha imaginaci\u00f3n.<\/p>\n\n\n\n<p>El alumnado del CEIP Las Gaviotas ha disfrutado del espect\u00e1culo de narraci\u00f3n oral \u2018Una historia en cada cosa\u2019, de la mano de Anabel Gandullo.<\/p>\n\n\n\n<p>Y ha sido todo un \u00e9xito.<\/p>\n\n\n\n<p>Porque cuando quien cuenta sabe hacerlo as\u00ed\u2026 pasan cosas.<\/p>\n\n\n\n<p>Los ni\u00f1os escuchan.<\/p>\n\n\n\n<p>Se sorprenden.<\/p>\n\n\n\n<p>Se meten dentro de la historia.<\/p>\n\n\n\n<p>Y durante un rato, todo gira alrededor de la palabra.<\/p>\n\n\n\n<p>Anabel lo ha hecho f\u00e1cil.<\/p>\n\n\n\n<p>Cercano.<\/p>\n\n\n\n<p>Brillante.<\/p>\n\n\n\n<p>Y ah\u00ed est\u00e1 la clave: acercar la cultura desde peque\u00f1os, de forma viva, divertida y real.<\/p>\n\n\n\n<p>Porque no se trata s\u00f3lo de programar actividades.<\/p>\n\n\n\n<p>Se trata de ofrecer experiencias que dejan huella.<\/p>\n\n\n\n<p>Y que un destino como Islantilla apueste por esto\u2026 marca la diferencia.<\/p>\n\n\n\n<figure class=\"wp-block-video\"><video height=\"1280\" style=\"aspect-ratio: 720 \/ 1280;\" width=\"720\" controls src=\"https:\/\/www.islantilla.es\/programacioncultural\/wp-content\/uploads\/2026\/04\/snapsave-app_12.mp4\"><\/video><\/figure>\n","protected":false},"excerpt":{"rendered":"<p>Historias que empiezan as\u00ed\u2026 y se quedan para siempre Esta ma\u00f1ana, el patio del Centro Activo de Islantilla se ha llenado de algo muy especial: atenci\u00f3n, risas\u2026 y mucha imaginaci\u00f3n. &hellip; <\/p>\n","protected":false},"author":3,"featured_media":2332,"comment_status":"open","ping_status":"open","sticky":false,"template":"","format":"standard","meta":{"footnotes":""},"categories":[1],"tags":[],"class_list":["post-2330","post","type-post","status-publish","format-standard","has-post-thumbnail","hentry","category-cultura"],"_links":{"self":[{"href":"https:\/\/www.islantilla.es\/programacioncultural\/wp-json\/wp\/v2\/posts\/2330","targetHints":{"allow":["GET"]}}],"collection":[{"href":"https:\/\/www.islantilla.es\/programacioncultural\/wp-json\/wp\/v2\/posts"}],"about":[{"href":"https:\/\/www.islantilla.es\/programacioncultural\/wp-json\/wp\/v2\/types\/post"}],"author":[{"embeddable":true,"href":"https:\/\/www.islantilla.es\/programacioncultural\/wp-json\/wp\/v2\/users\/3"}],"replies":[{"embeddable":true,"href":"https:\/\/www.islantilla.es\/programacioncultural\/wp-json\/wp\/v2\/comments?post=2330"}],"version-history":[{"count":1,"href":"https:\/\/www.islantilla.es\/programacioncultural\/wp-json\/wp\/v2\/posts\/2330\/revisions"}],"predecessor-version":[{"id":2333,"href":"https:\/\/www.islantilla.es\/programacioncultural\/wp-json\/wp\/v2\/posts\/2330\/revisions\/2333"}],"wp:featuredmedia":[{"embeddable":true,"href":"https:\/\/www.islantilla.es\/programacioncultural\/wp-json\/wp\/v2\/media\/2332"}],"wp:attachment":[{"href":"https:\/\/www.islantilla.es\/programacioncultural\/wp-json\/wp\/v2\/media?parent=2330"}],"wp:term":[{"taxonomy":"category","embeddable":true,"href":"https:\/\/www.islantilla.es\/programacioncultural\/wp-json\/wp\/v2\/categories?post=2330"},{"taxonomy":"post_tag","embeddable":true,"href":"https:\/\/www.islantilla.es\/programacioncultural\/wp-json\/wp\/v2\/tags?post=2330"}],"curies":[{"name":"wp","href":"https:\/\/api.w.org\/{rel}","templated":true}]}}