{"id":2265,"date":"2026-04-14T08:55:41","date_gmt":"2026-04-14T06:55:41","guid":{"rendered":"https:\/\/www.islantilla.es\/programacioncultural\/?p=2265"},"modified":"2026-04-21T10:38:16","modified_gmt":"2026-04-21T08:38:16","slug":"islantilla-presenta-la-v-edicion-del-festival-de-las-artes-y-las-letras-una-cita-consolidada-con-la-cultura-del-20-al-25-de-abril","status":"publish","type":"post","link":"https:\/\/www.islantilla.es\/programacioncultural\/2026\/04\/14\/islantilla-presenta-la-v-edicion-del-festival-de-las-artes-y-las-letras-una-cita-consolidada-con-la-cultura-del-20-al-25-de-abril\/","title":{"rendered":"Islantilla presenta la V edici\u00f3n del Festival de las Artes y las Letras, una cita consolidada con la cultura del 20 al 25 de abril\u00a0"},"content":{"rendered":"\n<p><em>El evento incluir\u00e1 talleres, presentaciones, visitas culturales, narraci\u00f3n oral y otras actividades adem\u00e1s de los tradicionales concursos de literatura y pintura r\u00e1pida<\/em>\u200a<\/p>\n\n\n\n<p>La Sala de Prensa de la Mancomunidad de Islantilla ha acogido esta ma\u00f1ana la presentaci\u00f3n la programaci\u00f3n de la quinta edici\u00f3n del <strong>Festival de la Artes y las Letras<\/strong>, una iniciativa cultural ya consolidada en el calendario primaveral que se celebrar\u00e1 entre los d\u00edas 20 y 25 de abril en este enclave de la costa onubense compartido por los municipios de Isla Cristina y Lepe. <br><br>Durante seis d\u00edas, Islantilla se convertir\u00e1 en un punto de encuentro para la creaci\u00f3n y la reflexi\u00f3n art\u00edstica con una programaci\u00f3n diversa que abarca literatura, artes pl\u00e1sticas, narraci\u00f3n oral y otras actividades culturales dirigidas a todos los p\u00fablicos. El festival refuerza as\u00ed su vocaci\u00f3n de espacio abierto a la cultura fomentando el di\u00e1logo entre creadores y ciudadan\u00eda. <br><br>El acto ha contado con la presencia del Vicepresidente Ejecutivo de la Mancomunidad de Islantilla y Primer Teniente de Alcalde de Isla Cristina, Francisco Zamudio; de la Teniente de Alcalde delegada por el Ayuntamiento de Lepe en la entidad, Mariana Otero; la t\u00e9cnica responsable del Servicio de Cultura, Luna Baldallo; y el autor del cartel anunciador de la edici\u00f3n de este a\u00f1o, Curro Tobarra.<\/p>\n\n\n\n<figure class=\"wp-block-image size-full\"><a href=\"https:\/\/www.islantilla.es\/programacioncultural\/wp-content\/uploads\/2026\/04\/2026-04-13-Presentacion-del-V-Festival-de-la-Artes-y-las-Letras-Cartel-Horizontal_1.jpeg\"><img loading=\"lazy\" decoding=\"async\" width=\"1920\" height=\"1440\" src=\"https:\/\/www.islantilla.es\/programacioncultural\/wp-content\/uploads\/2026\/04\/2026-04-13-Presentacion-del-V-Festival-de-la-Artes-y-las-Letras-Cartel-Horizontal_1.jpeg\" alt=\"\" class=\"wp-image-2266\" srcset=\"https:\/\/www.islantilla.es\/programacioncultural\/wp-content\/uploads\/2026\/04\/2026-04-13-Presentacion-del-V-Festival-de-la-Artes-y-las-Letras-Cartel-Horizontal_1.jpeg 1920w, https:\/\/www.islantilla.es\/programacioncultural\/wp-content\/uploads\/2026\/04\/2026-04-13-Presentacion-del-V-Festival-de-la-Artes-y-las-Letras-Cartel-Horizontal_1-300x225.jpeg 300w, https:\/\/www.islantilla.es\/programacioncultural\/wp-content\/uploads\/2026\/04\/2026-04-13-Presentacion-del-V-Festival-de-la-Artes-y-las-Letras-Cartel-Horizontal_1-1024x768.jpeg 1024w, https:\/\/www.islantilla.es\/programacioncultural\/wp-content\/uploads\/2026\/04\/2026-04-13-Presentacion-del-V-Festival-de-la-Artes-y-las-Letras-Cartel-Horizontal_1-768x576.jpeg 768w, https:\/\/www.islantilla.es\/programacioncultural\/wp-content\/uploads\/2026\/04\/2026-04-13-Presentacion-del-V-Festival-de-la-Artes-y-las-Letras-Cartel-Horizontal_1-1536x1152.jpeg 1536w\" sizes=\"auto, (max-width: 1920px) 100vw, 1920px\" \/><\/a><\/figure>\n\n\n\n<p>Francisco Zamudio ha invitado a disfrutar de \u201cla variada programaci\u00f3n propuesta para esta edici\u00f3n, con la participaci\u00f3n especial de colectivos como el C\u00edrculo de Lectura de Islantilla, el alumnado del CEIP \u2018Las Gaviotas\u2019 o el Taller de Fotograf\u00eda con M\u00f3vil para J\u00f3venes, aunque este Festival est\u00e1 dirigido a toda la poblaci\u00f3n, tanto residentes como visitantes, turistas y ciudadanos de Lepe e Isla Cristina\u201d. <br><br>Por su parte, Mariana Otero ha puesto en valor \u201cuna propuesta que viene a completar la amplia oferta cultural de los dos Ayuntamientos, y en la que destacan los concursos literario y de pintura, que a\u00f1o tras a\u00f1o atraen a m\u00e1s participantes incluso desde m\u00e1s all\u00e1 de nuestras fronteras\u201d. <br><br>El certamen pict\u00f3rico, que se celebrar\u00e1 el s\u00e1bado 25 de abril en el entorno del Parque \u2018El Camale\u00f3n\u2019, cuenta este a\u00f1o con un jurado conformado por figuras de la talla de \u00c1ngeles Oria, Gustavo Dom\u00ednguez y Bella Segovia. <br><br>La t\u00e9cnica de Cultura de la Mancomunidad de Islantilla, Luna Baldallo, ha desgranado los detalles de la programaci\u00f3n de este a\u00f1o, que arrancar\u00e1 el lunes 20 de abril con la inauguraci\u00f3n de la exposici\u00f3n colectiva \u2018John Holland Gallery\u2019, muestra con la que, asimismo, dar\u00e1 comienzo una original iniciativa impulsada por la Mancomunidad de Islantilla: el Proyecto MeditArte, que, conjugando arte y salud, supone una aproximaci\u00f3n a la meditaci\u00f3n y al mindfulness a partir de la contemplaci\u00f3n de obras pict\u00f3ricas, y que se va a desarrollar en la Galer\u00eda del Centro Activo de Islantilla. Dicha exposici\u00f3n ser\u00e1 visitada por el alumnado del CEIP \u2018Las Gaviotas\u2019, junto con los fondos de la Biblioteca Luis Ciges y la exposici\u00f3n de obras ganadoras del concurso de pintura \u2018Colores de Islantilla\u2019 de ediciones anteriores.<\/p>\n\n\n\n<p>El mi\u00e9rcoles 22 de abril, en el patio del propio Centro Activo, tendr\u00e1 lugar un espect\u00e1culo de narraci\u00f3n oral bajo el t\u00edtulo \u2018Una historia en cada cosa\u2019 que correr\u00e1 a cargo de la experta en mediaci\u00f3n lectora Anabel Gandullo. La jornada del jueves 23 de abril a las 12:30 est\u00e1 programada la lectura del fallo del Jurado del V Concurso de Poes\u00eda, Microrrelato y Nanorrelato \u2018Letras de Islantilla\u2019, coincidiendo con la celebraci\u00f3n del D\u00eda del Libro. En esta edici\u00f3n se ha contado con un jurado extraordinario compuesto por los autores \u00c1ngeles Mora, Mario Mar\u00edn y Francisca Alfonso. Por la tarde, a las 18:00 horas, se presentar\u00e1 el poemario \u2018Nada m\u00e1s\u2019 (de Editorial Isla Elefante) a cargo de su autor, Manuel Gonz\u00e1lez Mairena, que estar\u00e1 acompa\u00f1ado por los miembros del C\u00edrculo de Lectura \u2018Biblioteca Luis Ciges\u2019 de Islantilla. <br><br>El viernes 24 de abril por la tarde se celebrar\u00e1 un taller de \u2018Gyotaku floral\u2019, el arte milenario japon\u00e9s de la estampaci\u00f3n vegetal, a cargo del Colectivo Pacop\u00e9rez; as\u00ed como una sesi\u00f3n de fotoperiodismo del alumnado del Taller de Fotograf\u00eda con M\u00f3vil para J\u00f3venes. Ambas actividades tendr\u00e1n lugar en el Centro Activo de Islantilla. <br><br>Por \u00faltimo, el s\u00e1bado 25 de abril ser\u00e1 el d\u00eda dedicado al Concurso de Pintura R\u00e1pida \u2018Colores de Islantilla\u2019, un certamen que cada edici\u00f3n atrae a m\u00e1s artistas en competici\u00f3n por alzarse con un Primer Premio dotado con 1.000 y un Segundo Premio de 500 euros en la categor\u00eda de adultos. <br><br>Paralelamente, la organizaci\u00f3n ha programado un Mercadillo del Libro Solidario de Islantilla a cargo de la entidad sin \u00e1nimo de lucro Ayre Solidario, que estar\u00e1 instalado frente al Centro Comercial Islantilla entre las 10:30 y las 19:30 horas, y cuya recaudaci\u00f3n se destinar\u00e1 a la colaboraci\u00f3n con proyectos de cooperaci\u00f3n internacional en favor de la juventud que Ayre Solidario desarrolla en el norte de \u00c1frica.<\/p>\n\n\n\n<figure class=\"wp-block-image size-full\"><a href=\"https:\/\/www.islantilla.es\/programacioncultural\/wp-content\/uploads\/2026\/03\/Cartel-V-Festival-de-las-Artes-y-la-Letras-2026-A3-scaled.jpg\"><img loading=\"lazy\" decoding=\"async\" width=\"1810\" height=\"2560\" src=\"https:\/\/www.islantilla.es\/programacioncultural\/wp-content\/uploads\/2026\/03\/Cartel-V-Festival-de-las-Artes-y-la-Letras-2026-A3-scaled.jpg\" alt=\"\" class=\"wp-image-2201\" srcset=\"https:\/\/www.islantilla.es\/programacioncultural\/wp-content\/uploads\/2026\/03\/Cartel-V-Festival-de-las-Artes-y-la-Letras-2026-A3-scaled.jpg 1810w, https:\/\/www.islantilla.es\/programacioncultural\/wp-content\/uploads\/2026\/03\/Cartel-V-Festival-de-las-Artes-y-la-Letras-2026-A3-212x300.jpg 212w, https:\/\/www.islantilla.es\/programacioncultural\/wp-content\/uploads\/2026\/03\/Cartel-V-Festival-de-las-Artes-y-la-Letras-2026-A3-724x1024.jpg 724w, https:\/\/www.islantilla.es\/programacioncultural\/wp-content\/uploads\/2026\/03\/Cartel-V-Festival-de-las-Artes-y-la-Letras-2026-A3-768x1086.jpg 768w, https:\/\/www.islantilla.es\/programacioncultural\/wp-content\/uploads\/2026\/03\/Cartel-V-Festival-de-las-Artes-y-la-Letras-2026-A3-1086x1536.jpg 1086w, https:\/\/www.islantilla.es\/programacioncultural\/wp-content\/uploads\/2026\/03\/Cartel-V-Festival-de-las-Artes-y-la-Letras-2026-A3-1448x2048.jpg 1448w\" sizes=\"auto, (max-width: 1810px) 100vw, 1810px\" \/><\/a><\/figure>\n\n\n\n<p><strong>Un cartel anunciador de Curro Tobarra<\/strong> <br><br>El cartel anunciador de esta quinta edici\u00f3n ha sido realizado por el artista isle\u00f1o Curro Tobarra, quien firma una obra de gran personalidad est\u00e9tica. La imagen se construye a partir de una escena ambientada en el paseo mar\u00edtimo de Islantilla, donde una figura femenina de inspiraci\u00f3n cl\u00e1sica y est\u00e9tica art d\u00e9co (con vestido verde, sombrero y guantes), basada en una obra de Tamara de Lempicka, sostiene un libro, s\u00edmbolo inequ\u00edvoco del protagonismo de la literatura en el festival. La propuesta de este a\u00f1o ha querido volver la mirada sobre la obra de una mujer, en concreto la pintora Tamara de Lempicka, con la intenci\u00f3n de colaborar en la necesaria puesta en valor de las grandes obras art\u00edsticas realizadas por mujeres audaces a lo largo de la historia. <br><br>El dise\u00f1o combina fotograf\u00eda e ilustraci\u00f3n digital, generando un di\u00e1logo entre lo real y lo art\u00edstico. El fondo muestra el horizonte costero y elementos reconocibles del entorno urbano de Islantilla, mientras que la figura principal introduce una dimensi\u00f3n evocadora y atemporal. La paleta crom\u00e1tica, dominada por tonos suaves y luminosos, refuerza la conexi\u00f3n con el paisaje mar\u00edtimo y la atm\u00f3sfera primaveral del evento.<br><br>Asimismo, la tipograf\u00eda del cartel aporta un car\u00e1cter din\u00e1mico y creativo, especialmente en la palabra \u201cArtes\u201d, tratada con un enfoque multicolor que simboliza la diversidad de disciplinas presentes en el festival. <br><br>Con esta propuesta, el V Festival de las Artes y las Letras reafirma su apuesta por la cultura como motor de dinamizaci\u00f3n social y tur\u00edstica.<\/p>\n\n\n\n<figure class=\"wp-block-audio\"><audio controls src=\"https:\/\/www.islantilla.es\/festivalartesyletras\/wp-content\/uploads\/2026\/04\/2026-04-13-Audio-Presentacion-V-Festival-de-las-Artes-y-las-Letras-de-Islantilla-Francisco-Zamudio.mp3\"><\/audio><\/figure>\n\n\n\n<p class=\"has-very-light-gray-to-cyan-bluish-gray-gradient-background has-background\">AUDIO FRANCISCO ZAMUDIO<\/p>\n\n\n\n<figure class=\"wp-block-audio\"><audio controls src=\"https:\/\/www.islantilla.es\/festivalartesyletras\/wp-content\/uploads\/2026\/04\/2026-04-13-Audio-Presentacion-V-Festival-de-las-Artes-y-las-Letras-de-Islantilla-Mariana-Otero.mp3\"><\/audio><\/figure>\n\n\n\n<p class=\"has-very-light-gray-to-cyan-bluish-gray-gradient-background has-background\">AUDIO MARIANA OTERO<\/p>\n\n\n\n<figure class=\"wp-block-audio\"><audio controls src=\"https:\/\/www.islantilla.es\/festivalartesyletras\/wp-content\/uploads\/2026\/04\/2026-04-13-Audio-Presentacion-V-Festival-de-las-Artes-y-las-Letras-de-Islantilla-Luna-Baldallo.mp3\"><\/audio><\/figure>\n\n\n\n<p class=\"has-very-light-gray-to-cyan-bluish-gray-gradient-background has-background\">AUDIO LUNA BALDALLO<\/p>\n\n\n\n<figure class=\"wp-block-audio\"><audio controls src=\"https:\/\/www.islantilla.es\/festivalartesyletras\/wp-content\/uploads\/2026\/04\/2026-04-13-Audio-Presentacion-V-Festival-de-las-Artes-y-las-Letras-de-Islantilla-Curro-Tobarra.mp3\"><\/audio><\/figure>\n\n\n\n<p class=\"has-very-light-gray-to-cyan-bluish-gray-gradient-background has-background\">AUDIO CURRO TOBARRA<\/p>\n","protected":false},"excerpt":{"rendered":"<p>El evento incluir\u00e1 talleres, presentaciones, visitas culturales, narraci\u00f3n oral y otras actividades adem\u00e1s de los tradicionales concursos de literatura y pintura r\u00e1pida\u200a La Sala de Prensa de la Mancomunidad de &hellip; <\/p>\n","protected":false},"author":3,"featured_media":2269,"comment_status":"open","ping_status":"open","sticky":false,"template":"","format":"standard","meta":{"footnotes":""},"categories":[1],"tags":[],"class_list":["post-2265","post","type-post","status-publish","format-standard","has-post-thumbnail","hentry","category-cultura"],"_links":{"self":[{"href":"https:\/\/www.islantilla.es\/programacioncultural\/wp-json\/wp\/v2\/posts\/2265","targetHints":{"allow":["GET"]}}],"collection":[{"href":"https:\/\/www.islantilla.es\/programacioncultural\/wp-json\/wp\/v2\/posts"}],"about":[{"href":"https:\/\/www.islantilla.es\/programacioncultural\/wp-json\/wp\/v2\/types\/post"}],"author":[{"embeddable":true,"href":"https:\/\/www.islantilla.es\/programacioncultural\/wp-json\/wp\/v2\/users\/3"}],"replies":[{"embeddable":true,"href":"https:\/\/www.islantilla.es\/programacioncultural\/wp-json\/wp\/v2\/comments?post=2265"}],"version-history":[{"count":2,"href":"https:\/\/www.islantilla.es\/programacioncultural\/wp-json\/wp\/v2\/posts\/2265\/revisions"}],"predecessor-version":[{"id":2312,"href":"https:\/\/www.islantilla.es\/programacioncultural\/wp-json\/wp\/v2\/posts\/2265\/revisions\/2312"}],"wp:featuredmedia":[{"embeddable":true,"href":"https:\/\/www.islantilla.es\/programacioncultural\/wp-json\/wp\/v2\/media\/2269"}],"wp:attachment":[{"href":"https:\/\/www.islantilla.es\/programacioncultural\/wp-json\/wp\/v2\/media?parent=2265"}],"wp:term":[{"taxonomy":"category","embeddable":true,"href":"https:\/\/www.islantilla.es\/programacioncultural\/wp-json\/wp\/v2\/categories?post=2265"},{"taxonomy":"post_tag","embeddable":true,"href":"https:\/\/www.islantilla.es\/programacioncultural\/wp-json\/wp\/v2\/tags?post=2265"}],"curies":[{"name":"wp","href":"https:\/\/api.w.org\/{rel}","templated":true}]}}