{"id":7939,"date":"2026-04-17T11:52:40","date_gmt":"2026-04-17T09:52:40","guid":{"rendered":"https:\/\/www.islantilla.es\/?p=7939"},"modified":"2026-04-17T12:53:35","modified_gmt":"2026-04-17T10:53:35","slug":"que-ver-en-islantilla-y-alrededores-guia-completa-del-destino","status":"publish","type":"post","link":"https:\/\/www.islantilla.es\/fr\/que-ver-en-islantilla-y-alrededores-guia-completa-del-destino\/","title":{"rendered":"Que voir \u00e0 Islantilla et dans ses environs\u00a0: un guide de destination complet"},"content":{"rendered":"<p>Si vous cherchez <strong>Que voir \u00e0 Islantilla ?<\/strong>, Vous ne cherchez probablement pas une simple liste, mais un v\u00e9ritable guide pour vous aider \u00e0 planifier votre voyage et \u00e0 d\u00e9couvrir le meilleur de la destination sans perdre de temps. Et voici le point important\u00a0: Islantilla ne se r\u00e9sume pas \u00e0 sa plage. C\u2019est un point strat\u00e9gique qui vous relie \u00e0\u2026 <strong>L\u00e9p\u00ea<\/strong> e <strong>Isla Cristina<\/strong>, formant l&#039;un des environnements les plus complets de <strong>Costa de la Luz \u00e0 Huelva<\/strong>.<\/p>\n\n\n\n<p>Ce que beaucoup de voyageurs ignorent, c&#039;est qu&#039;en quelques kilom\u00e8tres seulement, on peut passer d&#039;une plage parfaitement \u00e9quip\u00e9e \u00e0 un paysage naturel immacul\u00e9, d&#039;un chemin urbain \u00e0 des marais regorgeant de vie, ou d&#039;une promenade paisible \u00e0 une exp\u00e9rience unique comme une balade \u00e0 cheval face \u00e0 la mer.<\/p>\n\n\n\n<p>Dans ce contexte <strong>guide complet<\/strong> Vous d\u00e9couvrirez quoi voir et quoi faire \u00e0 Islantilla, Lepe et Isla Cristina, avec des programmes r\u00e9alistes, une nature pr\u00e9serv\u00e9e et des exp\u00e9riences adapt\u00e9es \u00e0 tout type de voyage.<\/p>\n\n\n\n<div style=\"height:20px\" aria-hidden=\"true\" class=\"wp-block-spacer\"><\/div>\n\n\n\n<h2 class=\"wp-block-heading\">Que voir \u00e0 Islantilla\u00a0: le c\u0153ur de la destination<\/h2>\n\n\n\n<p><strong>\u00celetilla<\/strong> C&#039;est le point de d\u00e9part id\u00e9al pour explorer le <strong>c\u00f4te de Huelva<\/strong>. Ici, plage, sport, nature et loisirs se conjuguent dans un environnement bien entretenu, con\u00e7u pour la d\u00e9tente et le bien-\u00eatre.<\/p>\n\n\n\n<div style=\"height:20px\" aria-hidden=\"true\" class=\"wp-block-spacer\"><\/div>\n\n\n\n<h3 class=\"wp-block-heading\">Plage d&#039;Islantilla<\/h3>\n\n\n\n<p>La <a href=\"https:\/\/www.islantilla.es\/fr\/playa\/\" title=\"\">plage d&#039;Islantilla<\/a> C&#039;est, sans aucun doute, l&#039;attraction principale. Avec ses 1\u00a0400 m\u00e8tres de sable fin et dor\u00e9 donnant sur l&#039;oc\u00e9an Atlantique, c&#039;est <strong>l&#039;une des plus belles plages de Huelva<\/strong>.<\/p>\n\n\n\n<p>Ce lieu se distingue par son espace, sa propret\u00e9 et son accessibilit\u00e9, ce qui en fait un choix id\u00e9al pour les familles et les personnes en qu\u00eate de d\u00e9tente. Fl\u00e2ner le long du rivage, bronzer ou simplement contempler la mer sont des activit\u00e9s des plus agr\u00e9ables.<\/p>\n\n\n\n<p>De plus, elle a re\u00e7u des distinctions telles que <strong>Drapeau bleu<\/strong>, qui garantit la qualit\u00e9, la s\u00e9curit\u00e9 et les services li\u00e9s \u00e0 l&#039;eau.<\/p>\n\n\n\n<div style=\"height:20px\" aria-hidden=\"true\" class=\"wp-block-spacer\"><\/div>\n\n\n\n<figure class=\"wp-block-gallery has-nested-images columns-default is-cropped wp-block-gallery-1 is-layout-flex wp-block-gallery-is-layout-flex\">\n<figure class=\"wp-block-image size-large\"><img fetchpriority=\"high\" decoding=\"async\" width=\"1024\" height=\"576\" data-id=\"7764\" src=\"https:\/\/www.islantilla.es\/wp-content\/uploads\/2026\/02\/Paseo-maritimo-de-Islantilla-1-1024x576.png\" alt=\"Vista a\u00e9rea del paseo mar\u00edtimo y la playa de Islantilla en la Costa de la Luz, con hoteles y sombrillas junto al mar\" class=\"wp-image-7764\" srcset=\"https:\/\/www.islantilla.es\/wp-content\/uploads\/2026\/02\/Paseo-maritimo-de-Islantilla-1-1024x576.png 1024w, https:\/\/www.islantilla.es\/wp-content\/uploads\/2026\/02\/Paseo-maritimo-de-Islantilla-1-300x169.png 300w, https:\/\/www.islantilla.es\/wp-content\/uploads\/2026\/02\/Paseo-maritimo-de-Islantilla-1-768x432.png 768w, https:\/\/www.islantilla.es\/wp-content\/uploads\/2026\/02\/Paseo-maritimo-de-Islantilla-1-1536x864.png 1536w, https:\/\/www.islantilla.es\/wp-content\/uploads\/2026\/02\/Paseo-maritimo-de-Islantilla-1-18x10.png 18w, https:\/\/www.islantilla.es\/wp-content\/uploads\/2026\/02\/Paseo-maritimo-de-Islantilla-1.png 1920w\" sizes=\"(max-width: 1024px) 100vw, 1024px\" \/><\/figure>\n\n\n\n<figure class=\"wp-block-image size-large\"><img decoding=\"async\" width=\"1024\" height=\"576\" data-id=\"7758\" src=\"https:\/\/www.islantilla.es\/wp-content\/uploads\/2026\/02\/PLAYA-ISLANTILLA-333-edited-1024x576.jpg\" alt=\"Playa de Islantilla en Huelva con arena dorada, sombrillas y mar tranquilo en la Costa de la Luz\" class=\"wp-image-7758\" srcset=\"https:\/\/www.islantilla.es\/wp-content\/uploads\/2026\/02\/PLAYA-ISLANTILLA-333-edited-1024x576.jpg 1024w, https:\/\/www.islantilla.es\/wp-content\/uploads\/2026\/02\/PLAYA-ISLANTILLA-333-edited-300x169.jpg 300w, https:\/\/www.islantilla.es\/wp-content\/uploads\/2026\/02\/PLAYA-ISLANTILLA-333-edited-768x432.jpg 768w, https:\/\/www.islantilla.es\/wp-content\/uploads\/2026\/02\/PLAYA-ISLANTILLA-333-edited-1536x864.jpg 1536w, https:\/\/www.islantilla.es\/wp-content\/uploads\/2026\/02\/PLAYA-ISLANTILLA-333-edited-2048x1152.jpg 2048w, https:\/\/www.islantilla.es\/wp-content\/uploads\/2026\/02\/PLAYA-ISLANTILLA-333-edited-18x10.jpg 18w\" sizes=\"(max-width: 1024px) 100vw, 1024px\" \/><\/figure>\n\n\n\n<figure class=\"wp-block-image size-large\"><img decoding=\"async\" width=\"576\" height=\"1024\" data-id=\"7686\" src=\"https:\/\/www.islantilla.es\/wp-content\/uploads\/2026\/02\/Voleibol-en-la-playa-de-Islantilla-576x1024.png\" alt=\"J\u00f3venes jugando al v\u00f3ley playa en la playa de Islantilla en la Costa de la Luz, Huelva\" class=\"wp-image-7686\" srcset=\"https:\/\/www.islantilla.es\/wp-content\/uploads\/2026\/02\/Voleibol-en-la-playa-de-Islantilla-576x1024.png 576w, https:\/\/www.islantilla.es\/wp-content\/uploads\/2026\/02\/Voleibol-en-la-playa-de-Islantilla-169x300.png 169w, https:\/\/www.islantilla.es\/wp-content\/uploads\/2026\/02\/Voleibol-en-la-playa-de-Islantilla-768x1365.png 768w, https:\/\/www.islantilla.es\/wp-content\/uploads\/2026\/02\/Voleibol-en-la-playa-de-Islantilla-864x1536.png 864w, https:\/\/www.islantilla.es\/wp-content\/uploads\/2026\/02\/Voleibol-en-la-playa-de-Islantilla-7x12.png 7w, https:\/\/www.islantilla.es\/wp-content\/uploads\/2026\/02\/Voleibol-en-la-playa-de-Islantilla.png 1080w\" sizes=\"(max-width: 576px) 100vw, 576px\" \/><\/figure>\n<\/figure>\n\n\n\n<div style=\"height:20px\" aria-hidden=\"true\" class=\"wp-block-spacer\"><\/div>\n\n\n\n<h3 class=\"wp-block-heading\">Parcours de golf d&#039;Islantilla<\/h3>\n\n\n\n<p>L&#039;un des principaux attraits de la destination est son parcours de golf. Avec ses 27 trous et son environnement naturel, il est <strong>l&#039;un des plus r\u00e9put\u00e9s d&#039;Andalousie<\/strong>.<\/p>\n\n\n\n<p>Ce n&#039;est pas seulement pour les joueurs : son cadre paisible, ses vues et son design en font un endroit id\u00e9al pour se d\u00e9connecter et profiter du paysage.<\/p>\n\n\n\n<p><a href=\"https:\/\/www.islantilla.es\/fr\/campo-de-golf\/\" title=\"\">D\u00e9couvrez plus d&#039;informations sur le parcours de golf d&#039;Islantilla ici.<\/a><\/p>\n\n\n\n<div style=\"height:20px\" aria-hidden=\"true\" class=\"wp-block-spacer\"><\/div>\n\n\n\n<figure class=\"wp-block-gallery has-nested-images columns-default is-cropped wp-block-gallery-2 is-layout-flex wp-block-gallery-is-layout-flex\">\n<figure class=\"wp-block-image size-large\"><img loading=\"lazy\" decoding=\"async\" width=\"576\" height=\"1024\" data-id=\"7341\" src=\"https:\/\/www.islantilla.es\/wp-content\/uploads\/2025\/12\/Campo-de-Golf-Islantilla_2_-576x1024.png\" alt=\"Vista a\u00e9rea del campo de golf de Islantilla en la Costa de la Luz, Huelva\" class=\"wp-image-7341\" srcset=\"https:\/\/www.islantilla.es\/wp-content\/uploads\/2025\/12\/Campo-de-Golf-Islantilla_2_-576x1024.png 576w, https:\/\/www.islantilla.es\/wp-content\/uploads\/2025\/12\/Campo-de-Golf-Islantilla_2_-169x300.png 169w, https:\/\/www.islantilla.es\/wp-content\/uploads\/2025\/12\/Campo-de-Golf-Islantilla_2_-768x1365.png 768w, https:\/\/www.islantilla.es\/wp-content\/uploads\/2025\/12\/Campo-de-Golf-Islantilla_2_-864x1536.png 864w, https:\/\/www.islantilla.es\/wp-content\/uploads\/2025\/12\/Campo-de-Golf-Islantilla_2_-7x12.png 7w, https:\/\/www.islantilla.es\/wp-content\/uploads\/2025\/12\/Campo-de-Golf-Islantilla_2_.png 1080w\" sizes=\"(max-width: 576px) 100vw, 576px\" \/><\/figure>\n\n\n\n<figure class=\"wp-block-image size-large\"><img loading=\"lazy\" decoding=\"async\" width=\"576\" height=\"1024\" data-id=\"7336\" src=\"https:\/\/www.islantilla.es\/wp-content\/uploads\/2025\/12\/Campo-de-Golf-Islantilla_4-576x1024.png\" alt=\"Casa club del campo de golf de Islantilla en Huelva con instalaciones y zonas verdes\" class=\"wp-image-7336\" srcset=\"https:\/\/www.islantilla.es\/wp-content\/uploads\/2025\/12\/Campo-de-Golf-Islantilla_4-576x1024.png 576w, https:\/\/www.islantilla.es\/wp-content\/uploads\/2025\/12\/Campo-de-Golf-Islantilla_4-169x300.png 169w, https:\/\/www.islantilla.es\/wp-content\/uploads\/2025\/12\/Campo-de-Golf-Islantilla_4-768x1365.png 768w, https:\/\/www.islantilla.es\/wp-content\/uploads\/2025\/12\/Campo-de-Golf-Islantilla_4-864x1536.png 864w, https:\/\/www.islantilla.es\/wp-content\/uploads\/2025\/12\/Campo-de-Golf-Islantilla_4-7x12.png 7w, https:\/\/www.islantilla.es\/wp-content\/uploads\/2025\/12\/Campo-de-Golf-Islantilla_4.png 1080w\" sizes=\"(max-width: 576px) 100vw, 576px\" \/><\/figure>\n\n\n\n<figure class=\"wp-block-image size-large\"><img loading=\"lazy\" decoding=\"async\" width=\"576\" height=\"1024\" data-id=\"7335\" src=\"https:\/\/www.islantilla.es\/wp-content\/uploads\/2025\/12\/Campo-de-Golf-Islantilla_3-576x1024.png\" alt=\"Panor\u00e1mica a\u00e9rea del campo de golf de Islantilla en Huelva con lagos\" class=\"wp-image-7335\" srcset=\"https:\/\/www.islantilla.es\/wp-content\/uploads\/2025\/12\/Campo-de-Golf-Islantilla_3-576x1024.png 576w, https:\/\/www.islantilla.es\/wp-content\/uploads\/2025\/12\/Campo-de-Golf-Islantilla_3-169x300.png 169w, https:\/\/www.islantilla.es\/wp-content\/uploads\/2025\/12\/Campo-de-Golf-Islantilla_3-768x1365.png 768w, https:\/\/www.islantilla.es\/wp-content\/uploads\/2025\/12\/Campo-de-Golf-Islantilla_3-864x1536.png 864w, https:\/\/www.islantilla.es\/wp-content\/uploads\/2025\/12\/Campo-de-Golf-Islantilla_3-7x12.png 7w, https:\/\/www.islantilla.es\/wp-content\/uploads\/2025\/12\/Campo-de-Golf-Islantilla_3.png 1080w\" sizes=\"(max-width: 576px) 100vw, 576px\" \/><\/figure>\n<\/figure>\n\n\n\n<div style=\"height:20px\" aria-hidden=\"true\" class=\"wp-block-spacer\"><\/div>\n\n\n\n<h3 class=\"wp-block-heading\">Parc El Camale\u00f3n<\/h3>\n\n\n\n<p>Il <strong><a href=\"https:\/\/www.islantilla.es\/fr\/parque-el-camaleon\/\" title=\"\">Parc El Camale\u00f3n<\/a> <\/strong>V\u00e9ritable poumon vert d&#039;Islantilla, cet espace de plus de 90\u00a0000 m\u00b2 offre un cadre id\u00e9al pour se ressourcer entre nature et loisirs.<\/p>\n\n\n\n<p>Vous trouverez ici\u00a0:<\/p>\n\n\n\n<ul class=\"wp-block-list\">\n<li>Sentier sportif<\/li>\n\n\n\n<li>Espace enfants<\/li>\n\n\n\n<li>Point de vue \u00ab Balcon des \u00e9toiles \u00bb<\/li>\n\n\n\n<li>Activit\u00e9s culturelles saisonni\u00e8res<\/li>\n<\/ul>\n\n\n\n<p>Il est id\u00e9al pour se promener, faire du sport ou passer du temps avec les enfants dans un environnement naturel.<\/p>\n\n\n\n<div style=\"height:20px\" aria-hidden=\"true\" class=\"wp-block-spacer\"><\/div>\n\n\n\n<figure class=\"wp-block-gallery has-nested-images columns-default is-cropped wp-block-gallery-3 is-layout-flex wp-block-gallery-is-layout-flex\">\n<figure class=\"wp-block-image size-large\"><img loading=\"lazy\" decoding=\"async\" width=\"576\" height=\"1024\" data-id=\"7241\" src=\"https:\/\/www.islantilla.es\/wp-content\/uploads\/2025\/12\/Parque-El-Camaleon-Islantilla-Huelva_14-576x1024.png\" alt=\"Parque El Camaleo\u0301n Islantilla, Huelva\" class=\"wp-image-7241\" srcset=\"https:\/\/www.islantilla.es\/wp-content\/uploads\/2025\/12\/Parque-El-Camaleon-Islantilla-Huelva_14-576x1024.png 576w, https:\/\/www.islantilla.es\/wp-content\/uploads\/2025\/12\/Parque-El-Camaleon-Islantilla-Huelva_14-169x300.png 169w, https:\/\/www.islantilla.es\/wp-content\/uploads\/2025\/12\/Parque-El-Camaleon-Islantilla-Huelva_14-768x1365.png 768w, https:\/\/www.islantilla.es\/wp-content\/uploads\/2025\/12\/Parque-El-Camaleon-Islantilla-Huelva_14-864x1536.png 864w, https:\/\/www.islantilla.es\/wp-content\/uploads\/2025\/12\/Parque-El-Camaleon-Islantilla-Huelva_14-7x12.png 7w, https:\/\/www.islantilla.es\/wp-content\/uploads\/2025\/12\/Parque-El-Camaleon-Islantilla-Huelva_14.png 1080w\" sizes=\"(max-width: 576px) 100vw, 576px\" \/><\/figure>\n\n\n\n<figure class=\"wp-block-image size-large\"><img loading=\"lazy\" decoding=\"async\" width=\"576\" height=\"1024\" data-id=\"7235\" src=\"https:\/\/www.islantilla.es\/wp-content\/uploads\/2025\/12\/Parque-El-Camaleon-Islantilla-Huelva_8-576x1024.webp\" alt=\"Parque El Camaleo\u0301n Islantilla, Huelva\" class=\"wp-image-7235\" srcset=\"https:\/\/www.islantilla.es\/wp-content\/uploads\/2025\/12\/Parque-El-Camaleon-Islantilla-Huelva_8-576x1024.webp 576w, https:\/\/www.islantilla.es\/wp-content\/uploads\/2025\/12\/Parque-El-Camaleon-Islantilla-Huelva_8-169x300.webp 169w, https:\/\/www.islantilla.es\/wp-content\/uploads\/2025\/12\/Parque-El-Camaleon-Islantilla-Huelva_8-768x1365.png 768w, https:\/\/www.islantilla.es\/wp-content\/uploads\/2025\/12\/Parque-El-Camaleon-Islantilla-Huelva_8-864x1536.png 864w, https:\/\/www.islantilla.es\/wp-content\/uploads\/2025\/12\/Parque-El-Camaleon-Islantilla-Huelva_8-7x12.png 7w, https:\/\/www.islantilla.es\/wp-content\/uploads\/2025\/12\/Parque-El-Camaleon-Islantilla-Huelva_8.webp 1080w\" sizes=\"(max-width: 576px) 100vw, 576px\" \/><\/figure>\n\n\n\n<figure class=\"wp-block-image size-large\"><img loading=\"lazy\" decoding=\"async\" width=\"576\" height=\"1024\" data-id=\"7242\" src=\"https:\/\/www.islantilla.es\/wp-content\/uploads\/2025\/12\/Parque-El-Camaleon-Islantilla-Huelva_15-576x1024.png\" alt=\"El Balc\u00f3n de las Estrellas en el Parque El Camale\u00f3n de Islantilla, mirador natural en Huelva\" class=\"wp-image-7242\" srcset=\"https:\/\/www.islantilla.es\/wp-content\/uploads\/2025\/12\/Parque-El-Camaleon-Islantilla-Huelva_15-576x1024.png 576w, https:\/\/www.islantilla.es\/wp-content\/uploads\/2025\/12\/Parque-El-Camaleon-Islantilla-Huelva_15-169x300.png 169w, https:\/\/www.islantilla.es\/wp-content\/uploads\/2025\/12\/Parque-El-Camaleon-Islantilla-Huelva_15-768x1365.png 768w, https:\/\/www.islantilla.es\/wp-content\/uploads\/2025\/12\/Parque-El-Camaleon-Islantilla-Huelva_15-864x1536.png 864w, https:\/\/www.islantilla.es\/wp-content\/uploads\/2025\/12\/Parque-El-Camaleon-Islantilla-Huelva_15-7x12.png 7w, https:\/\/www.islantilla.es\/wp-content\/uploads\/2025\/12\/Parque-El-Camaleon-Islantilla-Huelva_15.png 1080w\" sizes=\"(max-width: 576px) 100vw, 576px\" \/><\/figure>\n<\/figure>\n\n\n\n<div style=\"height:20px\" aria-hidden=\"true\" class=\"wp-block-spacer\"><\/div>\n\n\n\n<h3 class=\"wp-block-heading\">Parc Blue Trail Cabezos<\/h3>\n\n\n\n<p>Si vous aimez la marche, ce sentier est l&#039;un des meilleurs moyens de d\u00e9couvrir Islantilla. Il offre des vues panoramiques, des espaces verts et un parcours agr\u00e9able.<\/p>\n\n\n\n<p>Est <strong>Parfait pour des promenades tranquilles<\/strong> ou pour faire de l&#039;exercice tout en profitant du cadre.<\/p>\n\n\n\n<p><a href=\"https:\/\/www.islantilla.es\/fr\/sendero-azul-parque-de-los-cabezos\/\" title=\"\">D\u00e9couvrez le sentier ici.<\/a><\/p>\n\n\n\n<div style=\"height:20px\" aria-hidden=\"true\" class=\"wp-block-spacer\"><\/div>\n\n\n\n<figure class=\"wp-block-gallery has-nested-images columns-default is-cropped wp-block-gallery-4 is-layout-flex wp-block-gallery-is-layout-flex\">\n<figure class=\"wp-block-image size-large\"><img loading=\"lazy\" decoding=\"async\" width=\"576\" height=\"1024\" data-id=\"7944\" src=\"https:\/\/www.islantilla.es\/wp-content\/uploads\/2026\/04\/El-Parque-de-los-Cabezos-en-Islantilla-576x1024.png\" alt=\"El Parque de los Cabezos en Islantilla\" class=\"wp-image-7944\" srcset=\"https:\/\/www.islantilla.es\/wp-content\/uploads\/2026\/04\/El-Parque-de-los-Cabezos-en-Islantilla-576x1024.png 576w, https:\/\/www.islantilla.es\/wp-content\/uploads\/2026\/04\/El-Parque-de-los-Cabezos-en-Islantilla-169x300.png 169w, https:\/\/www.islantilla.es\/wp-content\/uploads\/2026\/04\/El-Parque-de-los-Cabezos-en-Islantilla-768x1365.png 768w, https:\/\/www.islantilla.es\/wp-content\/uploads\/2026\/04\/El-Parque-de-los-Cabezos-en-Islantilla-864x1536.png 864w, https:\/\/www.islantilla.es\/wp-content\/uploads\/2026\/04\/El-Parque-de-los-Cabezos-en-Islantilla-7x12.png 7w, https:\/\/www.islantilla.es\/wp-content\/uploads\/2026\/04\/El-Parque-de-los-Cabezos-en-Islantilla.png 1080w\" sizes=\"(max-width: 576px) 100vw, 576px\" \/><\/figure>\n\n\n\n<figure class=\"wp-block-image size-large\"><img loading=\"lazy\" decoding=\"async\" width=\"576\" height=\"1024\" data-id=\"7945\" src=\"https:\/\/www.islantilla.es\/wp-content\/uploads\/2026\/04\/Geiser-del-Parque-de-los-Cabezos-Islantilla-576x1024.png\" alt=\"Ge\u0301iser del Parque de los Cabezos, Islantilla\" class=\"wp-image-7945\" srcset=\"https:\/\/www.islantilla.es\/wp-content\/uploads\/2026\/04\/Geiser-del-Parque-de-los-Cabezos-Islantilla-576x1024.png 576w, https:\/\/www.islantilla.es\/wp-content\/uploads\/2026\/04\/Geiser-del-Parque-de-los-Cabezos-Islantilla-169x300.png 169w, https:\/\/www.islantilla.es\/wp-content\/uploads\/2026\/04\/Geiser-del-Parque-de-los-Cabezos-Islantilla-768x1365.png 768w, https:\/\/www.islantilla.es\/wp-content\/uploads\/2026\/04\/Geiser-del-Parque-de-los-Cabezos-Islantilla-864x1536.png 864w, https:\/\/www.islantilla.es\/wp-content\/uploads\/2026\/04\/Geiser-del-Parque-de-los-Cabezos-Islantilla-7x12.png 7w, https:\/\/www.islantilla.es\/wp-content\/uploads\/2026\/04\/Geiser-del-Parque-de-los-Cabezos-Islantilla.png 1080w\" sizes=\"(max-width: 576px) 100vw, 576px\" \/><\/figure>\n\n\n\n<figure class=\"wp-block-image size-large\"><img loading=\"lazy\" decoding=\"async\" width=\"576\" height=\"1024\" data-id=\"7946\" src=\"https:\/\/www.islantilla.es\/wp-content\/uploads\/2026\/04\/Sendero-Azul-del-Parque-de-los-Cabezos-en-Islantilla-576x1024.png\" alt=\"Sendero Azul del Parque de los Cabezos en Islantilla\" class=\"wp-image-7946\" srcset=\"https:\/\/www.islantilla.es\/wp-content\/uploads\/2026\/04\/Sendero-Azul-del-Parque-de-los-Cabezos-en-Islantilla-576x1024.png 576w, https:\/\/www.islantilla.es\/wp-content\/uploads\/2026\/04\/Sendero-Azul-del-Parque-de-los-Cabezos-en-Islantilla-169x300.png 169w, https:\/\/www.islantilla.es\/wp-content\/uploads\/2026\/04\/Sendero-Azul-del-Parque-de-los-Cabezos-en-Islantilla-768x1365.png 768w, https:\/\/www.islantilla.es\/wp-content\/uploads\/2026\/04\/Sendero-Azul-del-Parque-de-los-Cabezos-en-Islantilla-864x1536.png 864w, https:\/\/www.islantilla.es\/wp-content\/uploads\/2026\/04\/Sendero-Azul-del-Parque-de-los-Cabezos-en-Islantilla-7x12.png 7w, https:\/\/www.islantilla.es\/wp-content\/uploads\/2026\/04\/Sendero-Azul-del-Parque-de-los-Cabezos-en-Islantilla.png 1080w\" sizes=\"(max-width: 576px) 100vw, 576px\" \/><\/figure>\n<\/figure>\n\n\n\n<div style=\"height:20px\" aria-hidden=\"true\" class=\"wp-block-spacer\"><\/div>\n\n\n\n<h2 class=\"wp-block-heading\">Que voir \u00e0 Lepe\u00a0: des exp\u00e9riences uniques<\/h2>\n\n\n\n<p>\u00c0 quelques minutes seulement d&#039;Islantilla, Lepe offre un visage naturel et authentique de la destination.<\/p>\n\n\n\n<div style=\"height:20px\" aria-hidden=\"true\" class=\"wp-block-spacer\"><\/div>\n\n\n\n<h3 class=\"wp-block-heading\">Espace naturel Marismas del R\u00edo Piedras et Flecha de Nueva Umbr\u00eda<\/h3>\n\n\n\n<p>L&#039;un des <strong>les espaces naturels les plus impressionnants <\/strong>de la province. Vous y trouverez des marais, des dunes et des plages immacul\u00e9es.<\/p>\n\n\n\n<p>La <strong>Plage de Nouvelle Ombrie<\/strong> C&#039;est l&#039;un de ses plus grands tr\u00e9sors : un lieu pr\u00e9serv\u00e9 o\u00f9 l&#039;on peut appr\u00e9cier la nature \u00e0 l&#039;\u00e9tat pur.<\/p>\n\n\n\n<p><a href=\"https:\/\/turismo.lepe.es\/es\/poi\/paraje-natural-marismas-del-r-o-piedras-y-flecha-de-nueva-umbr\" target=\"_blank\" rel=\"noopener\" title=\"\">Plus d&#039;informations sur la zone naturelle ici.<\/a><\/p>\n\n\n\n<div style=\"height:20px\" aria-hidden=\"true\" class=\"wp-block-spacer\"><\/div>\n\n\n\n<figure class=\"wp-block-gallery has-nested-images columns-default is-cropped wp-block-gallery-5 is-layout-flex wp-block-gallery-is-layout-flex\">\n<figure class=\"wp-block-image size-large\"><img loading=\"lazy\" decoding=\"async\" width=\"1024\" height=\"767\" data-id=\"7941\" src=\"https:\/\/www.islantilla.es\/wp-content\/uploads\/2026\/04\/Paraje-Natural-Marismas-del-Rio-Piedras-y-Flecha-de-Nueva-Umbria-1024x767.jpg\" alt=\"Default\" class=\"wp-image-7941\" srcset=\"https:\/\/www.islantilla.es\/wp-content\/uploads\/2026\/04\/Paraje-Natural-Marismas-del-Rio-Piedras-y-Flecha-de-Nueva-Umbria-1024x767.jpg 1024w, https:\/\/www.islantilla.es\/wp-content\/uploads\/2026\/04\/Paraje-Natural-Marismas-del-Rio-Piedras-y-Flecha-de-Nueva-Umbria-300x225.jpg 300w, https:\/\/www.islantilla.es\/wp-content\/uploads\/2026\/04\/Paraje-Natural-Marismas-del-Rio-Piedras-y-Flecha-de-Nueva-Umbria-768x575.jpg 768w, https:\/\/www.islantilla.es\/wp-content\/uploads\/2026\/04\/Paraje-Natural-Marismas-del-Rio-Piedras-y-Flecha-de-Nueva-Umbria-1536x1151.jpg 1536w, https:\/\/www.islantilla.es\/wp-content\/uploads\/2026\/04\/Paraje-Natural-Marismas-del-Rio-Piedras-y-Flecha-de-Nueva-Umbria-2048x1534.jpg 2048w, https:\/\/www.islantilla.es\/wp-content\/uploads\/2026\/04\/Paraje-Natural-Marismas-del-Rio-Piedras-y-Flecha-de-Nueva-Umbria-16x12.jpg 16w\" sizes=\"(max-width: 1024px) 100vw, 1024px\" \/><\/figure>\n\n\n\n<figure class=\"wp-block-image size-large\"><img loading=\"lazy\" decoding=\"async\" width=\"1024\" height=\"767\" data-id=\"7940\" src=\"https:\/\/www.islantilla.es\/wp-content\/uploads\/2026\/04\/Paraje-Natural-Marismas-del-Rio-Piedras-y-Flecha-de-Nueva-Umbria_marismas-1024x767.jpg\" alt=\"Default\" class=\"wp-image-7940\" srcset=\"https:\/\/www.islantilla.es\/wp-content\/uploads\/2026\/04\/Paraje-Natural-Marismas-del-Rio-Piedras-y-Flecha-de-Nueva-Umbria_marismas-1024x767.jpg 1024w, https:\/\/www.islantilla.es\/wp-content\/uploads\/2026\/04\/Paraje-Natural-Marismas-del-Rio-Piedras-y-Flecha-de-Nueva-Umbria_marismas-300x225.jpg 300w, https:\/\/www.islantilla.es\/wp-content\/uploads\/2026\/04\/Paraje-Natural-Marismas-del-Rio-Piedras-y-Flecha-de-Nueva-Umbria_marismas-768x575.jpg 768w, https:\/\/www.islantilla.es\/wp-content\/uploads\/2026\/04\/Paraje-Natural-Marismas-del-Rio-Piedras-y-Flecha-de-Nueva-Umbria_marismas-1536x1151.jpg 1536w, https:\/\/www.islantilla.es\/wp-content\/uploads\/2026\/04\/Paraje-Natural-Marismas-del-Rio-Piedras-y-Flecha-de-Nueva-Umbria_marismas-2048x1534.jpg 2048w, https:\/\/www.islantilla.es\/wp-content\/uploads\/2026\/04\/Paraje-Natural-Marismas-del-Rio-Piedras-y-Flecha-de-Nueva-Umbria_marismas-16x12.jpg 16w\" sizes=\"(max-width: 1024px) 100vw, 1024px\" \/><\/figure>\n<\/figure>\n\n\n\n<div style=\"height:20px\" aria-hidden=\"true\" class=\"wp-block-spacer\"><\/div>\n\n\n\n<h3 class=\"wp-block-heading\">Route de Taviron<\/h3>\n\n\n\n<p>UN <a href=\"https:\/\/turismo.lepe.es\/es\/node\/1172\" target=\"_blank\" rel=\"noopener\" title=\"\">itin\u00e9raire parfait<\/a> Pour ceux qui recherchent quelque chose de diff\u00e9rent. Ce projet allie nature et histoire, mettant en lumi\u00e8re le passage \u00e0 travers le <strong>Pont de La Tavirona<\/strong>, un \u00e9difice d&#039;une grande valeur patrimoniale.<\/p>\n\n\n\n<div style=\"height:20px\" aria-hidden=\"true\" class=\"wp-block-spacer\"><\/div>\n\n\n\n<h3 class=\"wp-block-heading\">Promenade \u00e0 cheval sur la plage<\/h3>\n\n\n\n<div class=\"wp-block-columns is-layout-flex wp-container-core-columns-is-layout-28f84493 wp-block-columns-is-layout-flex\">\n<div class=\"wp-block-column is-layout-flow wp-block-column-is-layout-flow\" style=\"flex-basis:33.33%\">\n<figure class=\"wp-block-embed is-type-video is-provider-youtube wp-block-embed-youtube wp-embed-aspect-9-16 wp-has-aspect-ratio\"><div class=\"wp-block-embed__wrapper\">\n<iframe title=\"Galopant le long du rivage #islantilla #huelva #costadedelaluz\" width=\"563\" height=\"1000\" src=\"https:\/\/www.youtube.com\/embed\/iLbMYCf6dWk?feature=oembed\" frameborder=\"0\" allow=\"accelerometer; autoplay; clipboard-write; encrypted-media; gyroscope; picture-in-picture; web-share\" referrerpolicy=\"strict-origin-when-cross-origin\" allowfullscreen><\/iframe>\n<\/div><\/figure>\n<\/div>\n\n\n\n<div class=\"wp-block-column is-layout-flow wp-block-column-is-layout-flow\" style=\"flex-basis:66.66%\">\n<p>Peu d&#039;exp\u00e9riences sont aussi sp\u00e9ciales que<strong> <a href=\"https:\/\/turismo.lepe.es\/es\/poi\/escuela-h-pica-antonio-real\" target=\"_blank\" rel=\"noopener\" title=\"\">promenade \u00e0 cheval le long de la plage<\/a><\/strong>. C&#039;est une formule id\u00e9ale pour les couples ou pour ceux qui recherchent quelque chose d&#039;unique.<\/p>\n<\/div>\n<\/div>\n\n\n\n<div style=\"height:20px\" aria-hidden=\"true\" class=\"wp-block-spacer\"><\/div>\n\n\n\n<h3 class=\"wp-block-heading\">Port d&#039;El Terr\u00f3n<\/h3>\n\n\n\n<p><a href=\"https:\/\/turismo.lepe.es\/es\/poi\/puerto-de-el-terr-n\" target=\"_blank\" rel=\"noopener\" title=\"\">Ce port<\/a> Il pr\u00e9serve le caract\u00e8re maritime de la r\u00e9gion. On peut s&#039;y promener et observer les p\u00eacheurs.<\/p>\n\n\n\n<div style=\"height:20px\" aria-hidden=\"true\" class=\"wp-block-spacer\"><\/div>\n\n\n\n<figure class=\"wp-block-image size-large\"><img loading=\"lazy\" decoding=\"async\" width=\"2560\" height=\"1440\" src=\"https:\/\/www.islantilla.es\/wp-content\/uploads\/2026\/04\/Puerto-de-El-Terron-Lepe-edited-scaled.jpg\" alt=\"Default\" class=\"wp-image-7943\" srcset=\"https:\/\/www.islantilla.es\/wp-content\/uploads\/2026\/04\/Puerto-de-El-Terron-Lepe-edited-scaled.jpg 2560w, https:\/\/www.islantilla.es\/wp-content\/uploads\/2026\/04\/Puerto-de-El-Terron-Lepe-edited-300x169.jpg 300w, https:\/\/www.islantilla.es\/wp-content\/uploads\/2026\/04\/Puerto-de-El-Terron-Lepe-edited-1024x576.jpg 1024w, https:\/\/www.islantilla.es\/wp-content\/uploads\/2026\/04\/Puerto-de-El-Terron-Lepe-edited-768x432.jpg 768w, https:\/\/www.islantilla.es\/wp-content\/uploads\/2026\/04\/Puerto-de-El-Terron-Lepe-edited-1536x864.jpg 1536w, https:\/\/www.islantilla.es\/wp-content\/uploads\/2026\/04\/Puerto-de-El-Terron-Lepe-edited-2048x1152.jpg 2048w, https:\/\/www.islantilla.es\/wp-content\/uploads\/2026\/04\/Puerto-de-El-Terron-Lepe-edited-18x10.jpg 18w\" sizes=\"(max-width: 2560px) 100vw, 2560px\" \/><\/figure>\n\n\n\n<div style=\"height:20px\" aria-hidden=\"true\" class=\"wp-block-spacer\"><\/div>\n\n\n\n<h2 class=\"wp-block-heading\">Que voir \u00e0 Isla Cristina\u00a0: nature et traditions<\/h2>\n\n\n\n<p>Isla Cristina offre \u00e0 la destination son c\u00f4t\u00e9 le plus naturel et authentique, li\u00e9 \u00e0 la mer et \u00e0 la p\u00eache.<\/p>\n\n\n\n<div style=\"height:20px\" aria-hidden=\"true\" class=\"wp-block-spacer\"><\/div>\n\n\n\n<h3 class=\"wp-block-heading\">Marais d&#039;Isla Cristina<\/h3>\n\n\n\n<p>Un espace naturel id\u00e9al pour le <strong>observation des oiseaux \u00e0 Huelva<\/strong>. C&#039;est l&#039;un des meilleurs endroits pour observer la faune sauvage.<\/p>\n\n\n\n<p><a href=\"https:\/\/wp.islacristina.org\/naturaleza-3\/\" target=\"_blank\" rel=\"noopener\" title=\"\">Toutes les infos ici.<\/a><\/p>\n\n\n\n<div style=\"height:20px\" aria-hidden=\"true\" class=\"wp-block-spacer\"><\/div>\n\n\n\n<figure class=\"wp-block-gallery has-nested-images columns-default is-cropped wp-block-gallery-6 is-layout-flex wp-block-gallery-is-layout-flex\">\n<figure class=\"wp-block-image size-large\"><img loading=\"lazy\" decoding=\"async\" width=\"576\" height=\"1024\" data-id=\"7948\" src=\"https:\/\/www.islantilla.es\/wp-content\/uploads\/2026\/04\/Avistamiento-de-aves-en-las-Marismas-de-Isla-Cristina-576x1024.png\" alt=\"Avistamiento de aves en las Marismas de Isla Cristina\" class=\"wp-image-7948\" srcset=\"https:\/\/www.islantilla.es\/wp-content\/uploads\/2026\/04\/Avistamiento-de-aves-en-las-Marismas-de-Isla-Cristina-576x1024.png 576w, https:\/\/www.islantilla.es\/wp-content\/uploads\/2026\/04\/Avistamiento-de-aves-en-las-Marismas-de-Isla-Cristina-169x300.png 169w, https:\/\/www.islantilla.es\/wp-content\/uploads\/2026\/04\/Avistamiento-de-aves-en-las-Marismas-de-Isla-Cristina-768x1365.png 768w, https:\/\/www.islantilla.es\/wp-content\/uploads\/2026\/04\/Avistamiento-de-aves-en-las-Marismas-de-Isla-Cristina-864x1536.png 864w, https:\/\/www.islantilla.es\/wp-content\/uploads\/2026\/04\/Avistamiento-de-aves-en-las-Marismas-de-Isla-Cristina-7x12.png 7w, https:\/\/www.islantilla.es\/wp-content\/uploads\/2026\/04\/Avistamiento-de-aves-en-las-Marismas-de-Isla-Cristina.png 1080w\" sizes=\"(max-width: 576px) 100vw, 576px\" \/><\/figure>\n\n\n\n<figure class=\"wp-block-image size-large\"><img loading=\"lazy\" decoding=\"async\" width=\"576\" height=\"1024\" data-id=\"7949\" src=\"https:\/\/www.islantilla.es\/wp-content\/uploads\/2026\/04\/Marismas-de-Isla-Cristina-al-atardecer-576x1024.png\" alt=\"Marismas de Isla Cristina al atardecer\" class=\"wp-image-7949\" srcset=\"https:\/\/www.islantilla.es\/wp-content\/uploads\/2026\/04\/Marismas-de-Isla-Cristina-al-atardecer-576x1024.png 576w, https:\/\/www.islantilla.es\/wp-content\/uploads\/2026\/04\/Marismas-de-Isla-Cristina-al-atardecer-169x300.png 169w, https:\/\/www.islantilla.es\/wp-content\/uploads\/2026\/04\/Marismas-de-Isla-Cristina-al-atardecer-768x1365.png 768w, https:\/\/www.islantilla.es\/wp-content\/uploads\/2026\/04\/Marismas-de-Isla-Cristina-al-atardecer-864x1536.png 864w, https:\/\/www.islantilla.es\/wp-content\/uploads\/2026\/04\/Marismas-de-Isla-Cristina-al-atardecer-7x12.png 7w, https:\/\/www.islantilla.es\/wp-content\/uploads\/2026\/04\/Marismas-de-Isla-Cristina-al-atardecer.png 1080w\" sizes=\"(max-width: 576px) 100vw, 576px\" \/><\/figure>\n\n\n\n<figure class=\"wp-block-image size-large\"><img loading=\"lazy\" decoding=\"async\" width=\"576\" height=\"1024\" data-id=\"7950\" src=\"https:\/\/www.islantilla.es\/wp-content\/uploads\/2026\/04\/Marismas-de-Isla-Cristina-en-Huelva-576x1024.png\" alt=\"Marismas de Isla Cristina en Huelva\" class=\"wp-image-7950\" srcset=\"https:\/\/www.islantilla.es\/wp-content\/uploads\/2026\/04\/Marismas-de-Isla-Cristina-en-Huelva-576x1024.png 576w, https:\/\/www.islantilla.es\/wp-content\/uploads\/2026\/04\/Marismas-de-Isla-Cristina-en-Huelva-169x300.png 169w, https:\/\/www.islantilla.es\/wp-content\/uploads\/2026\/04\/Marismas-de-Isla-Cristina-en-Huelva-768x1365.png 768w, https:\/\/www.islantilla.es\/wp-content\/uploads\/2026\/04\/Marismas-de-Isla-Cristina-en-Huelva-864x1536.png 864w, https:\/\/www.islantilla.es\/wp-content\/uploads\/2026\/04\/Marismas-de-Isla-Cristina-en-Huelva-7x12.png 7w, https:\/\/www.islantilla.es\/wp-content\/uploads\/2026\/04\/Marismas-de-Isla-Cristina-en-Huelva.png 1080w\" sizes=\"(max-width: 576px) 100vw, 576px\" \/><\/figure>\n<\/figure>\n\n\n\n<div style=\"height:20px\" aria-hidden=\"true\" class=\"wp-block-spacer\"><\/div>\n\n\n\n<h3 class=\"wp-block-heading\">Route du cam\u00e9l\u00e9on<\/h3>\n\n\n\n<p>Un itin\u00e9raire qui vous permet de vous immerger dans l&#039;environnement naturel de la commune et de d\u00e9couvrir des paysages uniques.<\/p>\n\n\n\n<p><a href=\"https:\/\/wp.islacristina.org\/naturaleza-3\/\" target=\"_blank\" rel=\"noopener\" title=\"\">Trouvez l&#039;itin\u00e9raire ici.<\/a><\/p>\n\n\n\n<div style=\"height:20px\" aria-hidden=\"true\" class=\"wp-block-spacer\"><\/div>\n\n\n\n<h3 class=\"wp-block-heading\">La petite maison bleue<\/h3>\n\n\n\n<p>UN <strong>point cl\u00e9<\/strong> explorer les environs naturels et commencer \u00e0 emprunter les sentiers de randonn\u00e9e. C&#039;est un <a href=\"https:\/\/wp.islacristina.org\/turismo\/playa-de-la-casita-azul\/\" target=\"_blank\" rel=\"noopener\" title=\"\">point de rep\u00e8re pour les visiteurs<\/a>.<\/p>\n\n\n\n<div style=\"height:20px\" aria-hidden=\"true\" class=\"wp-block-spacer\"><\/div>\n\n\n\n<h3 class=\"wp-block-heading\">Salinas del Alem\u00e1n<\/h3>\n\n\n\n<div class=\"wp-block-columns is-layout-flex wp-container-core-columns-is-layout-28f84493 wp-block-columns-is-layout-flex\">\n<div class=\"wp-block-column is-layout-flow wp-block-column-is-layout-flow\" style=\"flex-basis:33.33%\">\n<figure class=\"wp-block-embed is-type-video is-provider-youtube wp-block-embed-youtube wp-embed-aspect-9-16 wp-has-aspect-ratio\"><div class=\"wp-block-embed__wrapper\">\n<iframe title=\"Spa salin dans les Salinas del Alem\u00e1n #huelva #spasalino #salinas #costadedelaluz\" width=\"563\" height=\"1000\" src=\"https:\/\/www.youtube.com\/embed\/KxyeT_OjKTQ?feature=oembed\" frameborder=\"0\" allow=\"accelerometer; autoplay; clipboard-write; encrypted-media; gyroscope; picture-in-picture; web-share\" referrerpolicy=\"strict-origin-when-cross-origin\" allowfullscreen><\/iframe>\n<\/div><\/figure>\n<\/div>\n\n\n\n<div class=\"wp-block-column is-layout-flow wp-block-column-is-layout-flow\" style=\"flex-basis:66.66%\">\n<p>Un espace o\u00f9 <strong>tradition et nature<\/strong> Ils se rejoignent. Ici, vous pourrez d\u00e9couvrir comment le sel est produit \u00e0 la main et mieux comprendre le paysage.<\/p>\n\n\n\n<p><a href=\"https:\/\/www.salinasdelaleman.es\/servicios\/\" target=\"_blank\" rel=\"noopener\" title=\"\">D\u00e9couvrez ici tous les services disponibles \u00e0 Salinas.<\/a><\/p>\n<\/div>\n<\/div>\n\n\n\n<div style=\"height:20px\" aria-hidden=\"true\" class=\"wp-block-spacer\"><\/div>\n\n\n\n<p><strong>\u00celetilla<\/strong>, pr\u00e8s de <strong>L\u00e9p\u00ea<\/strong> e <strong>Isla Cristina<\/strong>, Elle constitue une destination compl\u00e8te o\u00f9 vous pouvez combiner plage, nature, sports et exp\u00e9riences uniques.<\/p>\n\n\n\n<p>Si vous cherchez <strong>Que voir \u00e0 Islantilla et dans les environs ?<\/strong>, Vous trouverez ici bien plus que vous ne l&#039;imaginez : un lieu o\u00f9 chaque jour vous pouvez faire quelque chose de diff\u00e9rent.<\/p>\n\n\n\n<p>Planifiez votre voyage, explorez les environs et d\u00e9couvrez pourquoi ce coin de la Costa de la Luz est l&#039;une des destinations les plus compl\u00e8tes de la r\u00e9gion. <strong>Huelva<\/strong>.<\/p>","protected":false},"excerpt":{"rendered":"<p>Si est\u00e1s buscando qu\u00e9 ver en Islantilla, seguramente no quieras una lista cualquiera, sino una gu\u00eda real que te ayude a organizar tu viaje y descubrir lo mejor del destino sin perder tiempo. Y aqu\u00ed viene lo importante: Islantilla no es solo playa. Es un punto estrat\u00e9gico que conecta con Lepe e Isla Cristina, formando [&hellip;]<\/p>\n","protected":false},"author":12,"featured_media":7416,"comment_status":"open","ping_status":"open","sticky":false,"template":"","format":"standard","meta":{"slim_seo":{"title":"Qu\u00e9 ver en Islantilla y alrededores: gu\u00eda completa (Lepe e Isla Cristina)","description":"Descubre qu\u00e9 ver en Islantilla, Lepe e Isla Cristina. Gu\u00eda completa con playas, naturaleza, rutas y planes en la Costa de la Luz."},"footnotes":""},"categories":[34,36,28],"tags":[],"class_list":["post-7939","post","type-post","status-publish","format-standard","has-post-thumbnail","hentry","category-entorno","category-imprescindibles","category-turismo-verde"],"_links":{"self":[{"href":"https:\/\/www.islantilla.es\/fr\/wp-json\/wp\/v2\/posts\/7939","targetHints":{"allow":["GET"]}}],"collection":[{"href":"https:\/\/www.islantilla.es\/fr\/wp-json\/wp\/v2\/posts"}],"about":[{"href":"https:\/\/www.islantilla.es\/fr\/wp-json\/wp\/v2\/types\/post"}],"author":[{"embeddable":true,"href":"https:\/\/www.islantilla.es\/fr\/wp-json\/wp\/v2\/users\/12"}],"replies":[{"embeddable":true,"href":"https:\/\/www.islantilla.es\/fr\/wp-json\/wp\/v2\/comments?post=7939"}],"version-history":[{"count":6,"href":"https:\/\/www.islantilla.es\/fr\/wp-json\/wp\/v2\/posts\/7939\/revisions"}],"predecessor-version":[{"id":7958,"href":"https:\/\/www.islantilla.es\/fr\/wp-json\/wp\/v2\/posts\/7939\/revisions\/7958"}],"wp:featuredmedia":[{"embeddable":true,"href":"https:\/\/www.islantilla.es\/fr\/wp-json\/wp\/v2\/media\/7416"}],"wp:attachment":[{"href":"https:\/\/www.islantilla.es\/fr\/wp-json\/wp\/v2\/media?parent=7939"}],"wp:term":[{"taxonomy":"category","embeddable":true,"href":"https:\/\/www.islantilla.es\/fr\/wp-json\/wp\/v2\/categories?post=7939"},{"taxonomy":"post_tag","embeddable":true,"href":"https:\/\/www.islantilla.es\/fr\/wp-json\/wp\/v2\/tags?post=7939"}],"curies":[{"name":"wp","href":"https:\/\/api.w.org\/{rel}","templated":true}]}}