{"id":7760,"date":"2026-03-16T15:59:45","date_gmt":"2026-03-16T14:59:45","guid":{"rendered":"https:\/\/www.islantilla.es\/?p=7760"},"modified":"2026-03-24T18:29:35","modified_gmt":"2026-03-24T17:29:35","slug":"senderos-en-islantilla-naturaleza-y-senderismo-en-la-costa-de-huelva","status":"publish","type":"post","link":"https:\/\/www.islantilla.es\/fr\/senderos-en-islantilla-naturaleza-y-senderismo-en-la-costa-de-huelva\/","title":{"rendered":"Sentiers de randonn\u00e9e \u00e0 Islantilla : nature et randonn\u00e9e sur la c\u00f4te de Huelva"},"content":{"rendered":"<p>Si vous cherchez <strong>Possibilit\u00e9s de randonn\u00e9e \u00e0 Huelva<\/strong>, La premi\u00e8re chose qui vient sans doute \u00e0 l&#039;esprit, c&#039;est la Sierra. Mais la randonn\u00e9e dans la province ne se limite pas \u00e0 l&#039;int\u00e9rieur des terres. Sur la Costa de la Luz, et surtout \u00e0 <strong>\u00celetilla<\/strong>, Vous y trouverez des itin\u00e9raires accessibles, des paysages ouverts et des circuits parfaits pour allier nature, sport et mer.<\/p>\n\n\n\n<figure class=\"wp-block-image size-large\"><img fetchpriority=\"high\" decoding=\"async\" width=\"900\" height=\"506\" src=\"https:\/\/www.islantilla.es\/wp-content\/uploads\/2026\/02\/Restaurante-rubens-La-Redondela-palomar-de-la-Huerta-noble_Islantilla-en-ruta-edited-1.webp\" alt=\"Restaurante ruben's La Redondela palomar de la Huerta noble Islantilla en ruta\" class=\"wp-image-7766\" srcset=\"https:\/\/www.islantilla.es\/wp-content\/uploads\/2026\/02\/Restaurante-rubens-La-Redondela-palomar-de-la-Huerta-noble_Islantilla-en-ruta-edited-1.webp 900w, https:\/\/www.islantilla.es\/wp-content\/uploads\/2026\/02\/Restaurante-rubens-La-Redondela-palomar-de-la-Huerta-noble_Islantilla-en-ruta-edited-1-300x169.webp 300w, https:\/\/www.islantilla.es\/wp-content\/uploads\/2026\/02\/Restaurante-rubens-La-Redondela-palomar-de-la-Huerta-noble_Islantilla-en-ruta-edited-1-768x432.webp 768w, https:\/\/www.islantilla.es\/wp-content\/uploads\/2026\/02\/Restaurante-rubens-La-Redondela-palomar-de-la-Huerta-noble_Islantilla-en-ruta-edited-1-18x10.webp 18w\" sizes=\"(max-width: 900px) 100vw, 900px\" \/><\/figure>\n\n\n\n<p>Ici, point de pentes abruptes ni de sommets vertigineux, mais des sentiers confortables et bien balis\u00e9s, adapt\u00e9s \u00e0 tous les niveaux. Si vous r\u00eavez d&#039;une balade le long de la c\u00f4te atlantique, au c\u0153ur d&#039;espaces verts et de zones naturelles pr\u00e9serv\u00e9es, poursuivez votre lecture\u00a0: cet article est fait pour vous.<\/p>\n\n\n\n<div style=\"height:20px\" aria-hidden=\"true\" class=\"wp-block-spacer\"><\/div>\n\n\n\n<h2 class=\"wp-block-heading\">Randonn\u00e9e \u00e0 Huelva : montagnes et c\u00f4te, deux exp\u00e9riences diff\u00e9rentes<\/h2>\n\n\n\n<p>Quand on parle d&#039;itin\u00e9raires de <strong>Randonn\u00e9e \u00e0 Huelva<\/strong>, La Sierra de Aracena et les Picos de Aroche sont g\u00e9n\u00e9ralement les vedettes. Et \u00e0 juste titre. Mais si vous pr\u00e9f\u00e9rez des itin\u00e9raires plus faciles, <strong>sorties en famille<\/strong> soit<strong> itin\u00e9raires faciles<\/strong> sur la c\u00f4te, <strong>\u00celetilla<\/strong> Cela devient une alternative tr\u00e8s int\u00e9ressante.<\/p>\n\n\n\n<p>Randonner sur la c\u00f4te ouest de Huelva permet de profiter de la brise marine, de sentiers urbains int\u00e9gr\u00e9s \u00e0 la nature et d&#039;itin\u00e9raires balis\u00e9s sans n\u00e9cessiter d&#039;efforts physiques importants.<\/p>\n\n\n\n<div style=\"height:20px\" aria-hidden=\"true\" class=\"wp-block-spacer\"><\/div>\n\n\n\n<h2 class=\"wp-block-heading\">Pourquoi faire de la randonn\u00e9e \u00e0 Islantilla ?<\/h2>\n\n\n\n<p>Islantilla fait partie d&#039;un environnement privil\u00e9gi\u00e9 <strong>partag\u00e9 par Lepe et Isla Cristina<\/strong>. Ici, vous pouvez combiner plage, sport et tourisme vert dans une m\u00eame destination.<\/p>\n\n\n\n<p>Les sentiers s&#039;int\u00e8grent parfaitement au paysage, sont accessibles et nombre d&#039;entre eux sont id\u00e9aux pour les randonn\u00e9es en famille ou en groupe. Ils permettent \u00e9galement d&#039;explorer diff\u00e9rents quartiers du centre-ville et ses espaces verts tout en restant au contact de la nature. Aujourd&#039;hui, nous vous les pr\u00e9sentons. <strong>cinq options fantastiques<\/strong> <strong>des sentiers d&#039;Islantilla<\/strong>.<\/p>\n\n\n\n<div style=\"height:20px\" aria-hidden=\"true\" class=\"wp-block-spacer\"><\/div>\n\n\n\n<h2 class=\"wp-block-heading\">Sentier sportif Parc El Camale\u00f3n<\/h2>\n\n\n\n<p><strong>Type : circulaire<br>Difficult\u00e9 : facile<br>Distance approximative : 1 km<br>Dur\u00e9e approximative : 13\u2032<\/strong><\/p>\n\n\n\n<p>Situ\u00e9 au c\u0153ur de <strong>Parc El Camale\u00f3n<\/strong>, Ce circuit d&#039;environ 1\u00a0000 m\u00e8tres est id\u00e9al pour ceux qui souhaitent allier nature et activit\u00e9 physique lors d&#039;une randonn\u00e9e \u00e0 Huelva. Sa faible difficult\u00e9 et son d\u00e9nivel\u00e9 minimal en font un itin\u00e9raire tr\u00e8s accessible \u00e0 tous les niveaux.<\/p>\n\n\n\n<figure class=\"wp-block-image size-large\"><img decoding=\"async\" width=\"1024\" height=\"576\" src=\"https:\/\/www.islantilla.es\/wp-content\/uploads\/2025\/11\/Sendero-Deportivo-Parque-El-Camaleon-Islantilla_Sendero-Azul-edited-1024x576.webp\" alt=\"Sendero deportivo del Parque El Camale\u00f3n de Islantilla. Sendero Azul.\" class=\"wp-image-6364\" srcset=\"https:\/\/www.islantilla.es\/wp-content\/uploads\/2025\/11\/Sendero-Deportivo-Parque-El-Camaleon-Islantilla_Sendero-Azul-edited-1024x576.webp 1024w, https:\/\/www.islantilla.es\/wp-content\/uploads\/2025\/11\/Sendero-Deportivo-Parque-El-Camaleon-Islantilla_Sendero-Azul-edited-300x169.webp 300w, https:\/\/www.islantilla.es\/wp-content\/uploads\/2025\/11\/Sendero-Deportivo-Parque-El-Camaleon-Islantilla_Sendero-Azul-edited-768x432.webp 768w, https:\/\/www.islantilla.es\/wp-content\/uploads\/2025\/11\/Sendero-Deportivo-Parque-El-Camaleon-Islantilla_Sendero-Azul-edited-18x10.webp 18w, https:\/\/www.islantilla.es\/wp-content\/uploads\/2025\/11\/Sendero-Deportivo-Parque-El-Camaleon-Islantilla_Sendero-Azul-edited.webp 1080w\" sizes=\"(max-width: 1024px) 100vw, 1024px\" \/><\/figure>\n\n\n\n<p>Son rev\u00eatement en b\u00e9ton et en sable permet de marcher ou de courir confortablement, ce qui en fait un choix id\u00e9al pour des s\u00e9ances d&#039;entra\u00eenement l\u00e9g\u00e8res ou des promenades revigorantes en pleine nature. En chemin, vous pourrez observer des esp\u00e8ces indig\u00e8nes de la pin\u00e8de c\u00f4ti\u00e8re, comme le pin parasol, le ciste et diverses esp\u00e8ces d&#039;oiseaux locaux.<\/p>\n\n\n\n<p>C&#039;est sans aucun doute l&#039;un des itin\u00e9raires de randonn\u00e9e les plus recommand\u00e9s \u00e0 Islantilla si vous recherchez un tourisme actif sur la Costa de la Luz sans grandes exigences physiques.<\/p>\n\n\n\n<p><strong><a href=\"https:\/\/www.islantilla.es\/fr\/sendero-deportivo-parque-el-camaleon\/\" target=\"_blank\" rel=\"noopener\" title=\"\">Lien vers le sentier ici.<\/a><\/strong><\/p>\n\n\n\n<div style=\"height:20px\" aria-hidden=\"true\" class=\"wp-block-spacer\"><\/div>\n\n\n\n<h2 class=\"wp-block-heading\">Parc Blue Trail Cabezos<\/h2>\n\n\n\n<p><strong>Type : circulaire<br>Difficult\u00e9 : moyenne<br>Distance approximative : 3 km<br>Dur\u00e9e approximative : 20 min<\/strong><\/p>\n\n\n\n<p>Il <strong>Parc Blue Trail Cabezos<\/strong> C&#039;est l&#039;un des itin\u00e9raires les plus attrayants de la r\u00e9gion. Ce sentier p\u00e9destre, d&#039;un niveau de difficult\u00e9 mod\u00e9r\u00e9, offre des vues panoramiques spectaculaires sur Islantilla et ses environs. Enti\u00e8rement asphalt\u00e9, il longe le terrain de golf et met en valeur l&#039;int\u00e9gration harmonieuse du paysage urbain aux espaces verts du complexe h\u00f4telier.<\/p>\n\n\n\n<figure class=\"wp-block-image size-full\"><img decoding=\"async\" width=\"900\" height=\"506\" src=\"https:\/\/www.islantilla.es\/wp-content\/uploads\/2026\/02\/Parque-de-los-Cabezos-Avenida-Rio-Frio_Islantilla-en-Ruta-edited.webp\" alt=\"Parque de los Cabezos Avenida Rio Frio Islantilla en Ruta\" class=\"wp-image-7763\" srcset=\"https:\/\/www.islantilla.es\/wp-content\/uploads\/2026\/02\/Parque-de-los-Cabezos-Avenida-Rio-Frio_Islantilla-en-Ruta-edited.webp 900w, https:\/\/www.islantilla.es\/wp-content\/uploads\/2026\/02\/Parque-de-los-Cabezos-Avenida-Rio-Frio_Islantilla-en-Ruta-edited-300x169.webp 300w, https:\/\/www.islantilla.es\/wp-content\/uploads\/2026\/02\/Parque-de-los-Cabezos-Avenida-Rio-Frio_Islantilla-en-Ruta-edited-768x432.webp 768w, https:\/\/www.islantilla.es\/wp-content\/uploads\/2026\/02\/Parque-de-los-Cabezos-Avenida-Rio-Frio_Islantilla-en-Ruta-edited-18x10.webp 18w\" sizes=\"(max-width: 900px) 100vw, 900px\" \/><\/figure>\n\n\n\n<p>Les douces mont\u00e9es et descentes dynamisent le parcours, ce qui en fait une option id\u00e9ale si vous recherchez une randonn\u00e9e active avec un petit d\u00e9fi physique, mais accessible \u00e0 la plupart des marcheurs. Dans sa partie centrale, vous trouverez une agr\u00e9able aire de repos. <strong>un petit lac et un geyser<\/strong>, un endroit parfait pour faire une pause et contempler le reflet du ciel sur l&#039;eau.<\/p>\n\n\n\n<p>S&#039;\u00e9tendant sur pr\u00e8s de 2 kilom\u00e8tres, ce sentier invite non seulement \u00e0 la marche, mais aussi \u00e0 la contemplation du paysage et \u00e0 la qui\u00e9tude qui caract\u00e9risent Islantilla. Il est particuli\u00e8rement recommand\u00e9 au coucher du soleil, lorsque la lumi\u00e8re embrase l&#039;horizon et sublime la vue sur le littoral de Huelva.<\/p>\n\n\n\n<p><a href=\"https:\/\/www.islantilla.es\/fr\/sendero-azul-parque-de-los-cabezos\/\" target=\"_blank\" rel=\"noopener\" title=\"\"><strong>Lien vers le sentier ici.<\/strong><\/a><\/p>\n\n\n\n<div style=\"height:20px\" aria-hidden=\"true\" class=\"wp-block-spacer\"><\/div>\n\n\n\n<h2 class=\"wp-block-heading\">Sentier de l&#039;avenue R\u00edo Fr\u00edo<\/h2>\n\n\n\n<p><strong>Type : lin\u00e9aire<br>Difficult\u00e9 : faible<br>Distance approximative : 2,5 km<br>Dur\u00e9e approximative : 23\u2032<\/strong><\/p>\n\n\n\n<p>Cette promenade am\u00e9nag\u00e9e <strong>traverse Islantilla d&#039;un bout \u00e0 l&#039;autre<\/strong> C&#039;est un lieu de pr\u00e9dilection pour les habitants et les visiteurs de Huelva qui souhaitent pratiquer la randonn\u00e9e urbaine. Avec plus de 2 kilom\u00e8tres de sentiers et un niveau de difficult\u00e9 accessible, il offre une exp\u00e9rience compl\u00e8te alliant marche, exercice physique et d\u00e9couverte du littoral.<\/p>\n\n\n\n<figure class=\"wp-block-image size-large\"><img loading=\"lazy\" decoding=\"async\" width=\"1024\" height=\"576\" src=\"https:\/\/www.islantilla.es\/wp-content\/uploads\/2025\/11\/Sendero-Avenida-Rio-Frio_Islantilla-edited-1024x576.webp\" alt=\"Avenida R\u00edo Fr\u00edo de Islantilla con su sendero peatonal.\" class=\"wp-image-6369\" srcset=\"https:\/\/www.islantilla.es\/wp-content\/uploads\/2025\/11\/Sendero-Avenida-Rio-Frio_Islantilla-edited-1024x576.webp 1024w, https:\/\/www.islantilla.es\/wp-content\/uploads\/2025\/11\/Sendero-Avenida-Rio-Frio_Islantilla-edited-300x169.webp 300w, https:\/\/www.islantilla.es\/wp-content\/uploads\/2025\/11\/Sendero-Avenida-Rio-Frio_Islantilla-edited-768x432.webp 768w, https:\/\/www.islantilla.es\/wp-content\/uploads\/2025\/11\/Sendero-Avenida-Rio-Frio_Islantilla-edited-18x10.webp 18w, https:\/\/www.islantilla.es\/wp-content\/uploads\/2025\/11\/Sendero-Avenida-Rio-Frio_Islantilla-edited.webp 1080w\" sizes=\"(max-width: 1024px) 100vw, 1024px\" \/><\/figure>\n\n\n\n<p>Id\u00e9al pour la marche, la course \u00e0 pied ou une activit\u00e9 physique l\u00e9g\u00e8re, ce parcours relie diff\u00e9rents quartiers r\u00e9sidentiels et espaces verts. Alternant surfaces pav\u00e9es et larges \u00e9tendues de pelouse, il offre un terrain de jeu confortable et agr\u00e9able. L&#039;ombre des arbres et les bancs judicieusement plac\u00e9s invitent \u00e0 la pause.<\/p>\n\n\n\n<p>Bien qu&#039;elle partage certains tron\u00e7ons avec la circulation routi\u00e8re, elle offre une bonne visibilit\u00e9, une signalisation claire et des passages pi\u00e9tons s\u00e9curis\u00e9s, la rendant adapt\u00e9e \u00e0 tous les \u00e2ges. Au cours de votre promenade, vous d\u00e9couvrirez de petits espaces am\u00e9nag\u00e9s, des installations sportives en plein air et des parcs o\u00f9 vous pourrez faire une pause ou poursuivre votre activit\u00e9.<\/p>\n\n\n\n<p>C&#039;est une option <strong>Parfait pour les promenades quotidiennes<\/strong>, des itin\u00e9raires avec des enfants ou des promenades relaxantes au sein des sentiers de randonn\u00e9e de la c\u00f4te de Huelva.<\/p>\n\n\n\n<p><a href=\"https:\/\/www.islantilla.es\/fr\/sendero-avenida-rio-frio\/\" target=\"_blank\" rel=\"noopener\" title=\"\"><strong>Lien vers le sentier ici.<\/strong><\/a><\/p>\n\n\n\n<div style=\"height:20px\" aria-hidden=\"true\" class=\"wp-block-spacer\"><\/div>\n\n\n\n<h2 class=\"wp-block-heading\">Route du Parc Los Cabezos \u2013 Avenue R\u00edo Fr\u00edo \u2013 Promenade du front de mer<\/h2>\n\n\n\n<p><strong>Type : circulaire<br>Difficult\u00e9 : moyenne \u00e0 faible<br>Distance approximative : 5 km<br>Dur\u00e9e approximative : 1h 31\u2032<\/strong><\/p>\n\n\n\n<p>Ce <strong>circuit<\/strong> Ce sentier d&#039;environ 5 kilom\u00e8tres relie certains des lieux les plus embl\u00e9matiques d&#039;Islantilla : le parc Los Cabezos, l&#039;avenue R\u00edo Fr\u00edo et la promenade du front de mer. <strong>l&#039;une des options les plus compl\u00e8tes <\/strong>Si vous recherchez des randonn\u00e9es alliant nature, environnement urbain et vues imprenables sur l&#039;Atlantique.<\/p>\n\n\n\n<figure class=\"wp-block-image size-large\"><img loading=\"lazy\" decoding=\"async\" width=\"1024\" height=\"576\" src=\"https:\/\/www.islantilla.es\/wp-content\/uploads\/2026\/02\/Paseo-maritimo-de-Islantilla-1-1024x576.png\" alt=\"Paseo mari\u0301timo de Islantilla\" class=\"wp-image-7764\" srcset=\"https:\/\/www.islantilla.es\/wp-content\/uploads\/2026\/02\/Paseo-maritimo-de-Islantilla-1-1024x576.png 1024w, https:\/\/www.islantilla.es\/wp-content\/uploads\/2026\/02\/Paseo-maritimo-de-Islantilla-1-300x169.png 300w, https:\/\/www.islantilla.es\/wp-content\/uploads\/2026\/02\/Paseo-maritimo-de-Islantilla-1-768x432.png 768w, https:\/\/www.islantilla.es\/wp-content\/uploads\/2026\/02\/Paseo-maritimo-de-Islantilla-1-1536x864.png 1536w, https:\/\/www.islantilla.es\/wp-content\/uploads\/2026\/02\/Paseo-maritimo-de-Islantilla-1-18x10.png 18w, https:\/\/www.islantilla.es\/wp-content\/uploads\/2026\/02\/Paseo-maritimo-de-Islantilla-1.png 1920w\" sizes=\"(max-width: 1024px) 100vw, 1024px\" \/><\/figure>\n\n\n\n<p>Le parcours d\u00e9bute \u00e0 l&#039;extr\u00e9mit\u00e9 ouest de la promenade du front de mer et monte doucement \u00e0 travers le parc Los Cabezos, offrant des vues panoramiques sur les environs. Il descend ensuite vers l&#039;Avenida R\u00edo Fr\u00edo, un corridor vert id\u00e9al pour se d\u00e9tendre ou faire de l&#039;exercice, avant de rejoindre le Paseo de Poniente.<\/p>\n\n\n\n<p>Tout au long du parcours, vous trouverez de petites aires de repos avec des bancs et des points de vue sur la nature, ainsi qu&#039;une faune et une flore locales d&#039;une grande vari\u00e9t\u00e9. Cet itin\u00e9raire incarne parfaitement l&#039;essence d&#039;Islantilla\u00a0: mer, bien-\u00eatre et nature, le tout r\u00e9uni en une seule promenade.<\/p>\n\n\n\n<p>C&#039;est id\u00e9al si vous souhaitez d\u00e9couvrir la destination en profondeur, lors d&#039;une promenade tranquille mais vari\u00e9e, parfaite aussi bien pour les visiteurs que pour ceux qui connaissent d\u00e9j\u00e0 la r\u00e9gion.<\/p>\n\n\n\n<p><a href=\"https:\/\/www.islantilla.es\/fr\/ruta-parque-de-los-cabezos-avenida-rio-frio-paseo-maritimo\/\" target=\"_blank\" rel=\"noopener\" title=\"\"><strong>Lien vers l&#039;itin\u00e9raire ici.<\/strong><\/a><\/p>\n\n\n\n<div style=\"height:20px\" aria-hidden=\"true\" class=\"wp-block-spacer\"><\/div>\n\n\n\n<h2 class=\"wp-block-heading\">Sentier sportif approuv\u00e9 PR-A 131<\/h2>\n\n\n\n<p><strong>Type : circulaire<br>Difficult\u00e9 : 2<br>Distance approximative : 25,5 km<br>Dur\u00e9e approximative : 7 h 16 min<\/strong><\/p>\n\n\n\n<p>Le PR-A 131, officiellement nomm\u00e9 <strong>Sentier c\u00f4tier ouest de Huelva<\/strong>, Il s&#039;agit d&#039;un itin\u00e9raire officiellement approuv\u00e9, nich\u00e9 dans un cadre privil\u00e9gi\u00e9 sur la c\u00f4te ouest de Huelva, en plein c\u0153ur de la Costa de la Luz. Le point de d\u00e9part se situe dans la pin\u00e8de d&#039;Isla Cristina, \u00e0 proximit\u00e9 de l&#039;acc\u00e8s \u00e0 la plage centrale de Levante, tout pr\u00e8s de la zone de d\u00e9veloppement environnemental et touristique connue sous le nom de <strong>La petite maison bleue<\/strong>, o\u00f9 vous trouverez des informations pour planifier votre itin\u00e9raire.<\/p>\n\n\n\n<figure class=\"wp-block-image size-full\"><img loading=\"lazy\" decoding=\"async\" width=\"1024\" height=\"768\" src=\"https:\/\/www.islantilla.es\/wp-content\/uploads\/2025\/11\/Programa-Islantilla-en-Ruta.webp\" alt=\"Programa Islantilla en Ruta\" class=\"wp-image-6756\" srcset=\"https:\/\/www.islantilla.es\/wp-content\/uploads\/2025\/11\/Programa-Islantilla-en-Ruta.webp 1024w, https:\/\/www.islantilla.es\/wp-content\/uploads\/2025\/11\/Programa-Islantilla-en-Ruta-300x225.webp 300w, https:\/\/www.islantilla.es\/wp-content\/uploads\/2025\/11\/Programa-Islantilla-en-Ruta-768x576.webp 768w, https:\/\/www.islantilla.es\/wp-content\/uploads\/2025\/11\/Programa-Islantilla-en-Ruta-16x12.webp 16w\" sizes=\"(max-width: 1024px) 100vw, 1024px\" \/><\/figure>\n\n\n\n<p>Il s&#039;agit d&#039;un sentier circulaire pr\u00e9sentant une grande biodiversit\u00e9 qui serpente<strong> entre Isla Cristina et les centres urbains d&#039;Urbasur, d&#039;Islantilla et de La<\/strong> <strong>Antilles<\/strong>. Le long de son parcours, vous trouverez trois circuits clairement diff\u00e9renci\u00e9s et balis\u00e9s, avec des panneaux d&#039;information qui vous permettent de parcourir chaque section s\u00e9par\u00e9ment si vous le pr\u00e9f\u00e9rez.<\/p>\n\n\n\n<p>Il <strong>premi\u00e8re section<\/strong> Le sentier traverse un environnement dunaire et des pin\u00e8des de pins cembro, longeant la plage. Ses zones ombrag\u00e9es rendent la promenade agr\u00e9able m\u00eame par temps chaud. Ce site fragile n\u00e9cessite une attention particuli\u00e8re afin de pr\u00e9server sa richesse naturelle. Plus loin, l&#039;itin\u00e9raire rejoint le Paseo de Poniente \u00e0 Islantilla et monte vers le Parque de los Cabezos, o\u00f9 l&#039;on peut admirer des vues panoramiques sur la mer, la v\u00e9g\u00e9tation m\u00e9diterran\u00e9enne et des sites uniques comme le belv\u00e9d\u00e8re et le lac avec son geyser.<\/p>\n\n\n\n<p>La <strong>troisi\u00e8me<\/strong> Elle rejoint La Antilla et se poursuit vers la plage pr\u00e9serv\u00e9e de Nueva Umbr\u00eda, pr\u00e8s de Puerto del Terr\u00f3n. Le retour se fait \u00e0 pied en longeant la vaste \u00e9tendue de sable dor\u00e9, qui atteint par endroits plus de 90 m\u00e8tres de large et reste g\u00e9n\u00e9ralement peu fr\u00e9quent\u00e9e, m\u00eame en pleine saison. De l\u00e0, plusieurs passerelles permettent de rejoindre le village \u00e0 diff\u00e9rents endroits le long du parcours.<\/p>\n\n\n\n<p>Ce sentier officiellement homologu\u00e9 est l&#039;un des itin\u00e9raires de randonn\u00e9e les plus complets de la c\u00f4te de Huelva. Il combine dunes, pin\u00e8des, zones urbaines, points de vue naturels et plage, le tout en un seul parcours. C&#039;est l&#039;id\u00e9al pour une exp\u00e9rience vari\u00e9e qui vous permettra de d\u00e9couvrir l&#039;essence naturelle et maritime du littoral ouest de Huelva.<\/p>\n\n\n\n<p><a href=\"https:\/\/www.islantilla.es\/fr\/pr-a-131\/\" target=\"_blank\" rel=\"noopener\" title=\"\"><strong>Lien vers le sentier ici.<\/strong><\/a><\/p>\n\n\n\n<div style=\"height:20px\" aria-hidden=\"true\" class=\"wp-block-spacer\"><\/div>\n\n\n\n<h2 class=\"wp-block-heading\">itin\u00e9raires faciles et randonn\u00e9es en famille<\/h2>\n\n\n\n<p>L&#039;un des principaux attraits des sentiers d&#039;Islantilla est que beaucoup d&#039;entre eux sont accessibles et de faible difficult\u00e9.<\/p>\n\n\n\n<p>Si vous cherchez <strong>Activit\u00e9s \u00e0 faire avec des enfants \u00e0 Huelva<\/strong> Que vous recherchiez des sentiers adapt\u00e9s aux familles en Andalousie, vous trouverez ici des options confortables et s\u00fbres, bien int\u00e9gr\u00e9es \u00e0 l&#039;environnement urbain et naturel.<\/p>\n\n\n\n<div style=\"height:20px\" aria-hidden=\"true\" class=\"wp-block-spacer\"><\/div>","protected":false},"excerpt":{"rendered":"<p>Si est\u00e1s buscando opciones de senderismo en Huelva, seguramente lo primero que te venga a la cabeza sea la Sierra. Pero el senderismo en la provincia no se limita al interior. En la Costa de la Luz, y especialmente en Islantilla, tienes rutas accesibles, paisajes abiertos y recorridos perfectos para combinar naturaleza, deporte y mar. [&hellip;]<\/p>\n","protected":false},"author":12,"featured_media":7766,"comment_status":"open","ping_status":"open","sticky":false,"template":"","format":"standard","meta":{"slim_seo":{"title":"Huelva senderismo: rutas y senderos en Islantilla y Costa de la Luz","description":"Descubre las mejores rutas de senderismo en Huelva costa. Senderos en Islantilla, rutas familiares y recorridos homologados en la Costa de la Luz."},"footnotes":""},"categories":[36,28],"tags":[],"class_list":["post-7760","post","type-post","status-publish","format-standard","has-post-thumbnail","hentry","category-imprescindibles","category-turismo-verde"],"_links":{"self":[{"href":"https:\/\/www.islantilla.es\/fr\/wp-json\/wp\/v2\/posts\/7760","targetHints":{"allow":["GET"]}}],"collection":[{"href":"https:\/\/www.islantilla.es\/fr\/wp-json\/wp\/v2\/posts"}],"about":[{"href":"https:\/\/www.islantilla.es\/fr\/wp-json\/wp\/v2\/types\/post"}],"author":[{"embeddable":true,"href":"https:\/\/www.islantilla.es\/fr\/wp-json\/wp\/v2\/users\/12"}],"replies":[{"embeddable":true,"href":"https:\/\/www.islantilla.es\/fr\/wp-json\/wp\/v2\/comments?post=7760"}],"version-history":[{"count":4,"href":"https:\/\/www.islantilla.es\/fr\/wp-json\/wp\/v2\/posts\/7760\/revisions"}],"predecessor-version":[{"id":7770,"href":"https:\/\/www.islantilla.es\/fr\/wp-json\/wp\/v2\/posts\/7760\/revisions\/7770"}],"wp:featuredmedia":[{"embeddable":true,"href":"https:\/\/www.islantilla.es\/fr\/wp-json\/wp\/v2\/media\/7766"}],"wp:attachment":[{"href":"https:\/\/www.islantilla.es\/fr\/wp-json\/wp\/v2\/media?parent=7760"}],"wp:term":[{"taxonomy":"category","embeddable":true,"href":"https:\/\/www.islantilla.es\/fr\/wp-json\/wp\/v2\/categories?post=7760"},{"taxonomy":"post_tag","embeddable":true,"href":"https:\/\/www.islantilla.es\/fr\/wp-json\/wp\/v2\/tags?post=7760"}],"curies":[{"name":"wp","href":"https:\/\/api.w.org\/{rel}","templated":true}]}}