{"id":7756,"date":"2026-03-02T13:19:57","date_gmt":"2026-03-02T12:19:57","guid":{"rendered":"https:\/\/www.islantilla.es\/?p=7756"},"modified":"2026-03-24T18:29:23","modified_gmt":"2026-03-24T17:29:23","slug":"10-motivos-para-visitar-la-playa-de-islantilla-en-semana-santa","status":"publish","type":"post","link":"https:\/\/www.islantilla.es\/fr\/10-motivos-para-visitar-la-playa-de-islantilla-en-semana-santa\/","title":{"rendered":"10 raisons de visiter la plage d&#039;Islantilla pendant la semaine de P\u00e2ques"},"content":{"rendered":"<div class=\"wp-block-columns is-layout-flex wp-container-core-columns-is-layout-28f84493 wp-block-columns-is-layout-flex\">\n<div class=\"wp-block-column is-layout-flow wp-block-column-is-layout-flow\" style=\"flex-basis:33.33%\">\n<figure class=\"wp-block-embed is-type-video is-provider-youtube wp-block-embed-youtube wp-embed-aspect-9-16 wp-has-aspect-ratio\"><div class=\"wp-block-embed__wrapper\">\n<iframe title=\"\ud83c\udfd6 Plage d&#039;Islantilla, un paradis \u00e0 port\u00e9e de main \ud83c\udf0a #islantilla #huelva #costadedelaluz\" width=\"563\" height=\"1000\" src=\"https:\/\/www.youtube.com\/embed\/gqWaUGCYqXA?feature=oembed\" frameborder=\"0\" allow=\"accelerometer; autoplay; clipboard-write; encrypted-media; gyroscope; picture-in-picture; web-share\" referrerpolicy=\"strict-origin-when-cross-origin\" allowfullscreen><\/iframe>\n<\/div><\/figure>\n<\/div>\n\n\n\n<div class=\"wp-block-column is-vertically-aligned-center is-layout-flow wp-block-column-is-layout-flow\" style=\"flex-basis:66.66%\">\n<p>Si vous envisagez une escapade d&#039;un genre diff\u00e9rent, <strong>La Semaine sainte \u00e0 Huelva<\/strong>, Vous recherchez probablement du beau temps, du calme, la nature et une plage o\u00f9 vous pourrez vraiment d\u00e9connecter. Et si l&#039;on parle de\u2026 <strong>plages de la Costa de la Luz<\/strong>, Il y en a une qui se distingue particuli\u00e8rement au printemps : <strong>plage d&#039;Islantilla<\/strong>.<\/p>\n\n\n\n<p>Avant l&#039;arriv\u00e9e de l&#039;\u00e9t\u00e9 et l&#039;effervescence des f\u00eates, la Semaine sainte est l&#039;un des meilleurs moments de l&#039;ann\u00e9e pour profiter du littoral de Huelva. Voici ce qu&#039;il faut savoir. <strong>10 vraies raisons<\/strong> Par cons\u00e9quent, visiter la plage d&#039;Islantilla \u00e0 cette p\u00e9riode de l&#039;ann\u00e9e est une excellente d\u00e9cision.<\/p>\n\n\n\n<p>Avec <strong>1 400 m\u00e8tres de sable blanc fin ouverts sur l&#039;Atlantique<\/strong>, Islantilla est une plage partag\u00e9e par les municipalit\u00e9s de Lepe et d&#039;Isla Cristina et est consid\u00e9r\u00e9e comme l&#039;une des meilleures plages de Huelva pour son \u00e9quilibre entre nature, qualit\u00e9 et services.<\/p>\n<\/div>\n<\/div>\n\n\n\n<div style=\"height:20px\" aria-hidden=\"true\" class=\"wp-block-spacer\"><\/div>\n\n\n\n<h2 class=\"wp-block-heading\">1\ufe0f\u20e3 Un temps id\u00e9al au printemps<\/h2>\n\n\n\n<p>Au printemps, les temp\u00e9ratures dans le <strong>Costa de la Luz<\/strong> Elles sont douces et agr\u00e9ables. Il ne fait pas aussi chaud qu&#039;en \u00e9t\u00e9, mais il fait assez chaud pour se promener en manches courtes, s&#039;asseoir au bord de la mer, ou m\u00eame faire les premiers plongeons si le temps le permet.<\/p>\n\n\n\n<p>Si vous recherchez le soleil sans la foule, P\u00e2ques est le moment id\u00e9al pour d\u00e9couvrir l&#039;une des plus belles plages de Huelva.<\/p>\n\n\n\n<div style=\"height:20px\" aria-hidden=\"true\" class=\"wp-block-spacer\"><\/div>\n\n\n\n<h2 class=\"wp-block-heading\">2\ufe0f\u20e3 Une plage large et peu fr\u00e9quent\u00e9e<\/h2>\n\n\n\n<p>La plage d&#039;Islantilla est r\u00e9put\u00e9e pour ses 1\u00a0400 m\u00e8tres de large et son sable fin et dor\u00e9 par le soleil. Pendant la semaine de P\u00e2ques, vous pourrez profiter de tout cet espace dans un calme bien plus grand qu&#039;en pleine saison.<\/p>\n\n\n\n<p>C&#039;est l&#039;\u00e9quilibre parfait entre ambiance et calme : il y a de la vie, mais sans foule, et vous pouvez toujours trouver votre propre espace face \u00e0 la mer.<\/p>\n\n\n\n<figure class=\"wp-block-image size-large\"><img fetchpriority=\"high\" decoding=\"async\" width=\"1024\" height=\"575\" src=\"https:\/\/www.islantilla.es\/wp-content\/uploads\/2023\/08\/foto-playa-Islantilla-1024x575.webp\" alt=\"\" class=\"wp-image-257\" srcset=\"https:\/\/www.islantilla.es\/wp-content\/uploads\/2023\/08\/foto-playa-Islantilla-1024x575.webp 1024w, https:\/\/www.islantilla.es\/wp-content\/uploads\/2023\/08\/foto-playa-Islantilla-300x169.webp 300w, https:\/\/www.islantilla.es\/wp-content\/uploads\/2023\/08\/foto-playa-Islantilla-768x431.webp 768w, https:\/\/www.islantilla.es\/wp-content\/uploads\/2023\/08\/foto-playa-Islantilla-1536x863.webp 1536w, https:\/\/www.islantilla.es\/wp-content\/uploads\/2023\/08\/foto-playa-Islantilla-scaled.webp 1920w\" sizes=\"(max-width: 1024px) 100vw, 1024px\" \/><\/figure>\n\n\n\n<div style=\"height:20px\" aria-hidden=\"true\" class=\"wp-block-spacer\"><\/div>\n\n\n\n<h2 class=\"wp-block-heading\">3\ufe0f\u20e3 Qualit\u00e9 reconnue et engagement durable<\/h2>\n\n\n\n<p>Lorsqu&#039;on \u00e9voque les plus belles plages de Huelva, Islantilla figure syst\u00e9matiquement parmi les meilleures. Elle peut se targuer de distinctions telles que\u2026 <strong>Drapeau bleu<\/strong>, le <strong>Q pour la qualit\u00e9 du tourisme<\/strong>, il <strong>SICTED distinctif<\/strong>, il <strong>joint<\/strong> <strong>\u00c9coplages<\/strong>, le <strong>S pour tourisme durable<\/strong> et le <strong>Sceau de la biosph\u00e8re<\/strong>, qui garantissent l&#039;excellence en mati\u00e8re de gestion, de qualit\u00e9 de l&#039;eau et d&#039;engagement environnemental.<\/p>\n\n\n\n<p>Cela se traduit par une plage bien entretenue, con\u00e7ue pour offrir une exp\u00e9rience s\u00fbre et responsable.<\/p>\n\n\n\n<figure class=\"wp-block-gallery has-nested-images columns-6 is-cropped wp-block-gallery-1 is-layout-flex wp-block-gallery-is-layout-flex\">\n<figure class=\"wp-block-image size-large\"><img decoding=\"async\" width=\"1024\" height=\"1024\" data-id=\"7667\" src=\"https:\/\/www.islantilla.es\/wp-content\/uploads\/2026\/02\/Q-de-Calidad-Turistica-Islantilla-Huelva_-1024x1024.png\" alt=\"Q de Calidad Turi\u0301stica Islantilla Huelva\" class=\"wp-image-7667\" srcset=\"https:\/\/www.islantilla.es\/wp-content\/uploads\/2026\/02\/Q-de-Calidad-Turistica-Islantilla-Huelva_-1024x1024.png 1024w, https:\/\/www.islantilla.es\/wp-content\/uploads\/2026\/02\/Q-de-Calidad-Turistica-Islantilla-Huelva_-300x300.png 300w, https:\/\/www.islantilla.es\/wp-content\/uploads\/2026\/02\/Q-de-Calidad-Turistica-Islantilla-Huelva_-150x150.png 150w, https:\/\/www.islantilla.es\/wp-content\/uploads\/2026\/02\/Q-de-Calidad-Turistica-Islantilla-Huelva_-768x768.png 768w, https:\/\/www.islantilla.es\/wp-content\/uploads\/2026\/02\/Q-de-Calidad-Turistica-Islantilla-Huelva_-12x12.png 12w, https:\/\/www.islantilla.es\/wp-content\/uploads\/2026\/02\/Q-de-Calidad-Turistica-Islantilla-Huelva_.png 1080w\" sizes=\"(max-width: 1024px) 100vw, 1024px\" \/><\/figure>\n\n\n\n<figure class=\"wp-block-image size-large\"><img decoding=\"async\" width=\"1024\" height=\"1024\" data-id=\"7661\" src=\"https:\/\/www.islantilla.es\/wp-content\/uploads\/2026\/02\/Bandera-Azul-Islantilla-Huelva-1024x1024.png\" alt=\"Bandera Azul Islantilla Huelva\" class=\"wp-image-7661\" srcset=\"https:\/\/www.islantilla.es\/wp-content\/uploads\/2026\/02\/Bandera-Azul-Islantilla-Huelva-1024x1024.png 1024w, https:\/\/www.islantilla.es\/wp-content\/uploads\/2026\/02\/Bandera-Azul-Islantilla-Huelva-300x300.png 300w, https:\/\/www.islantilla.es\/wp-content\/uploads\/2026\/02\/Bandera-Azul-Islantilla-Huelva-150x150.png 150w, https:\/\/www.islantilla.es\/wp-content\/uploads\/2026\/02\/Bandera-Azul-Islantilla-Huelva-768x768.png 768w, https:\/\/www.islantilla.es\/wp-content\/uploads\/2026\/02\/Bandera-Azul-Islantilla-Huelva-12x12.png 12w, https:\/\/www.islantilla.es\/wp-content\/uploads\/2026\/02\/Bandera-Azul-Islantilla-Huelva.png 1080w\" sizes=\"(max-width: 1024px) 100vw, 1024px\" \/><\/figure>\n\n\n\n<figure class=\"wp-block-image size-large\"><img loading=\"lazy\" decoding=\"async\" width=\"1024\" height=\"1024\" data-id=\"7669\" src=\"https:\/\/www.islantilla.es\/wp-content\/uploads\/2026\/02\/Sello-Ecoplayas-Islantilla-Huelva_-1024x1024.png\" alt=\"Sello Ecoplayas Islantilla Huelva\" class=\"wp-image-7669\" srcset=\"https:\/\/www.islantilla.es\/wp-content\/uploads\/2026\/02\/Sello-Ecoplayas-Islantilla-Huelva_-1024x1024.png 1024w, https:\/\/www.islantilla.es\/wp-content\/uploads\/2026\/02\/Sello-Ecoplayas-Islantilla-Huelva_-300x300.png 300w, https:\/\/www.islantilla.es\/wp-content\/uploads\/2026\/02\/Sello-Ecoplayas-Islantilla-Huelva_-150x150.png 150w, https:\/\/www.islantilla.es\/wp-content\/uploads\/2026\/02\/Sello-Ecoplayas-Islantilla-Huelva_-768x768.png 768w, https:\/\/www.islantilla.es\/wp-content\/uploads\/2026\/02\/Sello-Ecoplayas-Islantilla-Huelva_-12x12.png 12w, https:\/\/www.islantilla.es\/wp-content\/uploads\/2026\/02\/Sello-Ecoplayas-Islantilla-Huelva_.png 1080w\" sizes=\"(max-width: 1024px) 100vw, 1024px\" \/><\/figure>\n\n\n\n<figure class=\"wp-block-image size-large\"><img loading=\"lazy\" decoding=\"async\" width=\"1024\" height=\"1024\" data-id=\"7670\" src=\"https:\/\/www.islantilla.es\/wp-content\/uploads\/2026\/02\/SICTED-Islantilla-Huelva_-1024x1024.png\" alt=\"SICTED Islantilla Huelva\" class=\"wp-image-7670\" srcset=\"https:\/\/www.islantilla.es\/wp-content\/uploads\/2026\/02\/SICTED-Islantilla-Huelva_-1024x1024.png 1024w, https:\/\/www.islantilla.es\/wp-content\/uploads\/2026\/02\/SICTED-Islantilla-Huelva_-300x300.png 300w, https:\/\/www.islantilla.es\/wp-content\/uploads\/2026\/02\/SICTED-Islantilla-Huelva_-150x150.png 150w, https:\/\/www.islantilla.es\/wp-content\/uploads\/2026\/02\/SICTED-Islantilla-Huelva_-768x768.png 768w, https:\/\/www.islantilla.es\/wp-content\/uploads\/2026\/02\/SICTED-Islantilla-Huelva_-12x12.png 12w, https:\/\/www.islantilla.es\/wp-content\/uploads\/2026\/02\/SICTED-Islantilla-Huelva_.png 1080w\" sizes=\"(max-width: 1024px) 100vw, 1024px\" \/><\/figure>\n\n\n\n<figure class=\"wp-block-image size-large\"><img loading=\"lazy\" decoding=\"async\" width=\"1024\" height=\"1024\" data-id=\"7663\" src=\"https:\/\/www.islantilla.es\/wp-content\/uploads\/2026\/02\/S-de-Sostenibilidad-Turistica-Islantilla-Huelva-1024x1024.png\" alt=\"S de Sostenibilidad Turi\u0301stica Islantilla Huelva\" class=\"wp-image-7663\" srcset=\"https:\/\/www.islantilla.es\/wp-content\/uploads\/2026\/02\/S-de-Sostenibilidad-Turistica-Islantilla-Huelva-1024x1024.png 1024w, https:\/\/www.islantilla.es\/wp-content\/uploads\/2026\/02\/S-de-Sostenibilidad-Turistica-Islantilla-Huelva-300x300.png 300w, https:\/\/www.islantilla.es\/wp-content\/uploads\/2026\/02\/S-de-Sostenibilidad-Turistica-Islantilla-Huelva-150x150.png 150w, https:\/\/www.islantilla.es\/wp-content\/uploads\/2026\/02\/S-de-Sostenibilidad-Turistica-Islantilla-Huelva-768x768.png 768w, https:\/\/www.islantilla.es\/wp-content\/uploads\/2026\/02\/S-de-Sostenibilidad-Turistica-Islantilla-Huelva-12x12.png 12w, https:\/\/www.islantilla.es\/wp-content\/uploads\/2026\/02\/S-de-Sostenibilidad-Turistica-Islantilla-Huelva.png 1080w\" sizes=\"(max-width: 1024px) 100vw, 1024px\" \/><\/figure>\n\n\n\n<figure class=\"wp-block-image size-large\"><img loading=\"lazy\" decoding=\"async\" width=\"1024\" height=\"1024\" data-id=\"7664\" src=\"https:\/\/www.islantilla.es\/wp-content\/uploads\/2026\/02\/Sello-Biosphere-Islantilla-Huelva-1024x1024.png\" alt=\"Sello Biosphere Islantilla Huelva\" class=\"wp-image-7664\" srcset=\"https:\/\/www.islantilla.es\/wp-content\/uploads\/2026\/02\/Sello-Biosphere-Islantilla-Huelva-1024x1024.png 1024w, https:\/\/www.islantilla.es\/wp-content\/uploads\/2026\/02\/Sello-Biosphere-Islantilla-Huelva-300x300.png 300w, https:\/\/www.islantilla.es\/wp-content\/uploads\/2026\/02\/Sello-Biosphere-Islantilla-Huelva-150x150.png 150w, https:\/\/www.islantilla.es\/wp-content\/uploads\/2026\/02\/Sello-Biosphere-Islantilla-Huelva-768x768.png 768w, https:\/\/www.islantilla.es\/wp-content\/uploads\/2026\/02\/Sello-Biosphere-Islantilla-Huelva-12x12.png 12w, https:\/\/www.islantilla.es\/wp-content\/uploads\/2026\/02\/Sello-Biosphere-Islantilla-Huelva.png 1080w\" sizes=\"(max-width: 1024px) 100vw, 1024px\" \/><\/figure>\n<\/figure>\n\n\n\n<div style=\"height:20px\" aria-hidden=\"true\" class=\"wp-block-spacer\"><\/div>\n\n\n\n<h2 class=\"wp-block-heading\">4\ufe0f\u20e3 Plage familiale et accessible<\/h2>\n\n\n\n<p>Si vous voyagez avec des enfants ou en famille, Islantilla est une option tr\u00e8s s\u00fbre. <strong>plage accessible en Andalousie<\/strong>, avec 14 points d&#039;acc\u00e8s r\u00e9partis le long du littoral (dont 3 sur\u00e9lev\u00e9s), des all\u00e9es adapt\u00e9es et des zones accessibles aux personnes \u00e0 mobilit\u00e9 r\u00e9duite.<\/p>\n\n\n\n<p>Durant la saison baln\u00e9aire, la baignade est surveill\u00e9e et des toilettes, des douches et des p\u00e9diluves sont disponibles selon la p\u00e9riode de l&#039;ann\u00e9e. La large plage et la pente douce permettent aux jeunes enfants de jouer confortablement sans se sentir \u00e0 l&#039;\u00e9troit.<\/p>\n\n\n\n<div style=\"height:20px\" aria-hidden=\"true\" class=\"wp-block-spacer\"><\/div>\n\n\n\n<h2 class=\"wp-block-heading\">5\ufe0f\u20e3 Environnement naturel bien pr\u00e9serv\u00e9<\/h2>\n\n\n\n<p>Au-del\u00e0 du sable, <strong>l&#039;environnement naturel de la triple destination<\/strong> Islantilla, Isla Cristina et Lepe comptent parmi ses principaux attraits. Les for\u00eats de pins, les syst\u00e8mes dunaires et les marais situ\u00e9s dans les communes voisines d&#039;Isla Cristina et de Lepe conf\u00e8rent \u00e0 la r\u00e9gion bien plus que du soleil et du sable.<\/p>\n\n\n\n<p>Vous pouvez combiner votre s\u00e9jour \u00e0 Islantilla avec des promenades dans les espaces naturels environnants ou simplement profiter du paysage atlantique pr\u00e9serv\u00e9. Si vous souhaitez planifier des itin\u00e9raires balis\u00e9s et accessibles, <a href=\"https:\/\/www.islantilla.es\/fr\/senderos-rutas\/\" target=\"_blank\" rel=\"noopener\" title=\"\">Consultez la page Sentiers et itin\u00e9raires<\/a>, o\u00f9 vous trouverez diverses options pour profiter de la nature dans cette triple destination.<\/p>\n\n\n\n<div style=\"height:20px\" aria-hidden=\"true\" class=\"wp-block-spacer\"><\/div>\n\n\n\n<h2 class=\"wp-block-heading\">6\ufe0f\u20e3 Promenade du front de mer, sports et plein air<\/h2>\n\n\n\n<div class=\"wp-block-columns is-layout-flex wp-container-core-columns-is-layout-28f84493 wp-block-columns-is-layout-flex\">\n<div class=\"wp-block-column is-layout-flow wp-block-column-is-layout-flow\" style=\"flex-basis:33.33%\">\n<figure class=\"wp-block-image size-large\"><img loading=\"lazy\" decoding=\"async\" width=\"576\" height=\"1024\" src=\"https:\/\/www.islantilla.es\/wp-content\/uploads\/2026\/02\/Playa-de-Islantilla-Huelva-576x1024.png\" alt=\"Playa de Islantilla, Huelva\" class=\"wp-image-7683\" srcset=\"https:\/\/www.islantilla.es\/wp-content\/uploads\/2026\/02\/Playa-de-Islantilla-Huelva-576x1024.png 576w, https:\/\/www.islantilla.es\/wp-content\/uploads\/2026\/02\/Playa-de-Islantilla-Huelva-169x300.png 169w, https:\/\/www.islantilla.es\/wp-content\/uploads\/2026\/02\/Playa-de-Islantilla-Huelva-768x1365.png 768w, https:\/\/www.islantilla.es\/wp-content\/uploads\/2026\/02\/Playa-de-Islantilla-Huelva-864x1536.png 864w, https:\/\/www.islantilla.es\/wp-content\/uploads\/2026\/02\/Playa-de-Islantilla-Huelva-7x12.png 7w, https:\/\/www.islantilla.es\/wp-content\/uploads\/2026\/02\/Playa-de-Islantilla-Huelva.png 1080w\" sizes=\"(max-width: 576px) 100vw, 576px\" \/><\/figure>\n<\/div>\n\n\n\n<div class=\"wp-block-column is-vertically-aligned-center is-layout-flow wp-block-column-is-layout-flow\" style=\"flex-basis:66.66%\">\n<p>Il <strong>promenade du front de mer d&#039;Islantilla<\/strong> Elle longe toute la plage et est id\u00e9ale pour se promener en bord de mer, se d\u00e9tendre en terrasse ou simplement s&#039;impr\u00e9gner de l&#039;atmosph\u00e8re c\u00f4ti\u00e8re. On peut fl\u00e2ner \u00e0 son aise, s&#039;arr\u00eater pour admirer l&#039;Atlantique, \u00e9couter le bruit des vagues et sentir la brise marine tandis que les environs s&#039;animent peu \u00e0 peu.<\/p>\n\n\n\n<p>C&#039;est un endroit confortable, spacieux et agr\u00e9able, parfait pour une promenade matinale ou une sortie en soir\u00e9e. Son terrain plat le rend accessible \u00e0 tous, id\u00e9al pour les voyages en famille ou pour profiter d&#039;une balade relaxante avec vue sur la mer.<\/p>\n\n\n\n<p>Au printemps, c&#039;est aussi le lieu id\u00e9al pour la course \u00e0 pied, le v\u00e9lo ou d&#039;autres activit\u00e9s de plein air, gr\u00e2ce \u00e0 des temp\u00e9ratures douces et une lumi\u00e8re spectaculaire. C&#039;est le compl\u00e9ment parfait \u00e0 une journ\u00e9e de soleil et de mer, alliant sport, d\u00e9tente et paysages magnifiques en un seul endroit.<\/p>\n<\/div>\n<\/div>\n\n\n\n<div style=\"height:20px\" aria-hidden=\"true\" class=\"wp-block-spacer\"><\/div>\n\n\n\n<h2 class=\"wp-block-heading\">7\ufe0f\u20e3 Proximit\u00e9 du Portugal et des autres plages de la Costa de la Luz<\/h2>\n\n\n\n<p>Depuis Islantilla, vous pouvez organiser de courtes excursions vers d&#039;autres plages de Huelva ou m\u00eame traverser la fronti\u00e8re portugaise pour d\u00e9couvrir l&#039;Algarve.<\/p>\n\n\n\n<p>Cela rend votre escapade plus flexible et vari\u00e9e, sans n\u00e9cessiter de longs trajets.<\/p>\n\n\n\n<div style=\"height:20px\" aria-hidden=\"true\" class=\"wp-block-spacer\"><\/div>\n\n\n\n<h2 class=\"wp-block-heading\">8\ufe0f\u20e3 Couchers de soleil spectaculaires<\/h2>\n\n\n\n<p>Au printemps, les couleurs sont particuli\u00e8rement intenses et l&#039;atmosph\u00e8re plus d\u00e9tendue qu&#039;en plein \u00e9t\u00e9.<\/p>\n\n\n\n<p>Si vous souhaitez savoir pr\u00e9cis\u00e9ment o\u00f9 admirer les plus beaux couchers de soleil \u00e0 Islantilla, vous pouvez consulter <a href=\"https:\/\/www.islantilla.es\/fr\/puestas-de-sol\/\" target=\"_blank\" rel=\"noopener\" title=\"\">https:\/\/www.islantilla.es\/puestas-de-sol<\/a>, Vous y trouverez deux endroits particuli\u00e8rement recommand\u00e9s pour admirer le coucher du soleil.<\/p>\n\n\n\n<p>De plus, tout pr\u00e8s d&#039;Islantilla, \u00e0 <strong>Isla Cristina<\/strong>, vous pouvez explorer le <strong>Route du coucher de soleil<\/strong>, Un parcours lin\u00e9aire d&#039;environ 1,7 km, facile, id\u00e9al pour une promenade tranquille offrant de superbes vues sur la mer, des couchers de soleil uniques et la d\u00e9couverte des traditions de p\u00eache. Une formule simple et toujours r\u00e9ussie.<\/p>\n\n\n\n<div style=\"height:20px\" aria-hidden=\"true\" class=\"wp-block-spacer\"><\/div>\n\n\n\n<h2 class=\"wp-block-heading\">9\ufe0f\u20e3 Acc\u00e8s facile et bonne connexion<\/h2>\n\n\n\n<p><strong>La plage d&#039;Islantilla est situ\u00e9e entre Lepe et Isla Cristina<\/strong>, dans la province de Huelva. Il se situe \u00e0 environ 40 minutes de la ville de Huelva, \u00e0 un peu plus d&#039;une heure de S\u00e9ville et tout pr\u00e8s de la fronti\u00e8re portugaise.<\/p>\n\n\n\n<p>Si vous recherchez une plage pr\u00e8s de Huelva, bien desservie et pratique pour une courte escapade, c&#039;est une option tr\u00e8s pratique.<\/p>\n\n\n\n<div style=\"height:20px\" aria-hidden=\"true\" class=\"wp-block-spacer\"><\/div>\n\n\n\n<h2 class=\"wp-block-heading\">\ud83d\udd1f L&#039;exp\u00e9rience de la d\u00e9connexion avant l&#039;\u00e9t\u00e9<\/h2>\n\n\n\n<p>La raison la plus importante est peut-\u00eatre celle-ci\u00a0: la semaine de P\u00e2ques permet de profiter de la plage tranquillement, sans se presser et avec moins de monde qu\u2019en plein \u00e9t\u00e9.<\/p>\n\n\n\n<p>C&#039;est le moment id\u00e9al pour se retrouver, marcher pieds nus le long du rivage et appr\u00e9cier la mer sous un angle diff\u00e9rent.<\/p>\n\n\n\n<figure class=\"wp-block-image size-large\"><img loading=\"lazy\" decoding=\"async\" width=\"2560\" height=\"1440\" src=\"https:\/\/www.islantilla.es\/wp-content\/uploads\/2026\/02\/PLAYA-ISLANTILLA-333-edited-scaled.jpg\" alt=\"PLAYA ISLANTILLA\" class=\"wp-image-7758\" srcset=\"https:\/\/www.islantilla.es\/wp-content\/uploads\/2026\/02\/PLAYA-ISLANTILLA-333-edited-scaled.jpg 2560w, https:\/\/www.islantilla.es\/wp-content\/uploads\/2026\/02\/PLAYA-ISLANTILLA-333-edited-300x169.jpg 300w, https:\/\/www.islantilla.es\/wp-content\/uploads\/2026\/02\/PLAYA-ISLANTILLA-333-edited-1024x576.jpg 1024w, https:\/\/www.islantilla.es\/wp-content\/uploads\/2026\/02\/PLAYA-ISLANTILLA-333-edited-768x432.jpg 768w, https:\/\/www.islantilla.es\/wp-content\/uploads\/2026\/02\/PLAYA-ISLANTILLA-333-edited-1536x864.jpg 1536w, https:\/\/www.islantilla.es\/wp-content\/uploads\/2026\/02\/PLAYA-ISLANTILLA-333-edited-2048x1152.jpg 2048w, https:\/\/www.islantilla.es\/wp-content\/uploads\/2026\/02\/PLAYA-ISLANTILLA-333-edited-18x10.jpg 18w\" sizes=\"(max-width: 2560px) 100vw, 2560px\" \/><\/figure>\n\n\n\n<div style=\"height:20px\" aria-hidden=\"true\" class=\"wp-block-spacer\"><\/div>\n\n\n\n<h2 class=\"wp-block-heading\">L&#039;une des plages les plus compl\u00e8tes de la Costa de la Luz<\/h2>\n\n\n\n<p>Si vous comparez des options au sein de <strong>l&#039;une des plus belles plages de la Costa de la Luz \u00e0 Huelva<\/strong>, La plage d&#039;Islantilla r\u00e9unit de nombreux atouts : espace, services, environnement naturel, accessibilit\u00e9 et situation id\u00e9ale.<\/p>\n\n\n\n<p>Si vous cherchez une id\u00e9e diff\u00e9rente pour P\u00e2ques cette ann\u00e9e, la solution se trouve peut-\u00eatre sur la c\u00f4te atlantique.<\/p>\n\n\n\n<p>Planifiez votre escapade et venez d\u00e9couvrir pourquoi Islantilla est l&#039;une des plages les plus pris\u00e9es de la c\u00f4te de Huelva.<\/p>\n\n\n\n<div style=\"height:20px\" aria-hidden=\"true\" class=\"wp-block-spacer\"><\/div>","protected":false},"excerpt":{"rendered":"<p>Si est\u00e1s pensando en una escapada diferente para Semana Santa en Huelva, seguramente est\u00e9s buscando buen clima, tranquilidad, naturaleza y una playa donde realmente desconectar. Y si hablamos de las playas de la Costa de la Luz, hay una que destaca especialmente en primavera: la playa de Islantilla. Antes de que llegue el verano y [&hellip;]<\/p>\n","protected":false},"author":12,"featured_media":7758,"comment_status":"open","ping_status":"open","sticky":false,"template":"","format":"standard","meta":{"slim_seo":{"title":"10 motivos para visitar la playa de Islantilla en Semana Santa | Costa de la Luz","description":"Descubre por qu\u00e9 la playa de Islantilla es una de las mejores playas de la Costa de la Luz para disfrutar en Semana Santa. Clima, tranquilidad y entorno natural en Huelva."},"footnotes":""},"categories":[31,29],"tags":[],"class_list":["post-7756","post","type-post","status-publish","format-standard","has-post-thumbnail","hentry","category-playas","category-turismo-azul"],"_links":{"self":[{"href":"https:\/\/www.islantilla.es\/fr\/wp-json\/wp\/v2\/posts\/7756","targetHints":{"allow":["GET"]}}],"collection":[{"href":"https:\/\/www.islantilla.es\/fr\/wp-json\/wp\/v2\/posts"}],"about":[{"href":"https:\/\/www.islantilla.es\/fr\/wp-json\/wp\/v2\/types\/post"}],"author":[{"embeddable":true,"href":"https:\/\/www.islantilla.es\/fr\/wp-json\/wp\/v2\/users\/12"}],"replies":[{"embeddable":true,"href":"https:\/\/www.islantilla.es\/fr\/wp-json\/wp\/v2\/comments?post=7756"}],"version-history":[{"count":1,"href":"https:\/\/www.islantilla.es\/fr\/wp-json\/wp\/v2\/posts\/7756\/revisions"}],"predecessor-version":[{"id":7759,"href":"https:\/\/www.islantilla.es\/fr\/wp-json\/wp\/v2\/posts\/7756\/revisions\/7759"}],"wp:featuredmedia":[{"embeddable":true,"href":"https:\/\/www.islantilla.es\/fr\/wp-json\/wp\/v2\/media\/7758"}],"wp:attachment":[{"href":"https:\/\/www.islantilla.es\/fr\/wp-json\/wp\/v2\/media?parent=7756"}],"wp:term":[{"taxonomy":"category","embeddable":true,"href":"https:\/\/www.islantilla.es\/fr\/wp-json\/wp\/v2\/categories?post=7756"},{"taxonomy":"post_tag","embeddable":true,"href":"https:\/\/www.islantilla.es\/fr\/wp-json\/wp\/v2\/tags?post=7756"}],"curies":[{"name":"wp","href":"https:\/\/api.w.org\/{rel}","templated":true}]}}