{"id":7418,"date":"2026-01-05T17:01:16","date_gmt":"2026-01-05T16:01:16","guid":{"rendered":"https:\/\/www.islantilla.es\/?p=7418"},"modified":"2026-01-09T12:54:10","modified_gmt":"2026-01-09T11:54:10","slug":"planes-familiares-en-huelva","status":"publish","type":"post","link":"https:\/\/www.islantilla.es\/fr\/planes-familiares-en-huelva\/","title":{"rendered":"Activit\u00e9s familiales \u00e0 Huelva\u00a0: nature et exp\u00e9riences \u00e0 partager avec les enfants \u00e0 Islantilla"},"content":{"rendered":"<p>Si vous cherchez <strong>projets familiaux \u00e0 Huelva<\/strong> qui allient nature, plein air et exp\u00e9riences que l&#039;on peut v\u00e9ritablement appr\u00e9cier ensemble, <strong>\u00celetilla<\/strong> C&#039;est un point de d\u00e9part id\u00e9al. Ici, inutile de courir d&#039;un endroit \u00e0 l&#039;autre ni de surcharger son emploi du temps d&#039;activit\u00e9s\u00a0: tout est \u00e0 proximit\u00e9, accessible et con\u00e7u pour que les adultes et les enfants puissent partager des moments privil\u00e9gi\u00e9s dans un environnement s\u00fbr et naturel.<\/p>\n\n\n\n<p>Ceci est un <strong>Destination id\u00e9ale si vous voyagez avec des enfants<\/strong>, Que vous cherchiez \u00e0 vous d\u00e9connecter du train-train quotidien ou \u00e0 renouer simplement avec la nature, vous trouverez ci-dessous des id\u00e9es pratiques et faciles pour profiter du plein air et cr\u00e9er des exp\u00e9riences familiales m\u00e9morables \u00e0 Islantilla et le long de la Costa de la Luz.<\/p>\n\n\n\n<figure class=\"wp-block-image size-large\"><img fetchpriority=\"high\" decoding=\"async\" width=\"1024\" height=\"683\" src=\"https:\/\/www.islantilla.es\/wp-content\/uploads\/2024\/04\/camaleon2-1024x683.webp\" alt=\"Auditorio del Parque El Camale\u00f3n de Islantilla en Huelva durante un concierto nocturno al aire libre.\" class=\"wp-image-2149\" srcset=\"https:\/\/www.islantilla.es\/wp-content\/uploads\/2024\/04\/camaleon2-1024x683.webp 1024w, https:\/\/www.islantilla.es\/wp-content\/uploads\/2024\/04\/camaleon2-300x200.webp 300w, https:\/\/www.islantilla.es\/wp-content\/uploads\/2024\/04\/camaleon2-768x512.webp 768w, https:\/\/www.islantilla.es\/wp-content\/uploads\/2024\/04\/camaleon2-1536x1024.webp 1536w, https:\/\/www.islantilla.es\/wp-content\/uploads\/2024\/04\/camaleon2-scaled.webp 1920w, https:\/\/www.islantilla.es\/wp-content\/uploads\/2024\/04\/camaleon2-600x400.webp 600w\" sizes=\"(max-width: 1024px) 100vw, 1024px\" \/><\/figure>\n\n\n\n<div style=\"height:20px\" aria-hidden=\"true\" class=\"wp-block-spacer\"><\/div>\n\n\n\n<h2 class=\"wp-block-heading\">La nature \u00e0 port\u00e9e de main<\/h2>\n\n\n\n<p>L&#039;un des plus grands atouts d&#039;Islantilla est que la nature fait partie int\u00e9grante du quotidien. Nul besoin de voyager loin pour profiter du grand air\u00a0: for\u00eats de pins, sentiers, espaces verts et zones prot\u00e9g\u00e9es font partie int\u00e9grante de la destination.<\/p>\n\n\n\n<p>Ici, vous pouvez fl\u00e2ner \u00e0 votre guise, observer les oiseaux, marcher sur le sable ou simplement vous asseoir et respirer pendant que les enfants jouent. C&#039;est un cadre id\u00e9al pour initier les jeunes enfants au respect de la nature et leur faire appr\u00e9cier des activit\u00e9s simples mais enrichissantes.<\/p>\n\n\n\n<div style=\"height:20px\" aria-hidden=\"true\" class=\"wp-block-spacer\"><\/div>\n\n\n\n<h2 class=\"wp-block-heading\">Le parc El Camale\u00f3n : une id\u00e9e de sortie id\u00e9ale avec des enfants<\/h2>\n\n\n\n<p>Il <strong><a href=\"https:\/\/www.islantilla.es\/fr\/parque-el-camaleon\/\" title=\"\">Parc El Camale\u00f3n<\/a> <\/strong>C&#039;est un de ces endroits qui conviennent toujours lorsqu&#039;on voyage en famille. C&#039;est un espace spacieux, bien entretenu et tr\u00e8s polyvalent o\u00f9 l&#039;on peut passer d&#039;une heure \u00e0 toute la matin\u00e9e.<\/p>\n\n\n\n<p>Il a un <strong>sentier sportif<\/strong>, un <strong>espace enfants<\/strong>, Des espaces pour faire de l&#039;exercice, des zones ombrag\u00e9es et le point de vue <strong>Balcon des \u00c9toiles<\/strong>, D&#039;ici, vous profiterez de vues d\u00e9gag\u00e9es et de moments de calme. De plus, des activit\u00e9s sont organis\u00e9es durant la saison estivale, et vous pourrez notamment vous amuser sur la tyrolienne qui traverse le parc.<\/p>\n\n\n\n<p>C&#039;est un endroit id\u00e9al pour que les enfants puissent se d\u00e9placer librement pendant que vous profitez du cadre.<\/p>\n\n\n\n<div style=\"height:20px\" aria-hidden=\"true\" class=\"wp-block-spacer\"><\/div>\n\n\n\n<h2 class=\"wp-block-heading\">Sentiers faciles \u00e0 faire en famille<\/h2>\n\n\n\n<p>Se promener ensemble est l&#039;une des meilleures fa\u00e7ons de d\u00e9couvrir une destination. \u00c0 Islantilla et dans ses environs, vous trouverez <strong>sentiers faciles<\/strong>, bien balis\u00e9 et adapt\u00e9 aux activit\u00e9s avec des enfants.<\/p>\n\n\n\n<p>Voici quelques options fortement recommand\u00e9es\u00a0:<\/p>\n\n\n\n<ul class=\"wp-block-list\">\n<li><strong><a href=\"https:\/\/www.islantilla.es\/fr\/sendero-deportivo-parque-el-camaleon\/\" title=\"\">Parcours sportif Parc El Camale\u00f3n (Islantilla)<\/a><\/strong>: un itin\u00e9raire facile \u00e0 l&#039;int\u00e9rieur m\u00eame de la destination, parfait pour une promenade en famille ou pour faire de l&#039;exercice en plein air. <\/li>\n\n\n\n<li><a href=\"https:\/\/www.islantilla.es\/fr\/sendero-avenida-rio-frio\/\" title=\"\"><strong>Sentier de l&#039;avenue R\u00edo Fr\u00edo (Islantilla)<\/strong><\/a>: une promenade urbaine am\u00e9nag\u00e9e, confortable et tr\u00e8s accessible, id\u00e9ale \u00e0 faire avec des enfants \u00e0 tout moment de la journ\u00e9e.<\/li>\n\n\n\n<li><strong>Route du coucher de soleil (\u00cele Cristina)<\/strong>: une excursion tr\u00e8s sp\u00e9ciale pour profiter des environs d&#039;Isla Cristina et de certains des plus beaux couchers de soleil de la c\u00f4te de Huelva.<\/li>\n<\/ul>\n\n\n\n<div style=\"height:20px\" aria-hidden=\"true\" class=\"wp-block-spacer\"><\/div>\n\n\n\n<p>De plus, si vous recherchez une option encore plus simple pour commencer, nous vous recommandons <a href=\"https:\/\/www.islantilla.es\/fr\/tu-primera-ruta-por-islantilla\/\" title=\"\"><strong>Votre premier itin\u00e9raire \u00e0 travers Islantilla<\/strong><\/a>, un <strong>Parcours cyclable facile \u00e0 faire en famille<\/strong>, Id\u00e9al pour une premi\u00e8re exp\u00e9rience \u00e0 v\u00e9lo avec les plus petits. C&#039;est un itin\u00e9raire confortable et s\u00e9curis\u00e9, con\u00e7u pour vous permettre de profiter du paysage \u00e0 votre rythme.<\/p>\n\n\n\n<figure class=\"wp-block-image size-large\"><img decoding=\"async\" width=\"1024\" height=\"576\" src=\"https:\/\/www.islantilla.es\/wp-content\/uploads\/2025\/11\/Sendero-Avenida-Rio-Frio_Islantilla-edited-1024x576.webp\" alt=\"Avenida R\u00edo Fr\u00edo de Islantilla con su sendero peatonal.\" class=\"wp-image-6369\" srcset=\"https:\/\/www.islantilla.es\/wp-content\/uploads\/2025\/11\/Sendero-Avenida-Rio-Frio_Islantilla-edited-1024x576.webp 1024w, https:\/\/www.islantilla.es\/wp-content\/uploads\/2025\/11\/Sendero-Avenida-Rio-Frio_Islantilla-edited-300x169.webp 300w, https:\/\/www.islantilla.es\/wp-content\/uploads\/2025\/11\/Sendero-Avenida-Rio-Frio_Islantilla-edited-768x432.webp 768w, https:\/\/www.islantilla.es\/wp-content\/uploads\/2025\/11\/Sendero-Avenida-Rio-Frio_Islantilla-edited-18x10.webp 18w, https:\/\/www.islantilla.es\/wp-content\/uploads\/2025\/11\/Sendero-Avenida-Rio-Frio_Islantilla-edited.webp 1080w\" sizes=\"(max-width: 1024px) 100vw, 1024px\" \/><\/figure>\n\n\n\n<div style=\"height:20px\" aria-hidden=\"true\" class=\"wp-block-spacer\"><\/div>\n\n\n\n<h2 class=\"wp-block-heading\">Des exp\u00e9riences qui permettent de se connecter \u00e0 l&#039;environnement<\/h2>\n\n\n\n<p>En plus des promenades et des sentiers, vous trouverez dans la r\u00e9gion : <strong>Des exp\u00e9riences con\u00e7ues pour profiter de la nature de mani\u00e8re responsable<\/strong>, dont beaucoup sont port\u00e9es par des entreprises engag\u00e9es pour le territoire et le d\u00e9veloppement durable.<\/p>\n\n\n\n<p>\u00c0 La Redondela, le <strong>Brasserie Ruben <\/strong>C&#039;est un bel exemple d&#039;espace li\u00e9 au paysage et \u00e0 la vie locale, un lieu o\u00f9 s&#039;arr\u00eater, observer les environs et profiter de l&#039;atmosph\u00e8re sans h\u00e2te, ce qui correspond parfaitement \u00e0 la philosophie de la destination.<\/p>\n\n\n\n<p>Le <strong>Salinas del Alem\u00e1n<\/strong> Elles permettent de d\u00e9couvrir de pr\u00e8s un paysage traditionnel li\u00e9 au sel et \u00e0 la biodiversit\u00e9, une exp\u00e9rience \u00e9ducative et tr\u00e8s int\u00e9ressante \u00e0 faire avec des enfants.<\/p>\n\n\n\n<div class=\"wp-block-columns is-layout-flex wp-container-core-columns-is-layout-28f84493 wp-block-columns-is-layout-flex\">\n<div class=\"wp-block-column is-layout-flow wp-block-column-is-layout-flow\" style=\"flex-basis:33.33%\">\n<figure class=\"wp-block-embed is-type-video is-provider-youtube wp-block-embed-youtube wp-embed-aspect-9-16 wp-has-aspect-ratio\"><div class=\"wp-block-embed__wrapper\">\n<iframe title=\"Galopant le long du rivage #islantilla #huelva #costadedelaluz\" width=\"563\" height=\"1000\" src=\"https:\/\/www.youtube.com\/embed\/iLbMYCf6dWk?feature=oembed\" frameborder=\"0\" allow=\"accelerometer; autoplay; clipboard-write; encrypted-media; gyroscope; picture-in-picture; web-share\" referrerpolicy=\"strict-origin-when-cross-origin\" allowfullscreen><\/iframe>\n<\/div><\/figure>\n<\/div>\n\n\n\n<div class=\"wp-block-column is-layout-flow wp-block-column-is-layout-flow\" style=\"flex-basis:66.66%\">\n<p>Si vous recherchez une activit\u00e9 diff\u00e9rente, <strong>\u00c9cole d&#039;\u00e9quitation Antonio Real <\/strong>Elle offre la possibilit\u00e9 de se rapprocher du monde \u00e9quin dans un environnement naturel, id\u00e9al pour un premier contact des plus petits avec cet animal.<\/p>\n\n\n\n<p>De leur c\u00f4t\u00e9, <strong>Waingunga<\/strong> Ils proposent des exp\u00e9riences con\u00e7ues pour les familles qui souhaitent se d\u00e9connecter du quotidien et se retrouver. Ils offrent des activit\u00e9s s\u00fbres et amusantes, adapt\u00e9es \u00e0 chaque saison.<\/p>\n\n\n\n<p>Toutes ces initiatives partagent une vision du tourisme fond\u00e9e sur le respect de l&#039;environnement et les exp\u00e9riences authentiques.<\/p>\n<\/div>\n<\/div>\n\n\n\n<div style=\"height:20px\" aria-hidden=\"true\" class=\"wp-block-spacer\"><\/div>\n\n\n\n<h2 class=\"wp-block-heading\">Excursions guid\u00e9es en bateau : la mer sous un autre angle<\/h2>\n\n\n\n<p>La mer fait \u00e9galement partie des projets familiaux. <strong>Excursions guid\u00e9es en bateau autour d&#039;Isla Cristina<\/strong> Elles constituent une mani\u00e8re tr\u00e8s particuli\u00e8re de d\u00e9couvrir le littoral, les marais et la vie li\u00e9e \u00e0 la mer.<\/p>\n\n\n\n<p>Ce sont des excursions paisibles, \u00e9ducatives et tr\u00e8s attrayantes pour les enfants, qui peuvent d\u00e9couvrir l&#039;environnement depuis l&#039;eau et en apprendre davantage sur la faune, la p\u00eache et les paysages c\u00f4tiers.<\/p>\n\n\n\n<div style=\"height:20px\" aria-hidden=\"true\" class=\"wp-block-spacer\"><\/div>\n\n\n\n<h2 class=\"wp-block-heading\">Une destination confortable pour les voyages en famille<\/h2>\n\n\n\n<p>Islantilla est une destination con\u00e7ue pour des vacances sans stress. Les distances sont courtes, les espaces sont bien entretenus et il y en a pour tous les \u00e2ges. C&#039;est l&#039;endroit id\u00e9al pour de longues vacances, une escapade de fin de semaine ou des occasions sp\u00e9ciales comme P\u00e2ques.<\/p>\n\n\n\n<p>Si vous recherchez <strong>Vacances en famille sur la Costa de la Luz<\/strong>, Avec des projets simples, la nature et des exp\u00e9riences qui s&#039;accumulent, vous trouverez ici l&#039;\u00e9quilibre parfait.<\/p>\n\n\n\n<p><\/p>","protected":false},"excerpt":{"rendered":"<p>Si est\u00e1s buscando planes familiares en Huelva que combinen naturaleza, aire libre y experiencias que realmente se disfruten juntos, Islantilla es un punto de partida ideal. Aqu\u00ed no hace falta correr de un sitio a otro ni llenar la agenda de actividades: todo est\u00e1 cerca, es accesible y est\u00e1 pensado para que grandes y peque\u00f1os [&hellip;]<\/p>\n","protected":false},"author":12,"featured_media":2149,"comment_status":"open","ping_status":"open","sticky":false,"template":"","format":"standard","meta":{"slim_seo":{"title":"Planes familiares en Huelva | Blog de Islantilla","description":"Descubre planes familiares en Huelva: naturaleza, senderos f\u00e1ciles, experiencias sostenibles y actividades para disfrutar en familia desde Islantilla y la Costa de la Luz."},"footnotes":""},"categories":[34,36],"tags":[],"class_list":["post-7418","post","type-post","status-publish","format-standard","has-post-thumbnail","hentry","category-entorno","category-imprescindibles"],"_links":{"self":[{"href":"https:\/\/www.islantilla.es\/fr\/wp-json\/wp\/v2\/posts\/7418","targetHints":{"allow":["GET"]}}],"collection":[{"href":"https:\/\/www.islantilla.es\/fr\/wp-json\/wp\/v2\/posts"}],"about":[{"href":"https:\/\/www.islantilla.es\/fr\/wp-json\/wp\/v2\/types\/post"}],"author":[{"embeddable":true,"href":"https:\/\/www.islantilla.es\/fr\/wp-json\/wp\/v2\/users\/12"}],"replies":[{"embeddable":true,"href":"https:\/\/www.islantilla.es\/fr\/wp-json\/wp\/v2\/comments?post=7418"}],"version-history":[{"count":2,"href":"https:\/\/www.islantilla.es\/fr\/wp-json\/wp\/v2\/posts\/7418\/revisions"}],"predecessor-version":[{"id":7420,"href":"https:\/\/www.islantilla.es\/fr\/wp-json\/wp\/v2\/posts\/7418\/revisions\/7420"}],"wp:featuredmedia":[{"embeddable":true,"href":"https:\/\/www.islantilla.es\/fr\/wp-json\/wp\/v2\/media\/2149"}],"wp:attachment":[{"href":"https:\/\/www.islantilla.es\/fr\/wp-json\/wp\/v2\/media?parent=7418"}],"wp:term":[{"taxonomy":"category","embeddable":true,"href":"https:\/\/www.islantilla.es\/fr\/wp-json\/wp\/v2\/categories?post=7418"},{"taxonomy":"post_tag","embeddable":true,"href":"https:\/\/www.islantilla.es\/fr\/wp-json\/wp\/v2\/tags?post=7418"}],"curies":[{"name":"wp","href":"https:\/\/api.w.org\/{rel}","templated":true}]}}