{"id":7115,"date":"2025-12-01T12:26:26","date_gmt":"2025-12-01T11:26:26","guid":{"rendered":"https:\/\/www.islantilla.es\/?p=7115"},"modified":"2026-01-09T12:58:26","modified_gmt":"2026-01-09T11:58:26","slug":"parque-el-camaleon-el-corazon-verde-de-islantilla","status":"publish","type":"post","link":"https:\/\/www.islantilla.es\/fr\/parque-el-camaleon-el-corazon-verde-de-islantilla\/","title":{"rendered":"Parc El Camale\u00f3n : le c\u0153ur vert d&#039;Islantilla"},"content":{"rendered":"<p>Si vous cherchez un endroit pour vous d\u00e9connecter, respirer de l&#039;air pur et profiter de la nature en toute simplicit\u00e9, <a href=\"https:\/\/www.islantilla.es\/fr\/parque-el-camaleon\/\" title=\"\"><strong>Parc El Camale\u00f3n<\/strong><\/a> Ce lieu deviendra l&#039;un de vos pr\u00e9f\u00e9r\u00e9s \u00e0 Islantilla. Vous y reviendrez sans cesse, car il offre toujours quelque chose de diff\u00e9rent\u00a0: un nouveau sentier \u00e0 explorer, un moment de calme, un paysage qui se m\u00e9tamorphose au fil de la journ\u00e9e. Et le plus beau, c&#039;est qu&#039;il est con\u00e7u pour vous, que vous veniez fl\u00e2ner, faire du sport, passer un moment en famille ou simplement vous d\u00e9tendre.<\/p>\n\n\n\n<p>Avant de vous d\u00e9voiler ses recoins les plus exceptionnels, nous avons une question pour vous\u00a0: \u00eates-vous pr\u00eats \u00e0 d\u00e9couvrir l\u2019un des espaces naturels les plus authentiques de la Costa de la Luz\u00a0? C\u2019est parti\u00a0!.<\/p>\n\n\n\n<figure class=\"wp-block-image size-large\"><img fetchpriority=\"high\" decoding=\"async\" width=\"1920\" height=\"1080\" src=\"https:\/\/www.islantilla.es\/wp-content\/uploads\/2025\/11\/IMG_2497-edited-scaled.webp\" alt=\"Entrada principal del Parque El Camale\u00f3n en Islantilla, Huelva.\" class=\"wp-image-7118\" srcset=\"https:\/\/www.islantilla.es\/wp-content\/uploads\/2025\/11\/IMG_2497-edited-scaled.webp 1920w, https:\/\/www.islantilla.es\/wp-content\/uploads\/2025\/11\/IMG_2497-edited-300x169.webp 300w, https:\/\/www.islantilla.es\/wp-content\/uploads\/2025\/11\/IMG_2497-edited-1024x576.webp 1024w, https:\/\/www.islantilla.es\/wp-content\/uploads\/2025\/11\/IMG_2497-edited-768x432.webp 768w, https:\/\/www.islantilla.es\/wp-content\/uploads\/2025\/11\/IMG_2497-edited-1536x864.webp 1536w, https:\/\/www.islantilla.es\/wp-content\/uploads\/2025\/11\/IMG_2497-edited-18x10.webp 18w\" sizes=\"(max-width: 1920px) 100vw, 1920px\" \/><\/figure>\n\n\n\n<div style=\"height:20px\" aria-hidden=\"true\" class=\"wp-block-spacer\"><\/div>\n\n\n\n<h2 class=\"wp-block-heading\">Qu&#039;est-ce que le parc El Camale\u00f3n ?<\/h2>\n\n\n\n<p>Il <strong>Le parc El Camale\u00f3n est le v\u00e9ritable c\u0153ur vert d&#039;Islantilla<\/strong>, un espace naturel d&#039;environ <strong>90 000 m\u00e8tres carr\u00e9s<\/strong> Situ\u00e9 au nord du terrain de golf, il a \u00e9t\u00e9 con\u00e7u pour respecter et mettre en valeur le paysage local, int\u00e9grant des am\u00e9nagements qui vous permettent d&#039;en profiter de multiples fa\u00e7ons.<\/p>\n\n\n\n<p>Ici, on ne vient pas seulement fl\u00e2ner\u00a0: on peut aussi apprendre, jouer, faire de l\u2019exercice, assister \u00e0 des spectacles en plein air, observer la faune locale ou s\u2019\u00e9merveiller devant les panoramas. C\u2019est un parc dynamique, con\u00e7u pour les r\u00e9sidents et les visiteurs d\u00e9sireux de se reconnecter \u00e0 la nature sans renoncer aux activit\u00e9s r\u00e9cr\u00e9atives, \u00e9ducatives, sportives, culturelles et de loisirs actifs.<\/p>\n\n\n\n<p>Le parc El Camale\u00f3n est bien plus qu&#039;un espace vert : c&#039;est un espace naturel con\u00e7u pour que vous puissiez vous y d\u00e9placer, l&#039;explorer et en profiter \u00e0 votre propre rythme.<\/p>\n\n\n\n<p>Vous y trouverez des pin\u00e8des, une v\u00e9g\u00e9tation indig\u00e8ne, des points de vue panoramiques, des sentiers, des terrains de sport, des aires de jeux pour enfants et des espaces con\u00e7us pour vous reconnecter \u00e0 la nature sans quitter le centre-ville d&#039;Islantilla. Ce parc dynamique et en constante \u00e9volution, riche en biodiversit\u00e9, est id\u00e9al pour ceux qui aiment d\u00e9couvrir les subtilit\u00e9s de leur environnement.<\/p>\n\n\n\n<div style=\"height:20px\" aria-hidden=\"true\" class=\"wp-block-spacer\"><\/div>\n\n\n\n<h2 class=\"wp-block-heading\">Un espace \u00e0 partager en famille<\/h2>\n\n\n\n<p>\u00c0 l&#039;int\u00e9rieur du parc, vous trouverez <strong>aires de jeux pour enfants<\/strong>, Des tipis, des aires de pique-nique et un vaste terrain permettent aux enfants de jouer et de d\u00e9couvrir la nature \u00e0 leur rythme. C&#039;est un environnement s\u00fbr et agr\u00e9able, id\u00e9al pour les sorties en famille en toute saison.<\/p>\n\n\n\n<p>Durant l&#039;\u00e9t\u00e9, le parc s&#039;anime encore davantage gr\u00e2ce \u00e0 <strong>salle de classe environnementale<\/strong>, o\u00f9 des ateliers \u00e9ducatifs pour enfants sont organis\u00e9s, et \u00e0 <strong>gastrobar<\/strong>, qui propose des options gastronomiques et de petits \u00e9v\u00e9nements culturels en fin d&#039;apr\u00e8s-midi.<\/p>\n\n\n\n<p>Si vous venez avec des enfants, ce parc est id\u00e9al. C&#039;est un lieu s\u00fbr et spacieux, regorgeant de recoins accueillants pour jouer, explorer et se d\u00e9gourdir les jambes. L&#039;espace enfants propose des structures adapt\u00e9es \u00e0 diff\u00e9rentes tranches d&#039;\u00e2ge. De plus, c&#039;est un espace accessible et confortable, parfait pour une sortie en famille en toute saison.<\/p>\n\n\n\n<figure class=\"wp-block-image size-large\"><img decoding=\"async\" width=\"1024\" height=\"576\" src=\"https:\/\/www.islantilla.es\/wp-content\/uploads\/2025\/11\/Zona-infantil-Parque-El-Camaleon-Islantilla-1024x576.webp\" alt=\"Zona infantil Parque El Camaleo\u0301n Islantilla\" class=\"wp-image-7124\" srcset=\"https:\/\/www.islantilla.es\/wp-content\/uploads\/2025\/11\/Zona-infantil-Parque-El-Camaleon-Islantilla-1024x576.webp 1024w, https:\/\/www.islantilla.es\/wp-content\/uploads\/2025\/11\/Zona-infantil-Parque-El-Camaleon-Islantilla-300x169.webp 300w, https:\/\/www.islantilla.es\/wp-content\/uploads\/2025\/11\/Zona-infantil-Parque-El-Camaleon-Islantilla-768x432.webp 768w, https:\/\/www.islantilla.es\/wp-content\/uploads\/2025\/11\/Zona-infantil-Parque-El-Camaleon-Islantilla-1536x864.webp 1536w, https:\/\/www.islantilla.es\/wp-content\/uploads\/2025\/11\/Zona-infantil-Parque-El-Camaleon-Islantilla-18x10.webp 18w, https:\/\/www.islantilla.es\/wp-content\/uploads\/2025\/11\/Zona-infantil-Parque-El-Camaleon-Islantilla.webp 1920w\" sizes=\"(max-width: 1024px) 100vw, 1024px\" \/><\/figure>\n\n\n\n<div style=\"height:20px\" aria-hidden=\"true\" class=\"wp-block-spacer\"><\/div>\n\n\n\n<h2 class=\"wp-block-heading\">La nature \u00e0 l&#039;\u00e9tat pur<\/h2>\n\n\n\n<p>En vous promenant sur les sentiers, vous apercevrez peut-\u00eatre de petites structures en bois parmi les arbres. Elles ne sont pas d\u00e9coratives\u00a0: ce sont les <strong>h\u00f4tels \u00e0 insectes<\/strong>. Ce sont des abris con\u00e7us pour permettre aux insectes b\u00e9n\u00e9fiques de vivre, de se reproduire ou d&#039;hiberner. Ces petits alli\u00e9s sont essentiels \u00e0 l&#039;\u00e9quilibre de l&#039;\u00e9cosyst\u00e8me et \u00e0 la sant\u00e9 de la v\u00e9g\u00e9tation du parc. Les prot\u00e9ger, c&#039;est aussi prot\u00e9ger cet environnement unique.<\/p>\n\n\n\n<p>Le parc El Camale\u00f3n regorge de vie. Ses for\u00eats de pins, teint\u00e9es d&#039;un vert intense par le soleil, forment un habitat id\u00e9al pour les oiseaux, les insectes et les reptiles.<\/p>\n\n\n\n<p>De plus, le parc poss\u00e8de un <strong>Sentier d&#039;interpr\u00e9tation de la nature en 3D<\/strong>, une exp\u00e9rience \u00e9ducative qui vous permet de d\u00e9couvrir la faune et la flore locales de mani\u00e8re interactive tout en vous promenant.<\/p>\n\n\n\n<div style=\"height:20px\" aria-hidden=\"true\" class=\"wp-block-spacer\"><\/div>\n\n\n\n<h2 class=\"wp-block-heading\">Parcours sportif du parc El Camale\u00f3n<\/h2>\n\n\n\n<p>Il <strong>Sentier bleu du parc El Camale\u00f3n <\/strong>Islantilla fait partie du prestigieux programme Blue Trails, qui distingue les espaces naturels bien entretenus et am\u00e9nag\u00e9s. De plus, <strong>C&#039;est la premi\u00e8re destination \u00e0 Huelva \u00e0 b\u00e9n\u00e9ficier d&#039;une double distinction.<\/strong> gr\u00e2ce \u00e0 ce chemin et \u00e0 celui de <a href=\"https:\/\/www.islantilla.es\/fr\/sendero-azul-parque-de-los-cabezos\/\" title=\"\">Parc Cabezos<\/a>.<\/p>\n\n\n\n<p>Ce circuit circulaire de <strong>975 m\u00e8tres<\/strong> Il combine des sections en b\u00e9ton et en argile, pr\u00e9sente un faible niveau de difficult\u00e9 et un temps estim\u00e9 \u00e0 environ <strong>30 minutes<\/strong>. Ce sentier est id\u00e9al pour la marche, la course \u00e0 pied ou toute autre activit\u00e9 physique en pleine nature, gr\u00e2ce \u00e0 ses panneaux informatifs et sa signal\u00e9tique claire. Vous y trouverez un chemin paisible et accessible, parfait pour commencer ou terminer votre visite du parc.<\/p>\n\n\n\n<p>Vous pouvez voir tous les d\u00e9tails ici : \ud83d\udc49 <a href=\"https:\/\/www.islantilla.es\/fr\/sendero-deportivo-parque-el-camaleon\/\">Sentier sportif Parc El Camale\u00f3n<\/a><\/p>\n\n\n\n<p>Si vous aimez bouger, ce parc est fait pour vous. Il comprend un parcours de sant\u00e9 id\u00e9al pour la marche, la course \u00e0 pied ou toute autre activit\u00e9 physique \u00e0 votre rythme. Outre le chemin principal, vous trouverez des zones am\u00e9nag\u00e9es pour diff\u00e9rents types d&#039;exercices.<\/p>\n\n\n\n<figure class=\"wp-block-image size-full\"><img decoding=\"async\" width=\"1080\" height=\"608\" src=\"https:\/\/www.islantilla.es\/wp-content\/uploads\/2025\/11\/Sendero-Deportivo-Parque-El-Camaleon-Islantilla_Sendero-Azul-edited.webp\" alt=\"Sendero deportivo del Parque El Camale\u00f3n de Islantilla. Sendero Azul.\" class=\"wp-image-6364\" srcset=\"https:\/\/www.islantilla.es\/wp-content\/uploads\/2025\/11\/Sendero-Deportivo-Parque-El-Camaleon-Islantilla_Sendero-Azul-edited.webp 1080w, https:\/\/www.islantilla.es\/wp-content\/uploads\/2025\/11\/Sendero-Deportivo-Parque-El-Camaleon-Islantilla_Sendero-Azul-edited-300x169.webp 300w, https:\/\/www.islantilla.es\/wp-content\/uploads\/2025\/11\/Sendero-Deportivo-Parque-El-Camaleon-Islantilla_Sendero-Azul-edited-1024x576.webp 1024w, https:\/\/www.islantilla.es\/wp-content\/uploads\/2025\/11\/Sendero-Deportivo-Parque-El-Camaleon-Islantilla_Sendero-Azul-edited-768x432.webp 768w, https:\/\/www.islantilla.es\/wp-content\/uploads\/2025\/11\/Sendero-Deportivo-Parque-El-Camaleon-Islantilla_Sendero-Azul-edited-18x10.webp 18w\" sizes=\"(max-width: 1080px) 100vw, 1080px\" \/><\/figure>\n\n\n\n<div style=\"height:20px\" aria-hidden=\"true\" class=\"wp-block-spacer\"><\/div>\n\n\n\n<h2 class=\"wp-block-heading\">Zone de callisth\u00e9nie, box d&#039;entra\u00eenement et sports de plein air<\/h2>\n\n\n\n<p>Le parc El Camale\u00f3n est \u00e9galement un lieu de rencontre pour ceux qui appr\u00e9cient l&#039;exercice en plein air. <a href=\"https:\/\/www.islantilla.es\/fr\/calistenia\/\" title=\"\">zone de gymnastique<\/a> Il comprend des barres, des structures et des \u00e9quipements parfaits pour les s\u00e9ances de force, d&#039;\u00e9quilibre, de mobilit\u00e9 ou des entra\u00eenements plus intenses comme le CrossFit ou le Street Workout.<\/p>\n\n\n\n<p>Que vous veniez seul ou entre amis, vous trouverez un cadre id\u00e9al pour rester actif, entour\u00e9 de pins.<\/p>\n\n\n\n<figure class=\"wp-block-image size-large\"><img loading=\"lazy\" decoding=\"async\" width=\"1920\" height=\"1080\" src=\"https:\/\/www.islantilla.es\/wp-content\/uploads\/2025\/11\/DEPORTIVA-1-edited-scaled.webp\" alt=\"Estructuras met\u00e1licas para ejercicios de calistenia al aire libre en el Parque El Camale\u00f3n de Islantilla.\" class=\"wp-image-7120\" srcset=\"https:\/\/www.islantilla.es\/wp-content\/uploads\/2025\/11\/DEPORTIVA-1-edited-scaled.webp 1920w, https:\/\/www.islantilla.es\/wp-content\/uploads\/2025\/11\/DEPORTIVA-1-edited-300x169.webp 300w, https:\/\/www.islantilla.es\/wp-content\/uploads\/2025\/11\/DEPORTIVA-1-edited-1024x576.webp 1024w, https:\/\/www.islantilla.es\/wp-content\/uploads\/2025\/11\/DEPORTIVA-1-edited-768x432.webp 768w, https:\/\/www.islantilla.es\/wp-content\/uploads\/2025\/11\/DEPORTIVA-1-edited-1536x864.webp 1536w, https:\/\/www.islantilla.es\/wp-content\/uploads\/2025\/11\/DEPORTIVA-1-edited-18x10.webp 18w\" sizes=\"(max-width: 1920px) 100vw, 1920px\" \/><\/figure>\n\n\n\n<div style=\"height:20px\" aria-hidden=\"true\" class=\"wp-block-spacer\"><\/div>\n\n\n\n<h2 class=\"wp-block-heading\">Tyrolienne d&#039;Islantilla\u00a0: adr\u00e9naline garantie avec vue<\/h2>\n\n\n\n<p>Et si vous recherchez quelque chose de plus excitant, le voici : <a href=\"https:\/\/www.islantilla.es\/fr\/tirolina\/\" title=\"\">La plus longue tyrolienne urbaine d&#039;Europe<\/a> Elle vous attend au c\u0153ur m\u00eame du parc. C&#039;est une exp\u00e9rience unique qui allie aventure, sport et panoramas spectaculaires.<\/p>\n\n\n\n<p>\u00c9lancez-vous depuis la plateforme sup\u00e9rieure et laissez-vous emporter par le courant tandis que vous survolez le parc. C&#039;est l&#039;activit\u00e9 id\u00e9ale pour les amateurs de sensations fortes ou pour ceux qui souhaitent simplement vivre une exp\u00e9rience originale lors de leur visite.<\/p>\n\n\n\n<figure class=\"wp-block-image size-large\"><img loading=\"lazy\" decoding=\"async\" width=\"1620\" height=\"911\" src=\"https:\/\/www.islantilla.es\/wp-content\/uploads\/2025\/11\/TIROLINA-2-edited.webp\" alt=\"Tirolina de Islantilla sobre el Parque El Camale\u00f3n.\" class=\"wp-image-7119\" srcset=\"https:\/\/www.islantilla.es\/wp-content\/uploads\/2025\/11\/TIROLINA-2-edited.webp 1620w, https:\/\/www.islantilla.es\/wp-content\/uploads\/2025\/11\/TIROLINA-2-edited-300x169.webp 300w, https:\/\/www.islantilla.es\/wp-content\/uploads\/2025\/11\/TIROLINA-2-edited-1024x576.webp 1024w, https:\/\/www.islantilla.es\/wp-content\/uploads\/2025\/11\/TIROLINA-2-edited-768x432.webp 768w, https:\/\/www.islantilla.es\/wp-content\/uploads\/2025\/11\/TIROLINA-2-edited-1536x864.webp 1536w, https:\/\/www.islantilla.es\/wp-content\/uploads\/2025\/11\/TIROLINA-2-edited-18x10.webp 18w\" sizes=\"(max-width: 1620px) 100vw, 1620px\" \/><\/figure>\n\n\n\n<div style=\"height:20px\" aria-hidden=\"true\" class=\"wp-block-spacer\"><\/div>\n\n\n\n<h2 class=\"wp-block-heading\">Le Balcon des \u00c9toiles : les plus belles vues d&#039;Islantilla<\/h2>\n\n\n\n<p>Et bien s\u00fbr, comment ne pas mentionner l&#039;un des coins les plus exceptionnels du parc\u00a0: <strong>le Balcon des \u00c9toiles<\/strong>. Il s&#039;agit d&#039;un point d&#039;observation astronomique am\u00e9nag\u00e9 offrant des vues spectaculaires sur toute la c\u00f4te. C&#039;est l&#039;endroit id\u00e9al pour admirer les levers et couchers de soleil, ou contempler le ciel nocturne dans un cadre paisible et en hauteur.<\/p>\n\n\n\n<figure class=\"wp-block-image size-large\"><img loading=\"lazy\" decoding=\"async\" width=\"1920\" height=\"1080\" src=\"https:\/\/www.islantilla.es\/wp-content\/uploads\/2025\/11\/Mirador-Balcon-de-las-estrellas-Parque-El-Camaleon-Islantilla-edited-scaled.webp\" alt=\"Default\" class=\"wp-image-7123\" srcset=\"https:\/\/www.islantilla.es\/wp-content\/uploads\/2025\/11\/Mirador-Balcon-de-las-estrellas-Parque-El-Camaleon-Islantilla-edited-scaled.webp 1920w, https:\/\/www.islantilla.es\/wp-content\/uploads\/2025\/11\/Mirador-Balcon-de-las-estrellas-Parque-El-Camaleon-Islantilla-edited-300x169.webp 300w, https:\/\/www.islantilla.es\/wp-content\/uploads\/2025\/11\/Mirador-Balcon-de-las-estrellas-Parque-El-Camaleon-Islantilla-edited-1024x576.webp 1024w, https:\/\/www.islantilla.es\/wp-content\/uploads\/2025\/11\/Mirador-Balcon-de-las-estrellas-Parque-El-Camaleon-Islantilla-edited-768x432.webp 768w, https:\/\/www.islantilla.es\/wp-content\/uploads\/2025\/11\/Mirador-Balcon-de-las-estrellas-Parque-El-Camaleon-Islantilla-edited-1536x864.webp 1536w, https:\/\/www.islantilla.es\/wp-content\/uploads\/2025\/11\/Mirador-Balcon-de-las-estrellas-Parque-El-Camaleon-Islantilla-edited-18x10.webp 18w\" sizes=\"(max-width: 1920px) 100vw, 1920px\" \/><\/figure>\n\n\n\n<div style=\"height:20px\" aria-hidden=\"true\" class=\"wp-block-spacer\"><\/div>\n\n\n\n<h2 class=\"wp-block-heading\">Un espace pour apprendre et d\u00e9couvrir<\/h2>\n\n\n\n<p>En plus de <strong>Sentier d&#039;interpr\u00e9tation 3D,<\/strong> Le parc poss\u00e8de un <strong>salle de classe environnementale<\/strong>, qui organise des ateliers en \u00e9t\u00e9 pour permettre aux plus jeunes enfants de d\u00e9couvrir la nature, la faune locale et le d\u00e9veloppement durable.<\/p>\n\n\n\n<p>L&#039;am\u00e9nagement du parc tout entier invite \u00e0 l&#039;apprentissage par la d\u00e9couverte : panneaux d&#039;information, points d&#039;observation et structures p\u00e9dagogiques transforment chaque visite en une petite d\u00e9couverte.<\/p>\n\n\n\n<div style=\"height:20px\" aria-hidden=\"true\" class=\"wp-block-spacer\"><\/div>\n\n\n\n<h2 class=\"wp-block-heading\">Parc canin\u00a0: un espace con\u00e7u aussi pour eux.<\/h2>\n\n\n\n<p>Et si vous venez avec votre chien, vous serez ravis d&#039;apprendre que le parc dispose d&#039;un <strong>Parc canin<\/strong> Dans la zone nord, il y a environ 2 000 m\u00b2 divis\u00e9s en deux zones en fonction du poids de l&#039;animal : une pour les chiens de moins de 10 kg et une autre pour les chiens de plus de 11 kg.<\/p>\n\n\n\n<p>L&#039;enclos est enti\u00e8rement cl\u00f4tur\u00e9 par une barri\u00e8re de 2 m\u00e8tres de haut et \u00e9quip\u00e9 de bancs, de poubelles, de panneaux d&#039;information et de fontaines \u00e0 double usage, adapt\u00e9es aux personnes et aux chiens, et m\u00eame con\u00e7ues pour faciliter leur utilisation par les personnes handicap\u00e9es.<\/p>\n\n\n\n<p>C&#039;est un espace s\u00fbr et confortable, id\u00e9al pour que les chiens puissent courir, jouer et se socialiser.<\/p>\n\n\n\n<figure class=\"wp-block-image size-large\"><img loading=\"lazy\" decoding=\"async\" width=\"1024\" height=\"576\" src=\"https:\/\/www.islantilla.es\/wp-content\/uploads\/2025\/11\/parque-canino-islantilla-1024x576.webp\" alt=\"Parque canino islantilla\" class=\"wp-image-7121\" srcset=\"https:\/\/www.islantilla.es\/wp-content\/uploads\/2025\/11\/parque-canino-islantilla-1024x576.webp 1024w, https:\/\/www.islantilla.es\/wp-content\/uploads\/2025\/11\/parque-canino-islantilla-300x169.webp 300w, https:\/\/www.islantilla.es\/wp-content\/uploads\/2025\/11\/parque-canino-islantilla-768x432.webp 768w, https:\/\/www.islantilla.es\/wp-content\/uploads\/2025\/11\/parque-canino-islantilla-18x10.webp 18w, https:\/\/www.islantilla.es\/wp-content\/uploads\/2025\/11\/parque-canino-islantilla.webp 1080w\" sizes=\"(max-width: 1024px) 100vw, 1024px\" \/><\/figure>\n\n\n\n<div style=\"height:20px\" aria-hidden=\"true\" class=\"wp-block-spacer\"><\/div>\n\n\n\n<h2 class=\"wp-block-heading\">Installations et services du parc<\/h2>\n\n\n\n<p>\u00c0 l\u2019int\u00e9rieur du parc El Camale\u00f3n, vous trouverez :<\/p>\n\n\n\n<ul class=\"wp-block-list\">\n<li>Parking<\/li>\n\n\n\n<li>toilettes publiques<\/li>\n\n\n\n<li>Gastrobar proposant des \u00e9v\u00e9nements culturels saisonniers<\/li>\n\n\n\n<li>Aires de pique-nique et zone de pique-nique<\/li>\n\n\n\n<li>Aires de jeux pour enfants et tipis<\/li>\n\n\n\n<li>Salle de classe environnementale en saison<\/li>\n\n\n\n<li>auditorium en plein air<\/li>\n\n\n\n<li>Tyrolienne (en saison)<\/li>\n\n\n\n<li>Zone de gymnastique et d&#039;entra\u00eenement<\/li>\n\n\n\n<li>Point de vue du Balcon des \u00c9toiles<\/li>\n\n\n\n<li>Sentier d&#039;interpr\u00e9tation de la nature en 3D<\/li>\n\n\n\n<li>Zone de loisirs<\/li>\n\n\n\n<li>Sentier sportif<\/li>\n\n\n\n<li>Des h\u00f4tels \u00e0 insectes diss\u00e9min\u00e9s dans tout le parc<\/li>\n<\/ul>\n\n\n\n<div style=\"height:20px\" aria-hidden=\"true\" class=\"wp-block-spacer\"><\/div>\n\n\n\n<h2 class=\"wp-block-heading\">Le parc qui ne cesse de surprendre.<\/h2>\n\n\n\n<p>Il <strong>Parc El Camale\u00f3n<\/strong> C&#039;est un de ces endroits qu&#039;on appr\u00e9cie d\u00e8s la premi\u00e8re visite et o\u00f9 l&#039;on a toujours envie de revenir. Que ce soit pour une promenade paisible, une journ\u00e9e en famille, des s\u00e9ances de sport en plein air ou les sensations fortes de la tyrolienne, vous trouverez toujours une nouvelle fa\u00e7on de vous reconnecter \u00e0 la nature. <strong>\u00celetilla<\/strong>.<\/p>\n\n\n\n<p>Envie de d\u00e9couvrir davantage d&#039;espaces naturels et de sentiers dans la r\u00e9gion\u00a0? Tr\u00e8s prochainement, nous vous d\u00e9voilerons d&#039;autres tr\u00e9sors cach\u00e9s qui vous feront tomber encore plus amoureux de cette destination.<\/p>\n\n\n\n<p><\/p>","protected":false},"excerpt":{"rendered":"<p>Si buscas un lugar donde desconectar, respirar aire puro y disfrutar de la naturaleza sin complicaciones, el Parque El Camale\u00f3n se convertir\u00e1 en uno de tus rincones favoritos de Islantilla. Es ese espacio al que vuelves una y otra vez porque siempre te ofrece algo diferente: un camino nuevo por explorar, un momento de calma, [&hellip;]<\/p>\n","protected":false},"author":12,"featured_media":1116,"comment_status":"closed","ping_status":"open","sticky":false,"template":"","format":"standard","meta":{"slim_seo":{"title":"Parque El Camale\u00f3n en Islantilla | Blog de Islantilla","description":"Descubre el Parque El Camale\u00f3n, el gran pulm\u00f3n verde de Islantilla. Naturaleza, senderos, miradores, zona infantil, tirolina y espacios deportivos en un entorno \u00fanico de la Costa de la Luz."},"footnotes":""},"categories":[34,36,28],"tags":[],"class_list":["post-7115","post","type-post","status-publish","format-standard","has-post-thumbnail","hentry","category-entorno","category-imprescindibles","category-turismo-verde"],"_links":{"self":[{"href":"https:\/\/www.islantilla.es\/fr\/wp-json\/wp\/v2\/posts\/7115","targetHints":{"allow":["GET"]}}],"collection":[{"href":"https:\/\/www.islantilla.es\/fr\/wp-json\/wp\/v2\/posts"}],"about":[{"href":"https:\/\/www.islantilla.es\/fr\/wp-json\/wp\/v2\/types\/post"}],"author":[{"embeddable":true,"href":"https:\/\/www.islantilla.es\/fr\/wp-json\/wp\/v2\/users\/12"}],"replies":[{"embeddable":true,"href":"https:\/\/www.islantilla.es\/fr\/wp-json\/wp\/v2\/comments?post=7115"}],"version-history":[{"count":8,"href":"https:\/\/www.islantilla.es\/fr\/wp-json\/wp\/v2\/posts\/7115\/revisions"}],"predecessor-version":[{"id":7150,"href":"https:\/\/www.islantilla.es\/fr\/wp-json\/wp\/v2\/posts\/7115\/revisions\/7150"}],"wp:featuredmedia":[{"embeddable":true,"href":"https:\/\/www.islantilla.es\/fr\/wp-json\/wp\/v2\/media\/1116"}],"wp:attachment":[{"href":"https:\/\/www.islantilla.es\/fr\/wp-json\/wp\/v2\/media?parent=7115"}],"wp:term":[{"taxonomy":"category","embeddable":true,"href":"https:\/\/www.islantilla.es\/fr\/wp-json\/wp\/v2\/categories?post=7115"},{"taxonomy":"post_tag","embeddable":true,"href":"https:\/\/www.islantilla.es\/fr\/wp-json\/wp\/v2\/tags?post=7115"}],"curies":[{"name":"wp","href":"https:\/\/api.w.org\/{rel}","templated":true}]}}