{"id":6322,"date":"2025-10-06T09:03:52","date_gmt":"2025-10-06T07:03:52","guid":{"rendered":"https:\/\/www.islantilla.es\/?p=6322"},"modified":"2025-11-03T09:20:41","modified_gmt":"2025-11-03T08:20:41","slug":"comunicado-visita-al-inicio-de-las-obras-del-acerado-accesible-del-eje-norte-sur","status":"publish","type":"post","link":"https:\/\/www.islantilla.es\/fr\/comunicado-visita-al-inicio-de-las-obras-del-acerado-accesible-del-eje-norte-sur\/","title":{"rendered":"Communiqu\u00e9 de presse \u2013 Visite du chantier de d\u00e9but des travaux du trottoir accessible le long de l&#039;axe nord-sud"},"content":{"rendered":"<h2 class=\"wp-block-heading\">Des repr\u00e9sentants institutionnels du Commonwealth d&#039;Islantilla visitent le d\u00e9but des travaux de construction du nouveau trottoir accessible pour la liaison nord-sud de ce centre touristique.<\/h2>\n\n\n\n<h3 class=\"wp-block-heading\"><em>Ce projet, dont l&#039;investissement s&#039;\u00e9l\u00e8ve \u00e0 498\u00a0521,60\u00a0\u20ac, est financ\u00e9 par l&#039;Union europ\u00e9enne via les fonds NextGenerationEU et sera achev\u00e9 d\u00e9but 2026.<\/em><\/h3>\n\n\n\n<p>D&#039;ici d\u00e9but 2026, la zone touristique d&#039;Islantilla b\u00e9n\u00e9ficiera de deux nouveaux trottoirs accessibles, facilitant ainsi les liaisons nord-sud dans cette enclave partag\u00e9e par les communes de Lepe et d&#039;Isla Cristina. Ces am\u00e9nagements interviendront une fois les travaux termin\u00e9s. Le lancement officiel de ce projet d&#039;envergure a \u00e9t\u00e9 marqu\u00e9 par la pr\u00e9sence de repr\u00e9sentants institutionnels des deux conseils municipaux. Ce projet repr\u00e9sente un investissement de 498\u00a0521,60\u00a0\u20ac, enti\u00e8rement financ\u00e9 par les fonds NextGenerationEU de l&#039;Union europ\u00e9enne et le plan de d\u00e9veloppement durable du tourisme \u2018\u00a0Entre vert et bleu\u00a0\u2019.<\/p>\n\n\n\n<p>Le vice-pr\u00e9sident ex\u00e9cutif du Commonwealth d&#039;Islantilla et premier adjoint au maire d&#039;Isla Cristina, Francisco Zamudio, a expliqu\u00e9 le contexte de cette action, rappelant que \u201c\u00a0lorsque ce projet d&#039;am\u00e9nagement urbain a vu le jour dans les ann\u00e9es 1990, il n&#039;existait encore aucun cadre r\u00e9glementaire sp\u00e9cifique concernant l&#039;accessibilit\u00e9 et la suppression des barri\u00e8res architecturales. Au contraire, la priorit\u00e9 \u00e9tait donn\u00e9e \u00e0 la pr\u00e9servation de l&#039;environnement naturel et \u00e0 l&#039;\u00e9vitement des trottoirs en b\u00e9ton, qui \u00e9taient d&#039;ailleurs les plus pratiques pour ceux qui venaient dans la r\u00e9gion pour jouer au golf avec leurs chaussures sp\u00e9ciales \u00e0 semelles crant\u00e9es. Aujourd&#039;hui, tout a chang\u00e9, tout comme les besoins de nos r\u00e9sidents, qui ont exig\u00e9 que nous adoptions un mod\u00e8le d&#039;urbanisme plus accessible. Avec cette intervention, nous avons r\u00e9pondu \u00e0 cette demande, que nous consid\u00e9rons comme l\u00e9gitime.\u00a0\u201d.<\/p>\n\n\n\n<p>Pour sa part, la maire adjointe de Lepe, Mariana Otero, d\u00e9l\u00e9gu\u00e9e aupr\u00e8s du Commonwealth, a annonc\u00e9 que \u201c ces travaux concerneront deux des principales routes reliant le nord et le sud d&#039;Islantilla, plus pr\u00e9cis\u00e9ment le Paseo del Golf, du centre commercial \u2018 La Hacienda \u2019 \u00e0 la Plaza Manuel Camacho, et le Paseo del Barranco del Moro qui se prolonge par le Paseo de la Vera jusqu&#039;au rond-point du Palais des Congr\u00e8s, de sorte que le Golf Club sera \u00e9galement reli\u00e9 au sud, desservant ainsi deux des principaux p\u00f4les d&#039;afflux de visiteurs vers notre destination. \u201d.<\/p>\n\n\n\n<p>L&#039;entreprise en charge de ce projet est TR Construya SLU, et la date limite d&#039;ach\u00e8vement est d\u00e9but 2026, date \u00e0 laquelle ces nouvelles routes devraient \u00eatre mises en service pour les r\u00e9sidents et les visiteurs.<\/p>\n\n\n\n<p>Le projet comprendra des travaux sur les arbres, le r\u00e9seau d&#039;\u00e9clairage public et l&#039;approvisionnement en eau, profitant des travaux pour am\u00e9liorer ces deux \u00e9l\u00e9ments et int\u00e9grer du mobilier urbain qui cr\u00e9era des aires de repos pour les pi\u00e9tons.<\/p>\n\n\n\n<p>L&#039;importance de cette action r\u00e9side dans le fait qu&#039;elle repr\u00e9sente une am\u00e9lioration pour la destination, car elle permettra une mobilit\u00e9 n\u00e9cessaire du point de vue du d\u00e9veloppement durable, offrant aux r\u00e9sidents et aux visiteurs une alternative aux transports motoris\u00e9s et ayant, par cons\u00e9quent, un impact direct sur l&#039;environnement, conform\u00e9ment \u00e0 l&#039;engagement d&#039;Islantilla en faveur du respect de l&#039;environnement, qui est toujours pr\u00e9sent dans ce projet.<\/p>\n\n\n\n<p>La construction de ces deux axes de trottoirs accessibles s&#039;ajoute au projet pilote d\u00e9j\u00e0 initi\u00e9 par l&#039;Association Islantilla avec ses propres fonds dans une partie du Paseo del Barranco del Moro, et repr\u00e9sente une synergie avec d&#039;autres actions incluses dans le Plan de d\u00e9veloppement durable, telles que l&#039;adaptation climatique d&#039;Islantilla, la cr\u00e9ation de la piste cyclable transversale entre Urbasur et La Antilla, le futur service de v\u00e9hicules \u00e9lectriques, l&#039;installation d&#039;aires de stationnement avec recharge pour scooters et v\u00e9los \u00e9lectriques, ainsi que le projet de revitalisation et de promotion des activit\u00e9s nautiques et du tourisme bleu.<\/p>\n\n\n\n<p>Le Plan de durabilit\u00e9 touristique de la destination \u2018 Entre vert et bleu \u2019, int\u00e9gr\u00e9 au Plan de relance, de transformation et de r\u00e9silience, est financ\u00e9 par l&#039;Union europ\u00e9enne via les fonds NextGenerationEU et repr\u00e9sente un investissement de 2\u00a0589\u00a0440 euros dans la zone d&#039;Islantilla, Lepe et Isla Cristina, canalis\u00e9 par le minist\u00e8re de l&#039;Industrie et du Tourisme du gouvernement espagnol et le minist\u00e8re du Tourisme, de la Culture et des Sports de la Junta de Andaluc\u00eda.<\/p>\n\n\n\n<p>Sa mise en \u0153uvre est assur\u00e9e par diff\u00e9rentes zones et d\u00e9partements du Commonwealth d&#039;Islantilla, en collaboration avec les conseils municipaux de Lepe et d&#039;Isla Cristina.<\/p>\n\n\n\n<figure class=\"wp-block-image size-large\"><img decoding=\"async\" src=\"https:\/\/www.islantilla.es\/wp-content\/uploads\/2025\/10\/PSTD-Comunicado-Visita-al-inicio-de-las-obras-del-acerado-accesible-del-eje-norte-sur-Islantilla-1024x576.jpg\" alt=\"Pstd comunicado visita al inicio de las obras del acerado accesible del eje norte sur islantilla\" class=\"wp-image-6323\"\/><\/figure>\n\n\n\n<figure class=\"wp-block-image size-large\"><img decoding=\"async\" src=\"https:\/\/www.islantilla.es\/wp-content\/uploads\/2025\/10\/PSTD-Comunicado-Visita-al-inicio-de-las-obras-del-acerado-accesible-del-eje-norte-sur-Islantilla-2-1024x576.jpg\" alt=\"Pstd comunicado visita al inicio de las obras del acerado accesible del eje norte sur islantilla 2\" class=\"wp-image-6324\"\/><\/figure>","protected":false},"excerpt":{"rendered":"<p>Representantes institucionales de la Mancomunidad de Islantilla visitan el inicio de las obras del nuevo acerado accesible para la conexi\u00f3n norte-sur de este n\u00facleo tur\u00edstico La intervenci\u00f3n, con inversi\u00f3n de 498.521,60 \u20ac, est\u00e1 financiada por la Uni\u00f3n Europea a trav\u00e9s de los Fondos NextGenerationEU, y estar\u00e1 concluida a principios de 2026 El n\u00facleo tur\u00edstico de [&hellip;]<\/p>\n","protected":false},"author":12,"featured_media":6324,"comment_status":"closed","ping_status":"open","sticky":false,"template":"","format":"standard","meta":{"slim_seo":{"title":"Comunicado - Visita al inicio de las obras del acerado accesible del eje norte - sur - Islantilla","description":"Representantes institucionales de la Mancomunidad de Islantilla visitan el inicio de las obras del nuevo acerado accesible para la conexi\u00f3n norte-sur de este n\u00fa"},"footnotes":""},"categories":[38],"tags":[],"class_list":["post-6322","post","type-post","status-publish","format-standard","has-post-thumbnail","hentry","category-pstd"],"_links":{"self":[{"href":"https:\/\/www.islantilla.es\/fr\/wp-json\/wp\/v2\/posts\/6322","targetHints":{"allow":["GET"]}}],"collection":[{"href":"https:\/\/www.islantilla.es\/fr\/wp-json\/wp\/v2\/posts"}],"about":[{"href":"https:\/\/www.islantilla.es\/fr\/wp-json\/wp\/v2\/types\/post"}],"author":[{"embeddable":true,"href":"https:\/\/www.islantilla.es\/fr\/wp-json\/wp\/v2\/users\/12"}],"replies":[{"embeddable":true,"href":"https:\/\/www.islantilla.es\/fr\/wp-json\/wp\/v2\/comments?post=6322"}],"version-history":[{"count":3,"href":"https:\/\/www.islantilla.es\/fr\/wp-json\/wp\/v2\/posts\/6322\/revisions"}],"predecessor-version":[{"id":6327,"href":"https:\/\/www.islantilla.es\/fr\/wp-json\/wp\/v2\/posts\/6322\/revisions\/6327"}],"wp:featuredmedia":[{"embeddable":true,"href":"https:\/\/www.islantilla.es\/fr\/wp-json\/wp\/v2\/media\/6324"}],"wp:attachment":[{"href":"https:\/\/www.islantilla.es\/fr\/wp-json\/wp\/v2\/media?parent=6322"}],"wp:term":[{"taxonomy":"category","embeddable":true,"href":"https:\/\/www.islantilla.es\/fr\/wp-json\/wp\/v2\/categories?post=6322"},{"taxonomy":"post_tag","embeddable":true,"href":"https:\/\/www.islantilla.es\/fr\/wp-json\/wp\/v2\/tags?post=6322"}],"curies":[{"name":"wp","href":"https:\/\/api.w.org\/{rel}","templated":true}]}}