{"id":5650,"date":"2025-05-15T18:06:28","date_gmt":"2025-05-15T16:06:28","guid":{"rendered":"https:\/\/www.islantilla.es\/?p=5650"},"modified":"2025-09-08T19:47:41","modified_gmt":"2025-09-08T17:47:41","slug":"comunicado-obras-de-la-nueva-plaza-entarimada-de-islantilla","status":"publish","type":"post","link":"https:\/\/www.islantilla.es\/fr\/comunicado-obras-de-la-nueva-plaza-entarimada-de-islantilla\/","title":{"rendered":"Communiqu\u00e9 de presse \u2013 Construction de la nouvelle place d&#039;Islantilla"},"content":{"rendered":"<h2 class=\"wp-block-heading\">Islantilla commence les travaux de cr\u00e9ation d&#039;une nouvelle place sur\u00e9lev\u00e9e en bois \u00e0 c\u00f4t\u00e9 de la promenade du front de mer pour abriter les services de sauvetage et de sauvetage.<\/h2>\n\n\n\n<h3 class=\"wp-block-heading\"><em>La construction, qui repr\u00e9sente un investissement de 298 749 \u20ac et couvrira une superficie de 530 m\u00b2, comprendra un espace sanitaire et une rampe d&#039;acc\u00e8s adapt\u00e9e \u00e0 la plage.<br><\/em><\/h3>\n\n\n\n<p>Le D\u00e9partement des Travaux Publics, de l&#039;Urbanisme et des Services de la Communaut\u00e9 d&#039;Islantilla a lanc\u00e9 les travaux de cr\u00e9ation d&#039;une nouvelle place en bois sur le c\u00f4t\u00e9 ouest de la place centrale de la promenade. Ce projet ambitieux fait partie du projet de r\u00e9novation de la plage, en cours depuis avril dernier et dont l&#039;ach\u00e8vement est pr\u00e9vu au printemps 2026. Le projet, d&#039;un investissement total d&#039;un million d&#039;euros, vise \u00e0 remodeler compl\u00e8tement le littoral de cette enclave c\u00f4ti\u00e8re partag\u00e9e par Lepe et Isla Cristina.<\/p>\n\n\n\n<p>La nouvelle place sur\u00e9lev\u00e9e sera une extension de la promenade du front de mer, occupant une superficie de 530 m\u00e8tres carr\u00e9s. Il comprendra \u00e0 la fois les services de sauveteur et de sauvetage, un espace sanitaire et une rampe adapt\u00e9e pour l&#039;acc\u00e8s \u00e0 la plage. Durant l&#039;\u00e9t\u00e9, des services de baignade assist\u00e9e pour les personnes \u00e0 mobilit\u00e9 r\u00e9duite seront propos\u00e9s, ainsi qu&#039;un espace ombrag\u00e9.<\/p>\n\n\n\n<p>Un total de 298 749 euros a \u00e9t\u00e9 allou\u00e9 \u00e0 ce projet, qui devrait \u00eatre achev\u00e9 au d\u00e9but de l&#039;\u00e9t\u00e9. Il s\u2019agira \u00e9galement de remplacer les anciens modules de sauvetage et de sauvetage par de nouvelles structures modernis\u00e9es. Cela les rendra plus visibles, accessibles et identifiables pour les utilisateurs, r\u00e9alisant ainsi l&#039;int\u00e9gration compl\u00e8te de ces \u00e9l\u00e9ments avec la zone de circulation pi\u00e9tonne de la promenade.<\/p>\n\n\n\n<p>La vice-pr\u00e9sidente de la communaut\u00e9 d&#039;Islantilla et adjointe au maire de Lepe, Mariana Otero, a exprim\u00e9 sa satisfaction \u00ab avec le d\u00e9but des travaux qui transformeront l&#039;un des endroits les plus fr\u00e9quent\u00e9s de notre destination, en ouvrant une nouvelle place sur la mer et en dotant la promenade de services am\u00e9lior\u00e9s pour nos visiteurs \u00bb.<\/p>\n\n\n\n<p>De son c\u00f4t\u00e9, le premier adjoint au maire d&#039;Isla Cristina et d\u00e9l\u00e9gu\u00e9 de l&#039;\u00eele aupr\u00e8s du Commonwealth, Francisco Zamudio, a soulign\u00e9 \u00ab l&#039;\u00e9norme effort que cette entit\u00e9 fait pour entreprendre un tel projet, qui, avec les autres interventions incluses dans ce projet, sera un catalyseur pour notre destination, la pla\u00e7ant une fois de plus \u00e0 l&#039;avant-garde qu&#039;elle a toujours repr\u00e9sent\u00e9e pour le reste de la c\u00f4te de Huelva \u00bb.<\/p>\n\n\n\n<p>Plus pr\u00e9cis\u00e9ment, le contrat du projet comprend la fourniture de cinq modules pr\u00e9fabriqu\u00e9s, dont deux abriteront les services de sauvetage et de sauvetage (salle de soins, service \u00e0 la client\u00e8le, zone de repos des sauveteurs, toilettes et espace d\u00e9tente), et trois autres qui abriteront des toilettes publiques (comprenant des douches et un vestiaire, s\u00e9par\u00e9s par sexe et avec des \u00e9l\u00e9ments adapt\u00e9s).<\/p>\n\n\n\n<p>\u00c0 tout cela s&#039;ajoute la construction d&#039;une plateforme sur\u00e9lev\u00e9e en bois avec une rampe de liaison \u00e0 la plage, de 3 m\u00e8tres de large et avec une pente maximale de 6%, selon le projet de base inclus dans les sp\u00e9cifications techniques du contrat.<\/p>\n\n\n\n<figure class=\"wp-block-image size-large\"><img decoding=\"async\" src=\"https:\/\/www.islantilla.es\/wp-content\/uploads\/2025\/05\/image-1024x682.png\" alt=\"Image\" class=\"wp-image-5651\"\/><\/figure>\n\n\n\n<figure class=\"wp-block-image size-large\"><img decoding=\"async\" src=\"https:\/\/www.islantilla.es\/wp-content\/uploads\/2025\/05\/image-1-1024x682.png\" alt=\"Image\" class=\"wp-image-5652\"\/><\/figure>\n\n\n\n<figure class=\"wp-block-image size-large\"><img decoding=\"async\" src=\"https:\/\/www.islantilla.es\/wp-content\/uploads\/2025\/05\/image-2-1024x576.png\" alt=\"Image\" class=\"wp-image-5653\"\/><\/figure>","protected":false},"excerpt":{"rendered":"<p>Islantilla inicia las obras para la creaci\u00f3n de una nueva plaza elevada en madera junto el paseo mar\u00edtimo para albergar los servicios de Salvamento y Socorrismo La construcci\u00f3n, que supone una inversi\u00f3n de 298.749 \u20ac y abarcar\u00e1 una superficie de 530 m\u00b2, incluir\u00e1 una zona de aseos y una rampa de acceso adaptado la playa [&hellip;]<\/p>\n","protected":false},"author":1,"featured_media":0,"comment_status":"closed","ping_status":"open","sticky":false,"template":"","format":"standard","meta":{"slim_seo":{"title":"Comunicado - Obras de la nueva plaza entarimada de Islantilla - Islantilla","description":"Islantilla commence les travaux de cr\u00e9ation d&#039;une nouvelle place sur\u00e9lev\u00e9e en bois \u00e0 c\u00f4t\u00e9 de la promenade du front de mer pour abriter les services de sauvetage et de sauvetage."},"footnotes":""},"categories":[2],"tags":[],"class_list":["post-5650","post","type-post","status-publish","format-standard","hentry","category-notas-de-prensa"],"_links":{"self":[{"href":"https:\/\/www.islantilla.es\/fr\/wp-json\/wp\/v2\/posts\/5650","targetHints":{"allow":["GET"]}}],"collection":[{"href":"https:\/\/www.islantilla.es\/fr\/wp-json\/wp\/v2\/posts"}],"about":[{"href":"https:\/\/www.islantilla.es\/fr\/wp-json\/wp\/v2\/types\/post"}],"author":[{"embeddable":true,"href":"https:\/\/www.islantilla.es\/fr\/wp-json\/wp\/v2\/users\/1"}],"replies":[{"embeddable":true,"href":"https:\/\/www.islantilla.es\/fr\/wp-json\/wp\/v2\/comments?post=5650"}],"version-history":[{"count":2,"href":"https:\/\/www.islantilla.es\/fr\/wp-json\/wp\/v2\/posts\/5650\/revisions"}],"predecessor-version":[{"id":5655,"href":"https:\/\/www.islantilla.es\/fr\/wp-json\/wp\/v2\/posts\/5650\/revisions\/5655"}],"wp:attachment":[{"href":"https:\/\/www.islantilla.es\/fr\/wp-json\/wp\/v2\/media?parent=5650"}],"wp:term":[{"taxonomy":"category","embeddable":true,"href":"https:\/\/www.islantilla.es\/fr\/wp-json\/wp\/v2\/categories?post=5650"},{"taxonomy":"post_tag","embeddable":true,"href":"https:\/\/www.islantilla.es\/fr\/wp-json\/wp\/v2\/tags?post=5650"}],"curies":[{"name":"wp","href":"https:\/\/api.w.org\/{rel}","templated":true}]}}