{"id":3904,"date":"2025-07-01T10:00:00","date_gmt":"2025-07-01T08:00:00","guid":{"rendered":"https:\/\/www.islantilla.es\/?p=3904"},"modified":"2025-04-29T21:49:22","modified_gmt":"2025-04-29T19:49:22","slug":"el-paseo-de-la-fama-de-islantilla","status":"publish","type":"post","link":"https:\/\/www.islantilla.es\/fr\/el-paseo-de-la-fama-de-islantilla\/","title":{"rendered":"Le Walk of Fame d&#039;Islantilla"},"content":{"rendered":"<div data-elementor-type=\"wp-post\" data-elementor-id=\"3904\" class=\"elementor elementor-3904\" data-elementor-post-type=\"post\">\n\t\t\t\t<div class=\"elementor-element elementor-element-614d69a e-flex e-con-boxed e-con e-parent\" data-id=\"614d69a\" data-element_type=\"container\" data-e-type=\"container\">\n\t\t\t\t\t<div class=\"e-con-inner\">\n\t\t\t\t<div class=\"elementor-element elementor-element-073f11c elementor-widget__width-initial elementor-widget elementor-widget-text-editor\" data-id=\"073f11c\" data-element_type=\"widget\" data-e-type=\"widget\" data-widget_type=\"text-editor.default\">\n\t\t\t\t\t\t\t\t\t<p>Les plaques, en marbre noir orn\u00e9es d&#039;une \u00e9toile de mer blanche, portent le nom de chaque laur\u00e9at, la distinction honorifique re\u00e7ue et l&#039;ann\u00e9e de leur distinction. Des plaques comm\u00e9moratives ont \u00e9t\u00e9 ajout\u00e9es ces derni\u00e8res ann\u00e9es, pour atteindre un total de 22 figures en 2024. Elles occuperont une place d&#039;honneur dans cette enclave c\u00f4ti\u00e8re de Huelva apr\u00e8s 25 ans d&#039;hommage au Septi\u00e8me Art.<\/p><p>Luis Ciges, \u00c1ngela Molina, Emilio Guti\u00e9rrez Caba, Juan Diego, Terele P\u00e1vez\u2026 ont \u00e9t\u00e9 parmi les premiers nombres d&#039;une longue liste de personnalit\u00e9s \u00e0 recevoir leur \u00e9toile de mer sur le Walk of Fame d&#039;Islantilla lors de l&#039;inauguration de cet espace d\u00e9di\u00e9 au cin\u00e9ma en 2017.<\/p><p>Sept ans plus tard, cet hommage \u00e0 ceux qui ont marqu\u00e9 le Festival du Film d&#039;Islantilla conna\u00eet un essor consid\u00e9rable avec l&#039;arriv\u00e9e de dix nouvelles stars sur ce boulevard. Toutes font partie de l&#039;histoire d&#039;un festival qui a su s&#039;adapter \u00e0 son \u00e9poque depuis sa cr\u00e9ation en 2000 sous le nom de Festival International du Film In\u00e9dit, et qui a su pr\u00e9server pendant de nombreuses ann\u00e9es l&#039;identit\u00e9 d&#039;Islantilla comme lieu de rencontre du secteur audiovisuel.<\/p><p>Depuis lors, de nombreuses autres stars de ce secteur ont foul\u00e9 le tapis rouge d&#039;Islantilla et ont \u00e9t\u00e9 progressivement incluses dans ce Walk of Fame, qui les immortalise \u00e0 jamais, cr\u00e9ant un lien permanent avec ceux qui vivent dans cette partie de la Costa de la Luz et ont la possibilit\u00e9 de prendre une photo avec l&#039;\u00e9toile comm\u00e9morative de ces artistes.<\/p><p><img fetchpriority=\"high\" decoding=\"async\" class=\"aligncenter wp-image-3906 size-full\" src=\"https:\/\/www.islantilla.es\/wp-content\/uploads\/2024\/11\/2019-08-23-Estrellas-Paseo-de-la-Fama-02.jpg\" alt=\"2019 08 23 Estrellas Paseo De La Fama 02\" width=\"1772\" height=\"1181\" \/><\/p><p>Les maires de Lepe et d&#039;Isla Cristina ont qualifi\u00e9 de \u00ab\u00a0bonne id\u00e9e d&#039;avoir un lieu comme celui-ci, car il s&#039;agit d&#039;un hommage, mais aussi d&#039;un rappel de l&#039;histoire du Festival, qui a r\u00e9uni des personnalit\u00e9s importantes de la culture cin\u00e9matographique et promu la marque Islantilla \u00e0 l&#039;\u00e9tranger. Preuve en est que, ann\u00e9e apr\u00e8s ann\u00e9e, l&#039;\u00e9v\u00e9nement attire des milliers de cr\u00e9ateurs audiovisuels du monde entier avec des \u0153uvres qui nous rapprochent d&#039;autres cultures, d&#039;autres fa\u00e7ons de comprendre la vie, et qui fa\u00e7onnent un Festival qui est l&#039;un des \u00e9v\u00e9nements culturels les plus importants de l&#039;\u00e9t\u00e9 de Huelva.\u00a0\u00bb<\/p><p>Ce projet, ouvert toute l&#039;ann\u00e9e, est en constante \u00e9volution et pr\u00e9voit des extensions pour les prochaines \u00e9ditions du Festival. Baptis\u00e9 International Moonlight Film Festival, il se d\u00e9roule pendant les mois d&#039;\u00e9t\u00e9, offrant ainsi un clin d&#039;\u0153il aux cin\u00e9philes, invit\u00e9s \u00e0 profiter des offres audiovisuelles les plus avant-gardistes dans le cadre id\u00e9al : la plage.<\/p><p>Une soir\u00e9e d\u00e9di\u00e9e aux meilleurs longs et courts m\u00e9trages du monde entier, projet\u00e9s en plein air pendant les mois de juillet et ao\u00fbt, lorsque la chaleur vous invite \u00e0 profiter des projections nocturnes et au clair de lune. Le tout est agr\u00e9ment\u00e9 de tables rondes, d&#039;expositions, de s\u00e9ances sp\u00e9ciales et d&#039;autres activit\u00e9s culturelles. Une fa\u00e7on ludique de d\u00e9couvrir la culture cin\u00e9matographique et les stars nationales et internationales du cin\u00e9ma.<\/p><p>Pour rester inform\u00e9 sur le festival du film, visitez le site Web de <span style=\"text-decoration: underline;\"><span style=\"color: #30a4bb; text-decoration: underline;\"><a style=\"color: #30a4bb; text-decoration: underline;\" href=\"https:\/\/www.islantilla.es\/fr\/programacioncultural\/\">\u00celetilla<\/a><\/span><\/span><\/p><p style=\"text-align: center;\"><span style=\"text-decoration: underline;\"><span style=\"color: #30a4bb;\"><a style=\"color: #30a4bb; text-decoration: underline;\" href=\"https:\/\/www.google.es\/search?q=islantilla+paseo+de+la+fama+youtube&amp;sca_esv=a459bda85fbf9e86&amp;sxsrf=ADLYWIIIdXjRYFWPV_NbT2Auqd1bj5k-DA%3A1728902578311&amp;ei=svUMZ6jJEryGxc8PqY2jyAM&amp;ved=0ahUKEwio6p-A2I2JAxU8Q_EDHanGCDkQ4dUDCA8&amp;uact=5&amp;oq=islantilla+paseo+de+la+fama+youtube&amp;gs_lp=Egxnd3Mtd2l6LXNlcnAiI2lzbGFudGlsbGEgcGFzZW8gZGUgbGEgZmFtYSB5b3V0dWJlMgUQIRigAUicHVDMBFiTGHABeACQAQCYAaUBoAHtCaoBAzAuObgBA8gBAPgBAZgCCaACqQnCAgkQABiwAxgIGB7CAgsQABiABBiwAxiiBMICBhAAGBYYHsICCBAAGIAEGKIEmAMAiAYBkAYEkgcDMS44oAfnGQ&amp;sclient=gws-wiz-serp#fpstate=ive&amp;vld=cid:03cca17c,vid:v280cnkzXjg,st:0\">Regardez \u00e9galement cette vid\u00e9o du Walk of Fame<\/a><\/span><\/span><br \/><br \/><\/p>\t\t\t\t\t\t\t\t<\/div>\n\t\t\t\t\t<\/div>\n\t\t\t\t<\/div>\n\t\t\t\t<\/div>","protected":false},"excerpt":{"rendered":"<p>Le Walk of Fame est le tron\u00e7on le plus c\u00e9l\u00e8bre et le plus visit\u00e9 d&#039;Hollywood Boulevard. Sur deux kilom\u00e8tres, les deux c\u00f4t\u00e9s de la rue sont marqu\u00e9s par les embl\u00e9matiques \u00e9toiles roses bord\u00e9es d&#039;or. Islantilla poss\u00e8de \u00e9galement son propre Walk of Fame, constell\u00e9 d&#039;\u00e9toiles. Situ\u00e9 au confluent du Paseo de Lepe et de la promenade maritime d&#039;Islantilla, dans une zone pi\u00e9tonne surplombant l&#039;oc\u00e9an Atlantique, c&#039;est un carrefour et un cadre idyllique qui invite les cin\u00e9philes \u00e0 la fl\u00e2nerie.<\/p>","protected":false},"author":1,"featured_media":3907,"comment_status":"closed","ping_status":"closed","sticky":false,"template":"","format":"standard","meta":{"slim_seo":{"title":"Le Walk of Fame d&#039;Islantilla","description":"Le Walk of Fame est le tron\u00e7on le plus c\u00e9l\u00e8bre et le plus visit\u00e9 d&#039;Hollywood Boulevard. Sur deux kilom\u00e8tres, les deux c\u00f4t\u00e9s de la rue sont marqu\u00e9s par les embl\u00e9matiques \u00e9toiles roses bord\u00e9es d&#039;or. Islantilla poss\u00e8de \u00e9galement son propre Walk of Fame, constell\u00e9 d&#039;\u00e9toiles. Situ\u00e9 au confluent du Paseo de Lepe et de la promenade maritime d&#039;Islantilla, dans une zone pi\u00e9tonne surplombant l&#039;oc\u00e9an Atlantique, c&#039;est un carrefour et un cadre idyllique qui invite les cin\u00e9philes \u00e0 la fl\u00e2nerie."},"footnotes":""},"categories":[33],"tags":[],"class_list":["post-3904","post","type-post","status-publish","format-standard","has-post-thumbnail","hentry","category-cultura"],"_links":{"self":[{"href":"https:\/\/www.islantilla.es\/fr\/wp-json\/wp\/v2\/posts\/3904","targetHints":{"allow":["GET"]}}],"collection":[{"href":"https:\/\/www.islantilla.es\/fr\/wp-json\/wp\/v2\/posts"}],"about":[{"href":"https:\/\/www.islantilla.es\/fr\/wp-json\/wp\/v2\/types\/post"}],"author":[{"embeddable":true,"href":"https:\/\/www.islantilla.es\/fr\/wp-json\/wp\/v2\/users\/1"}],"replies":[{"embeddable":true,"href":"https:\/\/www.islantilla.es\/fr\/wp-json\/wp\/v2\/comments?post=3904"}],"version-history":[{"count":6,"href":"https:\/\/www.islantilla.es\/fr\/wp-json\/wp\/v2\/posts\/3904\/revisions"}],"predecessor-version":[{"id":4181,"href":"https:\/\/www.islantilla.es\/fr\/wp-json\/wp\/v2\/posts\/3904\/revisions\/4181"}],"wp:featuredmedia":[{"embeddable":true,"href":"https:\/\/www.islantilla.es\/fr\/wp-json\/wp\/v2\/media\/3907"}],"wp:attachment":[{"href":"https:\/\/www.islantilla.es\/fr\/wp-json\/wp\/v2\/media?parent=3904"}],"wp:term":[{"taxonomy":"category","embeddable":true,"href":"https:\/\/www.islantilla.es\/fr\/wp-json\/wp\/v2\/categories?post=3904"},{"taxonomy":"post_tag","embeddable":true,"href":"https:\/\/www.islantilla.es\/fr\/wp-json\/wp\/v2\/tags?post=3904"}],"curies":[{"name":"wp","href":"https:\/\/api.w.org\/{rel}","templated":true}]}}