{"id":2980,"date":"2024-07-01T00:52:08","date_gmt":"2024-06-30T22:52:08","guid":{"rendered":"https:\/\/www.islantilla.es\/?p=2980"},"modified":"2025-04-29T21:39:53","modified_gmt":"2025-04-29T19:39:53","slug":"bienvenidos-a-la-costa-de-la-luz-en-islantilla","status":"publish","type":"post","link":"https:\/\/www.islantilla.es\/fr\/bienvenidos-a-la-costa-de-la-luz-en-islantilla\/","title":{"rendered":"Bienvenue sur la Costa de la Luz \u00e0 Islantilla"},"content":{"rendered":"<div data-elementor-type=\"wp-post\" data-elementor-id=\"2980\" class=\"elementor elementor-2980\" data-elementor-post-type=\"post\">\n\t\t\t\t<div class=\"elementor-element elementor-element-614d69a e-flex e-con-boxed e-con e-parent\" data-id=\"614d69a\" data-element_type=\"container\" data-e-type=\"container\">\n\t\t\t\t\t<div class=\"e-con-inner\">\n\t\t\t\t<div class=\"elementor-element elementor-element-beecba6 elementor-widget elementor-widget-text-editor\" data-id=\"beecba6\" data-element_type=\"widget\" data-e-type=\"widget\" data-widget_type=\"text-editor.default\">\n\t\t\t\t\t\t\t\t\t<p style=\"text-align: left;\"><strong>destination paradisiaque<\/strong><\/p><p><a href=\"https:\/\/www.islantilla.es\/fr\/\">\u00celetilla<\/a> C&#039;est une belle combinaison de lumi\u00e8re et de mer bleu azur \u00e0 la pointe de l&#039;Europe. Elle est situ\u00e9e sur la c\u00f4te andalouse dans les eaux de Huelva, face \u00e0 la fronti\u00e8re portugaise. Le climat merveilleux, la riche gastronomie et les r\u00e9serves naturelles imbattables en font une destination paradisiaque sur la route de l&#039;Algarve \u00e0 S\u00e9ville ; un jardin verdoyant au bord de l&#039;oc\u00e9an Atlantique. Un lieu o\u00f9 le soleil brille sur les traditions et la culture d&#039;une r\u00e9gion d&#039;o\u00f9 Colomb est parti \u00e0 la d\u00e9couverte du Nouveau Monde.<\/p><p>L&#039;histoire commence en 1755, lorsque le terrible tremblement de terre de Lisbonne a provoqu\u00e9 un tsunami qui a d\u00e9truit l&#039;immense zone c\u00f4ti\u00e8re qui comprenait les villes d&#039;Ayamonte, Lepe et La Redondela et l&#039;a entra\u00een\u00e9e vers la mer. Lorsque les eaux se retirent, de grands promontoires sablonneux avec des marais se forment sur le paysage plat. La mar\u00e9e montante et le retour des eaux vers la mer cr\u00e9ent une nouvelle flore et une nouvelle faune qui regorge de vie jour et nuit. Les Catalans et les Valenciens peuplent les nouvelles zones et, gr\u00e2ce \u00e0 leur esprit d&#039;entreprise, ils se consacrent \u00e0 la p\u00eache et \u00e0 la construction du port d&#039;Isla Cristina. Aujourd&#039;hui, Isla Cristina est l&#039;un des ports d&#039;approvisionnement en poisson frais les plus importants d&#039;Espagne. Les nouveaux colons profitent des marais en construisant des salines pour obtenir du sel afin que le poisson, une fois sal\u00e9, puisse \u00eatre correctement conserv\u00e9.<\/p>\t\t\t\t\t\t\t\t<\/div>\n\t\t\t\t<div class=\"elementor-element elementor-element-5067d8e elementor-widget__width-initial elementor-widget-mobile__width-initial elementor-widget elementor-widget-image\" data-id=\"5067d8e\" data-element_type=\"widget\" data-e-type=\"widget\" data-widget_type=\"image.default\">\n\t\t\t\t\t\t\t\t\t\t\t\t\t\t\t<img fetchpriority=\"high\" decoding=\"async\" width=\"1772\" height=\"1181\" src=\"https:\/\/www.islantilla.es\/wp-content\/uploads\/2024\/07\/Ciclistas-Marismas-del-Rio-Piedras.webp\" class=\"attachment-full size-full wp-image-2984\" alt=\"Ciclistas Marismas Del R\u00edo Piedras\" srcset=\"https:\/\/www.islantilla.es\/wp-content\/uploads\/2024\/07\/Ciclistas-Marismas-del-Rio-Piedras.webp 1772w, https:\/\/www.islantilla.es\/wp-content\/uploads\/2024\/07\/Ciclistas-Marismas-del-Rio-Piedras-300x200.webp 300w, https:\/\/www.islantilla.es\/wp-content\/uploads\/2024\/07\/Ciclistas-Marismas-del-Rio-Piedras-1024x682.webp 1024w, https:\/\/www.islantilla.es\/wp-content\/uploads\/2024\/07\/Ciclistas-Marismas-del-Rio-Piedras-768x512.webp 768w, https:\/\/www.islantilla.es\/wp-content\/uploads\/2024\/07\/Ciclistas-Marismas-del-Rio-Piedras-1536x1024.webp 1536w, https:\/\/www.islantilla.es\/wp-content\/uploads\/2024\/07\/Ciclistas-Marismas-del-Rio-Piedras-18x12.webp 18w\" sizes=\"(max-width: 1772px) 100vw, 1772px\" \/>\t\t\t\t\t\t\t\t\t\t\t\t\t\t\t<\/div>\n\t\t\t\t<div class=\"elementor-element elementor-element-073f11c elementor-widget elementor-widget-text-editor\" data-id=\"073f11c\" data-element_type=\"widget\" data-e-type=\"widget\" data-widget_type=\"text-editor.default\">\n\t\t\t\t\t\t\t\t\t<p style=\"text-align: left;\"><strong style=\"color: var( --e-global-color-text ); font-family: var( --e-global-typography-text-font-family ), Sans-serif; font-size: var( --e-global-typography-text-font-size ); text-align: justify; letter-spacing: 0px; word-spacing: 0em;\">La vie dans les marais<\/strong><\/p><p>Avec plus de 3 000 heures de soleil par an et une temp\u00e9rature moyenne de 22 degr\u00e9s, dans cette destination vous pourrez allier d\u00e9tente avec v\u00e9lo et randonn\u00e9e. Vous pouvez \u00e9galement pratiquer diverses activit\u00e9s nautiques et il y a un magnifique parcours de golf. Islantilla est une enclave c\u00f4ti\u00e8re appartenant aux villes de Lepe et Isla Cristina. La vie dans ce carrefour de marais tourne autour de la mer, qui est en mouvement constant vingt-quatre heures sur vingt-quatre. Les itin\u00e9raires cyclables et p\u00e9destres parcourent de larges bandes de plusieurs kilom\u00e8tres de sable doux et dor\u00e9, entour\u00e9es de dunes avec des for\u00eats de pins, aliment\u00e9es par les eaux cristallines de l&#039;oc\u00e9an Atlantique. Une grande partie de la c\u00f4te a \u00e9t\u00e9 d\u00e9clar\u00e9e Parcs ou Sites Naturels, ou R\u00e9serve Naturelle prot\u00e9g\u00e9e. Le r\u00e9sultat est des plages vierges, des dunes tranquilles et des sorties sur la mer et les rivi\u00e8res.<\/p><p>Une grande partie de la c\u00f4te ayant \u00e9t\u00e9 d\u00e9clar\u00e9e sous protection, il n\u2019y a pratiquement aucun b\u00e2timent le long du littoral. C&#039;est pourquoi vous trouverez des plages vierges, des dunes et de nombreuses bouches d&#039;eau et rivi\u00e8res. J&#039;ai d\u00e9cid\u00e9 de passer quelques jours \u00e0 v\u00e9lo le long de la c\u00f4te d&#039;Islantilla, la zone sud-ouest de Huelva qui borde le Portugal. Il est facilement accessible depuis S\u00e9ville en direction de la capitale Huelva, en laissant sur la droite la route nationale N341 en direction du Portugal. Pendant les mois de juillet et ao\u00fbt, il y a beaucoup d&#039;activit\u00e9 touristique locale, mais en dehors de cette p\u00e9riode, l&#039;environnement est merveilleusement calme.<\/p><p>Islantilla est la mer. Vivre de et avec la mer. C&#039;est pourquoi il existe plusieurs usines de conserves de poisson dans la r\u00e9gion. Il y a des centaines de thons argent\u00e9s brillants qui attendent d&#039;\u00eatre transform\u00e9s. Dans l\u2019Antiquit\u00e9, ces usines \u00e9taient des zones o\u00f9 le poisson \u00e9tait sal\u00e9 selon la m\u00eame proc\u00e9dure utilis\u00e9e par les Romains. De nos jours, seule la meilleure partie du thon est sal\u00e9e, appel\u00e9e mojama : la cr\u00e8me de thon, pour ainsi dire, un v\u00e9ritable d\u00e9lice.<\/p>\t\t\t\t\t\t\t\t<\/div>\n\t\t\t\t<div class=\"elementor-element elementor-element-428e360 elementor-widget__width-initial elementor-widget-mobile__width-initial elementor-widget elementor-widget-image\" data-id=\"428e360\" data-element_type=\"widget\" data-e-type=\"widget\" data-widget_type=\"image.default\">\n\t\t\t\t\t\t\t\t\t\t\t\t\t\t\t<img decoding=\"async\" width=\"1772\" height=\"1181\" src=\"https:\/\/www.islantilla.es\/wp-content\/uploads\/2024\/07\/Playa-del-Cantil.webp\" class=\"attachment-full size-full wp-image-2982\" alt=\"Playa Del Cantil de Isla Cristina\" srcset=\"https:\/\/www.islantilla.es\/wp-content\/uploads\/2024\/07\/Playa-del-Cantil.webp 1772w, https:\/\/www.islantilla.es\/wp-content\/uploads\/2024\/07\/Playa-del-Cantil-300x200.webp 300w, https:\/\/www.islantilla.es\/wp-content\/uploads\/2024\/07\/Playa-del-Cantil-1024x682.webp 1024w, https:\/\/www.islantilla.es\/wp-content\/uploads\/2024\/07\/Playa-del-Cantil-768x512.webp 768w, https:\/\/www.islantilla.es\/wp-content\/uploads\/2024\/07\/Playa-del-Cantil-1536x1024.webp 1536w, https:\/\/www.islantilla.es\/wp-content\/uploads\/2024\/07\/Playa-del-Cantil-18x12.webp 18w\" sizes=\"(max-width: 1772px) 100vw, 1772px\" \/>\t\t\t\t\t\t\t\t\t\t\t\t\t\t\t<\/div>\n\t\t\t\t<div class=\"elementor-element elementor-element-88ca830 elementor-widget elementor-widget-text-editor\" data-id=\"88ca830\" data-element_type=\"widget\" data-e-type=\"widget\" data-widget_type=\"text-editor.default\">\n\t\t\t\t\t\t\t\t\t<p style=\"text-align: left;\"><strong style=\"color: var( --e-global-color-text ); font-family: var( --e-global-typography-text-font-family ), Sans-serif; font-size: var( --e-global-typography-text-font-size ); text-align: justify; letter-spacing: 0px; word-spacing: 0em;\">Questions pratiques<\/strong><\/p><p>Diverses populations dispers\u00e9es composent les environs du <a href=\"https:\/\/www.islantilla.es\/fr\/nuestro-entorno\/\">Commonwealth d&#039;Islantilla<\/a>; Lepe, Isla Cristina, La Redondela, Urbasur, Pozo del Camino et La Antilla. Islantilla est accessible via S\u00e9ville en direction de la capitale Huelva, en suivant la route principale menant au Portugal. Cette autoroute \u00e0 deux voies est l\u2019\u00e9l\u00e9ment vital du tourisme local ; Tr\u00e8s fr\u00e9quent\u00e9 en juillet et ao\u00fbt, mais merveilleusement calme les mois restants. Un espace cyclable id\u00e9al et assez plat pour des itin\u00e9raires empruntant de bonnes pistes cyclables, une Voie Verte mais aussi de beaux itin\u00e9raires VTT.<\/p><p>Pour passer la nuit, il existe un large choix de <a href=\"https:\/\/www.islantilla.es\/fr\/alojamiento\/\">h\u00f4tels et appartements<\/a>. Il y a deux campings entre Isla Cristina et La Antilla. Il y a aussi une aire de camping-car parfaitement entretenue, situ\u00e9e directement sur la Via Verde, avec une belle vue sur les marais.<\/p>\t\t\t\t\t\t\t\t<\/div>\n\t\t\t\t<div class=\"elementor-element elementor-element-d923195 elementor-widget__width-initial elementor-widget-mobile__width-initial elementor-widget elementor-widget-image\" data-id=\"d923195\" data-element_type=\"widget\" data-e-type=\"widget\" data-widget_type=\"image.default\">\n\t\t\t\t\t\t\t\t\t\t\t\t\t\t\t<img decoding=\"async\" width=\"800\" height=\"600\" src=\"https:\/\/www.islantilla.es\/wp-content\/uploads\/2024\/07\/IMG20230410163957-1024x768.webp\" class=\"attachment-large size-large wp-image-2983\" alt=\"Oppo 2\" srcset=\"https:\/\/www.islantilla.es\/wp-content\/uploads\/2024\/07\/IMG20230410163957-1024x768.webp 1024w, https:\/\/www.islantilla.es\/wp-content\/uploads\/2024\/07\/IMG20230410163957-300x225.webp 300w, https:\/\/www.islantilla.es\/wp-content\/uploads\/2024\/07\/IMG20230410163957-768x576.webp 768w, https:\/\/www.islantilla.es\/wp-content\/uploads\/2024\/07\/IMG20230410163957-1536x1152.webp 1536w, https:\/\/www.islantilla.es\/wp-content\/uploads\/2024\/07\/IMG20230410163957-16x12.webp 16w, https:\/\/www.islantilla.es\/wp-content\/uploads\/2024\/07\/IMG20230410163957.webp 1772w\" sizes=\"(max-width: 800px) 100vw, 800px\" \/>\t\t\t\t\t\t\t\t\t\t\t\t\t\t\t<\/div>\n\t\t\t\t\t<\/div>\n\t\t\t\t<\/div>\n\t\t\t\t<\/div>","protected":false},"excerpt":{"rendered":"<p>Les plages de la Costa de la Luz, dans la province de Huelva, sont consid\u00e9r\u00e9es comme parmi les plus belles d&#039;Espagne et m\u00eame d&#039;Europe. Vous trouverez de larges bandes de sable dor\u00e9, longues de plusieurs kilom\u00e8tres, entour\u00e9es de dunes avec des for\u00eats de pins aliment\u00e9es par les eaux cristallines de l&#039;oc\u00e9an Atlantique.<\/p>","protected":false},"author":1,"featured_media":2981,"comment_status":"closed","ping_status":"closed","sticky":false,"template":"","format":"standard","meta":{"slim_seo":{"title":"Bienvenue sur la Costa de la Luz \u00e0 Islantilla","description":"Se dice que las playas de la Costa de la Luz en la provincia de Huelva se encuentran entre las m\u00e1s bellas de Espa\u00f1a e incluso de Europa. Encontrar\u00e1s amplias y k"},"footnotes":""},"categories":[34],"tags":[],"class_list":["post-2980","post","type-post","status-publish","format-standard","has-post-thumbnail","hentry","category-entorno"],"_links":{"self":[{"href":"https:\/\/www.islantilla.es\/fr\/wp-json\/wp\/v2\/posts\/2980","targetHints":{"allow":["GET"]}}],"collection":[{"href":"https:\/\/www.islantilla.es\/fr\/wp-json\/wp\/v2\/posts"}],"about":[{"href":"https:\/\/www.islantilla.es\/fr\/wp-json\/wp\/v2\/types\/post"}],"author":[{"embeddable":true,"href":"https:\/\/www.islantilla.es\/fr\/wp-json\/wp\/v2\/users\/1"}],"replies":[{"embeddable":true,"href":"https:\/\/www.islantilla.es\/fr\/wp-json\/wp\/v2\/comments?post=2980"}],"version-history":[{"count":9,"href":"https:\/\/www.islantilla.es\/fr\/wp-json\/wp\/v2\/posts\/2980\/revisions"}],"predecessor-version":[{"id":3009,"href":"https:\/\/www.islantilla.es\/fr\/wp-json\/wp\/v2\/posts\/2980\/revisions\/3009"}],"wp:featuredmedia":[{"embeddable":true,"href":"https:\/\/www.islantilla.es\/fr\/wp-json\/wp\/v2\/media\/2981"}],"wp:attachment":[{"href":"https:\/\/www.islantilla.es\/fr\/wp-json\/wp\/v2\/media?parent=2980"}],"wp:term":[{"taxonomy":"category","embeddable":true,"href":"https:\/\/www.islantilla.es\/fr\/wp-json\/wp\/v2\/categories?post=2980"},{"taxonomy":"post_tag","embeddable":true,"href":"https:\/\/www.islantilla.es\/fr\/wp-json\/wp\/v2\/tags?post=2980"}],"curies":[{"name":"wp","href":"https:\/\/api.w.org\/{rel}","templated":true}]}}