{"id":842,"date":"2024-04-23T13:33:03","date_gmt":"2024-04-23T11:33:03","guid":{"rendered":"http:\/\/www.islantilla.es\/festivalartesyletras\/?p=842"},"modified":"2025-04-02T13:56:28","modified_gmt":"2025-04-02T11:56:28","slug":"la-orilla-de-nazaret-chia-hoyo-y-ciudad-olvido-de-marhorno-garcia-se-alzan-con-el-premio-del-concurso-literariodel-iii-festival-de-las-artes-y-las-letras-de-islantilla","status":"publish","type":"post","link":"https:\/\/www.islantilla.es\/festivalartesyletras\/index.php\/2024\/04\/23\/la-orilla-de-nazaret-chia-hoyo-y-ciudad-olvido-de-marhorno-garcia-se-alzan-con-el-premio-del-concurso-literariodel-iii-festival-de-las-artes-y-las-letras-de-islantilla\/","title":{"rendered":"La Orilla, de Nazaret Ch\u00eda Hoyo, y Ciudad Olvido, de Mar Horno Garc\u00eda, se alzan con el Premio del Concurso Literario del III Festival de las Artes y las Letras de Islantilla"},"content":{"rendered":"<p style=\"text-align: justify;\">Ambas obras han competido en las categor\u00edas de Poes\u00eda y Microrrelato respectivamente<\/p>\n<p style=\"text-align: justify;\">La galer\u00eda del Centro Activo de Islantilla ha acogido esta ma\u00f1ana la lectura del palmar\u00e9s de las categor\u00edas de Poes\u00eda y Microrrelato del concurso literario integrado en el III Festival de las Artes y las Letras de Islantilla, y en el que han resultado ganadoras las obras La Orilla, de Nazaret Ch\u00eda Hoyo, y Ciudad Olvido, de Mar Horno Garc\u00eda.<\/p>\n<p><a href=\"https:\/\/www.islantilla.es\/festivalartesyletras\/wp-content\/uploads\/2024\/04\/2024-04-23-Lectura-del-Palmares-del-concurso-literario-del-III-Festival-de-las-Arte-02.jpg\"><img loading=\"lazy\" decoding=\"async\" class=\"alignnone wp-image-845 size-large\" src=\"https:\/\/www.islantilla.es\/festivalartesyletras\/wp-content\/uploads\/2024\/04\/2024-04-23-Lectura-del-Palmares-del-concurso-literario-del-III-Festival-de-las-Arte-02-1024x682.jpg\" alt=\"\" width=\"584\" height=\"389\" srcset=\"https:\/\/www.islantilla.es\/festivalartesyletras\/wp-content\/uploads\/2024\/04\/2024-04-23-Lectura-del-Palmares-del-concurso-literario-del-III-Festival-de-las-Arte-02-1024x682.jpg 1024w, https:\/\/www.islantilla.es\/festivalartesyletras\/wp-content\/uploads\/2024\/04\/2024-04-23-Lectura-del-Palmares-del-concurso-literario-del-III-Festival-de-las-Arte-02-300x200.jpg 300w, https:\/\/www.islantilla.es\/festivalartesyletras\/wp-content\/uploads\/2024\/04\/2024-04-23-Lectura-del-Palmares-del-concurso-literario-del-III-Festival-de-las-Arte-02-768x512.jpg 768w, https:\/\/www.islantilla.es\/festivalartesyletras\/wp-content\/uploads\/2024\/04\/2024-04-23-Lectura-del-Palmares-del-concurso-literario-del-III-Festival-de-las-Arte-02-1536x1024.jpg 1536w, https:\/\/www.islantilla.es\/festivalartesyletras\/wp-content\/uploads\/2024\/04\/2024-04-23-Lectura-del-Palmares-del-concurso-literario-del-III-Festival-de-las-Arte-02-450x300.jpg 450w, https:\/\/www.islantilla.es\/festivalartesyletras\/wp-content\/uploads\/2024\/04\/2024-04-23-Lectura-del-Palmares-del-concurso-literario-del-III-Festival-de-las-Arte-02.jpg 1772w\" sizes=\"auto, (max-width: 584px) 100vw, 584px\" \/><\/a><\/p>\n<p style=\"text-align: justify;\">El acto ha contado con la intervenci\u00f3n de la poetisa Eva Vaz en calidad de portavoz del jurado de este certamen, compuesto adem\u00e1s por la tambi\u00e9n poetisa Estela Rengel y por la novelista Xenia Garc\u00eda. En la lectura del acta, Vaz ha destacado de La Orilla su \u201ccontenido social, que subraya la terrible situaci\u00f3n de los balseros migrantes que arriban a la costa, muchos de ellos ahogados en el mismo mar que los occidentales disfrutamos desde otro punto de vista muy distinto\u201d. Con respecto a Ciudad Olvido, el jurado ha resaltado \u201csu perfecta estructura y precisi\u00f3n, as\u00ed como el mensaje y poes\u00eda de lo narrado, su originalidad y su sello particular\u201d.<\/p>\n<p style=\"text-align: justify;\">A este concurso literario se ha inscrito un total de 503 obras (231 poemas y 272 microrrelatos) de una veintena de nacionalidades: Alemania, Argentina, Bolivia, Canad\u00e1, Chile, Colombia, Cuba, El Salvador, Espa\u00f1a, Estados Unidos, Francia, Gran Breta\u00f1a, Honduras, Italia, M\u00e9xico, Paraguay, Per\u00fa, Rep\u00fablica Dominicana, Uruguay y Venezuela.<\/p>\n<p><!--more--><\/p>\n<p><a href=\"https:\/\/www.islantilla.es\/festivalartesyletras\/wp-content\/uploads\/2024\/04\/2024-04-23-Lectura-del-Palmares-del-concurso-literario-del-III-Festival-de-las-Arte-01.jpg\"><img loading=\"lazy\" decoding=\"async\" class=\"alignnone wp-image-844 size-large\" src=\"https:\/\/www.islantilla.es\/festivalartesyletras\/wp-content\/uploads\/2024\/04\/2024-04-23-Lectura-del-Palmares-del-concurso-literario-del-III-Festival-de-las-Arte-01-1024x682.jpg\" alt=\"\" width=\"584\" height=\"389\" srcset=\"https:\/\/www.islantilla.es\/festivalartesyletras\/wp-content\/uploads\/2024\/04\/2024-04-23-Lectura-del-Palmares-del-concurso-literario-del-III-Festival-de-las-Arte-01-1024x682.jpg 1024w, https:\/\/www.islantilla.es\/festivalartesyletras\/wp-content\/uploads\/2024\/04\/2024-04-23-Lectura-del-Palmares-del-concurso-literario-del-III-Festival-de-las-Arte-01-300x200.jpg 300w, https:\/\/www.islantilla.es\/festivalartesyletras\/wp-content\/uploads\/2024\/04\/2024-04-23-Lectura-del-Palmares-del-concurso-literario-del-III-Festival-de-las-Arte-01-768x512.jpg 768w, https:\/\/www.islantilla.es\/festivalartesyletras\/wp-content\/uploads\/2024\/04\/2024-04-23-Lectura-del-Palmares-del-concurso-literario-del-III-Festival-de-las-Arte-01-1536x1024.jpg 1536w, https:\/\/www.islantilla.es\/festivalartesyletras\/wp-content\/uploads\/2024\/04\/2024-04-23-Lectura-del-Palmares-del-concurso-literario-del-III-Festival-de-las-Arte-01-450x300.jpg 450w, https:\/\/www.islantilla.es\/festivalartesyletras\/wp-content\/uploads\/2024\/04\/2024-04-23-Lectura-del-Palmares-del-concurso-literario-del-III-Festival-de-las-Arte-01.jpg 1772w\" sizes=\"auto, (max-width: 584px) 100vw, 584px\" \/><\/a><\/p>\n<p style=\"text-align: justify;\">La tercera categor\u00eda del concurso literario, la correspondiente a nanorrelatos y que se desarrolla en redes sociales, qued\u00f3 abierta ayer coincidiendo con la inauguraci\u00f3n del Festival, y los m\u00e1s audaces podr\u00e1n participar en ella hasta las 12:00 horas del s\u00e1bado 27 de abril, d\u00e1ndose a conocer su palmar\u00e9s a partir de la semana que viene.<\/p>\n<p style=\"text-align: justify;\">Se trata de una categor\u00eda nueva que va dirigida sobre todo a los m\u00e1s j\u00f3venes, para introducirles en la creaci\u00f3n literaria e incorporar nuevos formatos m\u00e1s din\u00e1micos y menos reglados al desarrollo de este certamen.<\/p>\n","protected":false},"excerpt":{"rendered":"<p>Ambas obras han competido en las categor\u00edas de Poes\u00eda y Microrrelato respectivamente La galer\u00eda del Centro Activo de Islantilla ha acogido esta ma\u00f1ana la lectura del palmar\u00e9s de las categor\u00edas &hellip; <\/p>\n","protected":false},"author":2,"featured_media":845,"comment_status":"open","ping_status":"open","sticky":false,"template":"","format":"standard","meta":{"footnotes":""},"categories":[1],"tags":[],"class_list":["post-842","post","type-post","status-publish","format-standard","has-post-thumbnail","hentry","category-sin-categoria"],"_links":{"self":[{"href":"https:\/\/www.islantilla.es\/festivalartesyletras\/index.php\/wp-json\/wp\/v2\/posts\/842","targetHints":{"allow":["GET"]}}],"collection":[{"href":"https:\/\/www.islantilla.es\/festivalartesyletras\/index.php\/wp-json\/wp\/v2\/posts"}],"about":[{"href":"https:\/\/www.islantilla.es\/festivalartesyletras\/index.php\/wp-json\/wp\/v2\/types\/post"}],"author":[{"embeddable":true,"href":"https:\/\/www.islantilla.es\/festivalartesyletras\/index.php\/wp-json\/wp\/v2\/users\/2"}],"replies":[{"embeddable":true,"href":"https:\/\/www.islantilla.es\/festivalartesyletras\/index.php\/wp-json\/wp\/v2\/comments?post=842"}],"version-history":[{"count":4,"href":"https:\/\/www.islantilla.es\/festivalartesyletras\/index.php\/wp-json\/wp\/v2\/posts\/842\/revisions"}],"predecessor-version":[{"id":1223,"href":"https:\/\/www.islantilla.es\/festivalartesyletras\/index.php\/wp-json\/wp\/v2\/posts\/842\/revisions\/1223"}],"wp:featuredmedia":[{"embeddable":true,"href":"https:\/\/www.islantilla.es\/festivalartesyletras\/index.php\/wp-json\/wp\/v2\/media\/845"}],"wp:attachment":[{"href":"https:\/\/www.islantilla.es\/festivalartesyletras\/index.php\/wp-json\/wp\/v2\/media?parent=842"}],"wp:term":[{"taxonomy":"category","embeddable":true,"href":"https:\/\/www.islantilla.es\/festivalartesyletras\/index.php\/wp-json\/wp\/v2\/categories?post=842"},{"taxonomy":"post_tag","embeddable":true,"href":"https:\/\/www.islantilla.es\/festivalartesyletras\/index.php\/wp-json\/wp\/v2\/tags?post=842"}],"curies":[{"name":"wp","href":"https:\/\/api.w.org\/{rel}","templated":true}]}}