{"id":1240,"date":"2025-04-03T08:23:15","date_gmt":"2025-04-03T06:23:15","guid":{"rendered":"https:\/\/www.islantilla.es\/festivalartesyletras\/?p=1240"},"modified":"2025-04-04T10:03:55","modified_gmt":"2025-04-04T08:03:55","slug":"el-iv-concurso-letras-de-islantilla-cierra-el-plazo-de-participacion-con-la-presentacion-de-un-total-de-617-textos-presentados","status":"publish","type":"post","link":"https:\/\/www.islantilla.es\/festivalartesyletras\/index.php\/2025\/04\/03\/el-iv-concurso-letras-de-islantilla-cierra-el-plazo-de-participacion-con-la-presentacion-de-un-total-de-617-textos-presentados\/","title":{"rendered":"El IV Concurso \u2018Letras de Islantilla\u2019 cierra el plazo de participaci\u00f3n con la presentaci\u00f3n de un total de 617 textos presentados"},"content":{"rendered":"<p style=\"text-align: justify;\"><span style=\"font-family: Verdana, sans-serif;\"><span style=\"font-size: small;\">Alemania, Argentina, B\u00e9lgica, Brasil, Colombia, Costa Rica, Cuba, Chile, Ecuador, Espa\u00f1a, Estados Unidos, Francia, Honduras, Italia, M\u00e9xico, Per\u00fa, Portugal, Rep\u00fablica Dominicana, Ruman\u00eda, Uruguay y Venezuela son las 21 nacionalidades que se encuentran entre los participantes de esta cuarta edici\u00f3n, en la que se consagra la dimensi\u00f3n internacional del certamen.<\/span><\/span><\/p>\n<p style=\"text-align: justify;\"><span style=\"font-family: Verdana, sans-serif;\"><span style=\"font-size: small;\">El pr\u00f3ximo d\u00eda 23 de abril, coincidiendo con la celebraci\u00f3n del D\u00eda del Libro, el jurado dar\u00e1 a conocer su fallo, en las modalidades de microrrelato y poes\u00eda, respectivamente. <\/span><\/span><\/p>\n<p style=\"text-align: justify;\"><span style=\"font-family: Verdana, sans-serif;\"><span style=\"font-size: small;\">Para la edici\u00f3n 2025 del certamen el jurado est\u00e1 compuesto por Mar Horno, Nazaret Ch\u00eda y Salvador Campos, acreditados por sus respectivas trayectorias profesionales. <\/span><\/span><\/p>\n<p align=\"justify\"><strong><span style=\"font-family: Verdana, sans-serif;\"><span style=\"font-size: small;\">Mar Horno<\/span><\/span><\/strong><\/p>\n<p style=\"text-align: justify;\" align=\"justify\"><span style=\"font-family: Verdana, sans-serif;\"><span style=\"font-size: small;\">Mar Horno Garc\u00eda (Torredonjimeno, Ja\u00e9n, 1970), es licenciada en Documentaci\u00f3n por la Universidad de Granada y trabaja como documentalista audiovisual en Canal Sur, la Radio Televisi\u00f3n P\u00fablica de Andaluc\u00eda.<\/span><\/span><\/p>\n<p style=\"text-align: justify;\" align=\"justify\"><span style=\"font-family: Verdana, sans-serif;\"><span style=\"font-size: small;\"><a href=\"https:\/\/www.islantilla.es\/festivalartesyletras\/wp-content\/uploads\/2025\/03\/Foto-Mar-Horno-scaled.jpg\"><img loading=\"lazy\" decoding=\"async\" class=\"alignright wp-image-1123 size-medium\" src=\"https:\/\/www.islantilla.es\/festivalartesyletras\/wp-content\/uploads\/2025\/03\/Foto-Mar-Horno-200x300.jpg\" alt=\"\" width=\"200\" height=\"300\" srcset=\"https:\/\/www.islantilla.es\/festivalartesyletras\/wp-content\/uploads\/2025\/03\/Foto-Mar-Horno-200x300.jpg 200w, https:\/\/www.islantilla.es\/festivalartesyletras\/wp-content\/uploads\/2025\/03\/Foto-Mar-Horno-683x1024.jpg 683w, https:\/\/www.islantilla.es\/festivalartesyletras\/wp-content\/uploads\/2025\/03\/Foto-Mar-Horno-768x1152.jpg 768w, https:\/\/www.islantilla.es\/festivalartesyletras\/wp-content\/uploads\/2025\/03\/Foto-Mar-Horno-1024x1536.jpg 1024w, https:\/\/www.islantilla.es\/festivalartesyletras\/wp-content\/uploads\/2025\/03\/Foto-Mar-Horno-1365x2048.jpg 1365w, https:\/\/www.islantilla.es\/festivalartesyletras\/wp-content\/uploads\/2025\/03\/Foto-Mar-Horno-scaled.jpg 1707w\" sizes=\"auto, (max-width: 200px) 100vw, 200px\" \/><\/a>Lectora empedernida desde que era una ni\u00f1a, descubri\u00f3 el microrrelato en 2011 y qued\u00f3 fascinada por el g\u00e9nero breve. Despu\u00e9s de realizar varios talleres de microrrelato, abri\u00f3 su propio blog en internet llamado Maremotos y public\u00f3 sus primeros escritos. Ha ganado multitud de premios entre los que destacan La Microbiblioteca, Relatos de viajes de La Ser, Fundaci\u00f3n Germ\u00e1n S\u00e1nchez Ruip\u00e9rez, Trabajar en Documentaci\u00f3n de la Universidad de Salamanca, Purorrelato de Casa de \u00c1frica, Premio Molino Bonaco, Premio de microrrelato Ba\u00f1os de la Encina, Abecedario Solidario de la Universidad de Ja\u00e9n, Premio de Relato Corto Villa de Sabiote, Premio de Microrrelato Antonio Garrido, Premio EMT Madrid, el Premio de Microrrelato Iasa Ascensores, Premio de relato sobre olivar, aceite de oliva y oleoturismo de Masquecuentos o Premio de microrrelato \u201cLetras de Islantilla\u201d, entre otros.<\/span><\/span><\/p>\n<p style=\"text-align: justify;\" align=\"justify\"><span style=\"font-family: Verdana, sans-serif;\"><span style=\"font-size: small;\">Sus textos aparecen en importantes antolog\u00edas del g\u00e9nero como Los pescadores de perlas, De Antolog\u00eda la logia del microrrelato o Un tiempo breve. Tambi\u00e9n en medios digitales como Amanece Metr\u00f3polis o Liebre por gato de Infolibre, as\u00ed como en prestigiosas revistas como Quimera o Revista Litoral.<\/span><\/span><\/p>\n<p style=\"text-align: justify;\" align=\"justify\"><span style=\"font-family: Verdana, sans-serif;\"><span style=\"font-size: small;\">Public\u00f3 en 2012 su primer libro de microrrelatos, \u201cPrecipicios habitados\u201d, con la Editorial Talentura, que qued\u00f3 entre los cinco finalistas de los Premios de Narrativa \u201cCiudad de Alcal\u00e1\u201d del Ayuntamiento de Alcal\u00e1 de Henares (Madrid).<\/span><\/span><\/p>\n<p style=\"text-align: justify;\" align=\"justify\"><span style=\"font-family: Verdana, sans-serif;\"><span style=\"font-size: small;\">En febrero de 2022 public\u00f3 su segundo libro, \u201cN\u00e1ufragos del Oc\u00e9ano \u00cdndigo\u201d con la editorial Bulul\u00fa, que fue seleccionado como finalista del Premio Setenil al mejor libro de relato publicado en Espa\u00f1a en 2022.<\/span><\/span><\/p>\n<p style=\"text-align: justify;\" align=\"justify\"><span style=\"font-family: Verdana, sans-serif;\"><span style=\"font-size: small;\">Recientemente ha recibido el Premio Tiflos de Cuento, convocado anualmente por la ONCE.<\/span><\/span><\/p>\n<p align=\"justify\"><strong><span style=\"font-family: Verdana, sans-serif;\"><span style=\"font-size: small;\">Nazaret Ch\u00eda<\/span><\/span><\/strong><\/p>\n<p style=\"text-align: justify;\" align=\"justify\"><span style=\"font-family: Verdana, sans-serif;\"><span style=\"font-size: small;\">Nazaret Ch\u00eda Hoyo (\u00c9cija, Sevilla 1982) Desde ni\u00f1a tuvo un gran inter\u00e9s por la literatura y la pintura. Escribe poes\u00eda, relatos y microrrelatos, y publica temas relacionados con la literatura en la cuenta de IG @con_papelytinta.<\/span><\/span><\/p>\n<p style=\"text-align: justify;\" align=\"justify\"><span style=\"font-family: Verdana, sans-serif;\"><span style=\"font-size: small;\"><a href=\"https:\/\/www.islantilla.es\/festivalartesyletras\/wp-content\/uploads\/2025\/03\/FOTO-Nazaret-2.jpg\"><img loading=\"lazy\" decoding=\"async\" class=\"alignleft wp-image-1137 size-medium\" src=\"https:\/\/www.islantilla.es\/festivalartesyletras\/wp-content\/uploads\/2025\/03\/FOTO-Nazaret-2-260x300.jpg\" alt=\"\" width=\"260\" height=\"300\" srcset=\"https:\/\/www.islantilla.es\/festivalartesyletras\/wp-content\/uploads\/2025\/03\/FOTO-Nazaret-2-260x300.jpg 260w, https:\/\/www.islantilla.es\/festivalartesyletras\/wp-content\/uploads\/2025\/03\/FOTO-Nazaret-2.jpg 334w\" sizes=\"auto, (max-width: 260px) 100vw, 260px\" \/><\/a>Ha sido seleccionada y premiada en diversos concursos, entre los que se pueden destacar: el concurso \u2018Letras de Islantilla\u2019 en la modalidad de Poes\u00eda, el Concurso de Relatos Breves \u2018Guadalupe Gonz\u00e1lez Fern\u00e1ndez\u2019 y el Concurso de Poes\u00eda de la Consejer\u00eda de Econom\u00eda, Hacienda y Fondos Europeos de la Junta de Andaluc\u00eda.<\/span><\/span><\/p>\n<p style=\"text-align: justify;\" align=\"justify\"><span style=\"font-family: Verdana, sans-serif;\"><span style=\"font-size: small;\">Sus poemas han sido publicados en la revista <\/span><\/span><em><span style=\"font-family: Verdana, sans-serif;\"><span style=\"font-size: small;\">Luminaria de Poes\u00eda<\/span><\/span><\/em><span style=\"font-family: Verdana, sans-serif;\"><span style=\"font-size: small;\"> y en la antolog\u00eda <\/span><\/span><em><span style=\"font-family: Verdana, sans-serif;\"><span style=\"font-size: small;\">Pluma, Tinta y Papel X<\/span><\/span><\/em><span style=\"font-family: Verdana, sans-serif;\"><span style=\"font-size: small;\"> (Editorial Diversidad Literaria) en la modalidad de microrrelato, entre otros. Y ha participado en la Marat\u00f3n de Microrrelatos de la Feria del Libro de Sevilla, en sus ediciones de 2022 y 2024.<\/span><\/span><\/p>\n<p align=\"justify\">\n<p align=\"justify\"><strong><span style=\"font-family: Verdana, sans-serif;\"><span style=\"font-size: small;\">Salvador Campos<\/span><\/span><\/strong><\/p>\n<p style=\"text-align: justify;\" align=\"justify\"><span style=\"font-family: Verdana, sans-serif;\"><span style=\"font-size: small;\">Salvador Campos Jara (Cortegana, Huelva, 1968) es doctor en Literatura Comparada por la Universidad de Huelva y licenciado en Filolog\u00eda Hisp\u00e1nica por la Universidad de Granada. Ha dado clases como Profesor Sustituto en el Departamento de Filolog\u00eda de la Universidad de Huelva y ha realizado estancias acad\u00e9micas, de formaci\u00f3n o de cooperaci\u00f3n al desarrollo en Italia, Portugal, M\u00e9xico, Chile, Cuba, Senegal y Taiw\u00e1n.<\/span><\/span><\/p>\n<p style=\"text-align: justify;\" align=\"justify\"><span style=\"font-family: Verdana, sans-serif;\"><span style=\"font-size: small;\"><a href=\"https:\/\/www.islantilla.es\/festivalartesyletras\/wp-content\/uploads\/2025\/03\/Salvador-Campos.jpg\"><img loading=\"lazy\" decoding=\"async\" class=\"alignright wp-image-1125 size-medium\" src=\"https:\/\/www.islantilla.es\/festivalartesyletras\/wp-content\/uploads\/2025\/03\/Salvador-Campos-300x135.jpg\" alt=\"\" width=\"300\" height=\"135\" srcset=\"https:\/\/www.islantilla.es\/festivalartesyletras\/wp-content\/uploads\/2025\/03\/Salvador-Campos-300x135.jpg 300w, https:\/\/www.islantilla.es\/festivalartesyletras\/wp-content\/uploads\/2025\/03\/Salvador-Campos-1024x462.jpg 1024w, https:\/\/www.islantilla.es\/festivalartesyletras\/wp-content\/uploads\/2025\/03\/Salvador-Campos-768x347.jpg 768w, https:\/\/www.islantilla.es\/festivalartesyletras\/wp-content\/uploads\/2025\/03\/Salvador-Campos-500x226.jpg 500w, https:\/\/www.islantilla.es\/festivalartesyletras\/wp-content\/uploads\/2025\/03\/Salvador-Campos.jpg 1074w\" sizes=\"auto, (max-width: 300px) 100vw, 300px\" \/><\/a>Es especialista en el personaje de Gonzalo Guerrero, sobre el que ha publicado numerosas investigaciones e impartido conferencias. Ha sido colaborador de la serie <i>Conquistadores: Adventum<\/i> (Movistar+ y Global Set); y asesor y documentalista de <i>Entre dos mundos, la historia de Gonzalo Guerrero<\/i> (TV UNAM, Minotauro Films y Sheref\u00e9 Producciones). Ha escrito el Ep\u00edlogo de <i>Dzul<\/i>, de Luna Baldallo y Ana Baldallo; y el Pr\u00f3logo de la <i>Terra incognita<\/i>, de Mauro Barea. En 2022 obtuvo el Primer premio del Concurso de Microrrelatos <i>Entre Culturas<\/i>, del Vicerrectorado de Internacionalizaci\u00f3n y Compromiso Global de la Universidad de Huelva; y en 2024 se hizo con el Primer premio, categor\u00eda de \u201cTestimonio Hist\u00f3rico\u201d, del <i>XXI Concurso de Microrrelatos Mineros \u201cManuel Nevado Madrid\u201d<\/i>, de la Fundaci\u00f3n Juan Mu\u00f1iz Zapico.<\/span><\/span><\/p>\n","protected":false},"excerpt":{"rendered":"<p>Alemania, Argentina, B\u00e9lgica, Brasil, Colombia, Costa Rica, Cuba, Chile, Ecuador, Espa\u00f1a, Estados Unidos, Francia, Honduras, Italia, M\u00e9xico, Per\u00fa, Portugal, Rep\u00fablica Dominicana, Ruman\u00eda, Uruguay y Venezuela son las 21 nacionalidades que &hellip; <\/p>\n","protected":false},"author":2,"featured_media":964,"comment_status":"open","ping_status":"open","sticky":false,"template":"","format":"standard","meta":{"footnotes":""},"categories":[1],"tags":[],"class_list":["post-1240","post","type-post","status-publish","format-standard","has-post-thumbnail","hentry","category-sin-categoria"],"_links":{"self":[{"href":"https:\/\/www.islantilla.es\/festivalartesyletras\/index.php\/wp-json\/wp\/v2\/posts\/1240","targetHints":{"allow":["GET"]}}],"collection":[{"href":"https:\/\/www.islantilla.es\/festivalartesyletras\/index.php\/wp-json\/wp\/v2\/posts"}],"about":[{"href":"https:\/\/www.islantilla.es\/festivalartesyletras\/index.php\/wp-json\/wp\/v2\/types\/post"}],"author":[{"embeddable":true,"href":"https:\/\/www.islantilla.es\/festivalartesyletras\/index.php\/wp-json\/wp\/v2\/users\/2"}],"replies":[{"embeddable":true,"href":"https:\/\/www.islantilla.es\/festivalartesyletras\/index.php\/wp-json\/wp\/v2\/comments?post=1240"}],"version-history":[{"count":1,"href":"https:\/\/www.islantilla.es\/festivalartesyletras\/index.php\/wp-json\/wp\/v2\/posts\/1240\/revisions"}],"predecessor-version":[{"id":1241,"href":"https:\/\/www.islantilla.es\/festivalartesyletras\/index.php\/wp-json\/wp\/v2\/posts\/1240\/revisions\/1241"}],"wp:featuredmedia":[{"embeddable":true,"href":"https:\/\/www.islantilla.es\/festivalartesyletras\/index.php\/wp-json\/wp\/v2\/media\/964"}],"wp:attachment":[{"href":"https:\/\/www.islantilla.es\/festivalartesyletras\/index.php\/wp-json\/wp\/v2\/media?parent=1240"}],"wp:term":[{"taxonomy":"category","embeddable":true,"href":"https:\/\/www.islantilla.es\/festivalartesyletras\/index.php\/wp-json\/wp\/v2\/categories?post=1240"},{"taxonomy":"post_tag","embeddable":true,"href":"https:\/\/www.islantilla.es\/festivalartesyletras\/index.php\/wp-json\/wp\/v2\/tags?post=1240"}],"curies":[{"name":"wp","href":"https:\/\/api.w.org\/{rel}","templated":true}]}}