{"id":1018,"date":"2025-03-17T18:55:00","date_gmt":"2025-03-17T17:55:00","guid":{"rendered":"https:\/\/www.islantilla.es\/festivalartesyletras\/?p=1018"},"modified":"2025-04-11T10:37:21","modified_gmt":"2025-04-11T08:37:21","slug":"islantilla-presenta-el-cartel-anunciador-dela-cuarta-edicion-de-su-festival-de-las-artes-y-las-letras-de-islantilla-obra-de-curro-tobarra","status":"publish","type":"post","link":"https:\/\/www.islantilla.es\/festivalartesyletras\/index.php\/2025\/03\/17\/islantilla-presenta-el-cartel-anunciador-dela-cuarta-edicion-de-su-festival-de-las-artes-y-las-letras-de-islantilla-obra-de-curro-tobarra\/","title":{"rendered":"Islantilla presenta el Cartel anunciador de la cuarta edici\u00f3n de su Festival de las Artes y las Letras de Islantilla, obra de Curro Tobarra"},"content":{"rendered":"\n<figure class=\"wp-block-audio\"><audio controls src=\"https:\/\/www.islantilla.es\/festivalartesyletras\/wp-content\/uploads\/2025\/03\/2UAKL6G.mp3\"><\/audio><\/figure>\n\n\n<p style=\"text-align: justify;\">El evento cultural se celebrar\u00e1 entre los d\u00edas 21 y 26 de abril, e incluir\u00e1 diferentes propuestas culturales adem\u00e1s de los tradicionales concursos de literatura y pintura.<\/p>\n<p>\n\n\n<\/p>\n<p class=\"wp-block-paragraph\" style=\"text-align: justify;\">La Sala de Prensa de la Mancomunidad de Islantilla ha acogido esta ma\u00f1ana la presentaci\u00f3n oficial del cartel anunciador de la cuarta edici\u00f3n del Festival de la Artes y las Letras, un evento que se celebrar\u00e1 entre los d\u00edas 21 y 26 de abril en este enclave de la costa onubense compartido por los municipios de Lepe e Isla Cristina.<\/p>\n<p>\n\n\n\n<\/p>\n<p class=\"wp-block-paragraph\" style=\"text-align: justify;\">La obra, del artista isle\u00f1o Curro Tobarra, se ha dado a conocer en un encuentro con la prensa en el que han estado presentes, adem\u00e1s del mencionado autor, la Vicepresidenta de la Mancomunidad de Islantilla y Teniente de Alcalde de Lepe, Mariana Otero; el Primer Teniente de Alcalde de Isla Cristina y delegado isle\u00f1o en la entidad, Francisco Zamudio; as\u00ed como su t\u00e9cnica responsable del Servicio de Cultura, Luna Baldallo.<\/p>\n<p>\n\n\n\n<\/p>\n<figure class=\"wp-block-image size-large\"><a href=\"https:\/\/www.islantilla.es\/festivalartesyletras\/wp-content\/uploads\/2025\/03\/2EWVOYN.jpg\"><img loading=\"lazy\" decoding=\"async\" width=\"1024\" height=\"682\" class=\"wp-image-1022\" src=\"https:\/\/www.islantilla.es\/festivalartesyletras\/wp-content\/uploads\/2025\/03\/2EWVOYN-1024x682.jpg\" alt=\"\" srcset=\"https:\/\/www.islantilla.es\/festivalartesyletras\/wp-content\/uploads\/2025\/03\/2EWVOYN-1024x682.jpg 1024w, https:\/\/www.islantilla.es\/festivalartesyletras\/wp-content\/uploads\/2025\/03\/2EWVOYN-300x200.jpg 300w, https:\/\/www.islantilla.es\/festivalartesyletras\/wp-content\/uploads\/2025\/03\/2EWVOYN-768x512.jpg 768w, https:\/\/www.islantilla.es\/festivalartesyletras\/wp-content\/uploads\/2025\/03\/2EWVOYN-1536x1024.jpg 1536w, https:\/\/www.islantilla.es\/festivalartesyletras\/wp-content\/uploads\/2025\/03\/2EWVOYN-450x300.jpg 450w, https:\/\/www.islantilla.es\/festivalartesyletras\/wp-content\/uploads\/2025\/03\/2EWVOYN.jpg 1772w\" sizes=\"auto, (max-width: 1024px) 100vw, 1024px\" \/><\/a><\/figure>\n<p>\n\n\n<\/p>\n<p><!--more--><\/p>\n<p>\n\n\n<\/p>\n<p class=\"wp-block-paragraph\" style=\"text-align: justify;\">El cartel contin\u00faa la l\u00ednea de a\u00f1os anteriores, y nuevamente ofrece un gui\u00f1o evocando una gran obra de arte universal para enmarcarlo en el entorno de Islantilla y redefinir la obra original con alusiones a los concursos de pintura y literatura integrados en este Festival.<\/p>\n<p>\n\n\n\n<\/p>\n<p class=\"wp-block-paragraph\" style=\"text-align: justify;\">Mariana Otero ha recordado que \u201cla finalidad de este evento es completar la agenda cultural de Lepe y de Isla Cristina al tiempo que favorecemos una desestacionalizaci\u00f3n del destino\u201d, y ha agradecido a Curro Tobarra \u201csu sensibilidad art\u00edstica a la hora de ilustrar este Festival y otros muchos eventos que se promueven desde la Mancomunidad de Islantilla\u201d.<\/p>\n<p>\n\n\n\n<\/p>\n<p class=\"wp-block-paragraph\" style=\"text-align: justify;\">Por su parte, Francisco Zamudio ha destacado \u201cel valor de esta ventana de atenci\u00f3n para atraer el inter\u00e9s de un p\u00fablico que cada a\u00f1o responde a nuestra propuesta con m\u00e1s y mayor participaci\u00f3n, lo que en gran medida es gracias a la calidad de su cartel anunciador\u201d, felicitando al autor \u201cpor ayudarnos a llegar tanto a residentes como a vecinos de Isla Cristina y Lepe\u201d.<\/p>\n<p>\n\n\n\n<\/p>\n<p class=\"wp-block-paragraph\" style=\"text-align: justify;\">Curro Tobarra ha agradecido \u201cla confianza en mi trabajo una vez m\u00e1s\u201d, y ha desgranado los detalles de su obra, \u201calgo que empez\u00f3 siendo un divertido juego, pero que a\u00f1o tras a\u00f1o se ha consolidado como una l\u00ednea tem\u00e1tica en la que siempre partimos de un gran artista para reinterpretar su obra con elementos que identifican nuestro destino\u201d. \u201cEn la primera edici\u00f3n fue Leonardo Da Vinci, en la segunda, Egon Schielle, y el a\u00f1o pasado, Sandro Botticelli; este a\u00f1o he optado por la considerada por muchos como primera obra del arte moderno y ejemplo por antonomasia del protocubismo: \u2018Las se\u00f1oritas de la calle Aviny\u00f3\u2019, de Pablo Ruiz Picasso\u201d.<\/p>\n<p>\n\n\n\n<\/p>\n<p class=\"wp-block-paragraph\" style=\"text-align: justify;\">Finalmente, Luna Baldallo ha remarcado \u201cel car\u00e1cter integrador de este evento, en el que van a implicarse especialmente este a\u00f1o los j\u00f3venes del taller de fotograf\u00eda que promueve la Mancomunidad de Islantilla, as\u00ed como los integrantes del nuevo c\u00edrculo de lectura: el objetivo es fortalecer esa sinergia que nos permita seguir creciendo como Festival y ofrecer cada a\u00f1o una programaci\u00f3n m\u00e1s completa y ambiciosa\u201d.<\/p>\n<p>\n\n\n\n<\/p>\n<figure class=\"wp-block-image size-large\"><a href=\"https:\/\/www.islantilla.es\/festivalartesyletras\/wp-content\/uploads\/2025\/03\/Cartel-IV-Festival-de-las-Artes-y-la-Letras-2025-A3-scaled.jpg\"><img loading=\"lazy\" decoding=\"async\" width=\"724\" height=\"1024\" class=\"wp-image-1016\" src=\"https:\/\/www.islantilla.es\/festivalartesyletras\/wp-content\/uploads\/2025\/03\/Cartel-IV-Festival-de-las-Artes-y-la-Letras-2025-A3-724x1024.jpg\" alt=\"\" \/><\/a><\/figure>\n<p>\n\n\n\n<\/p>\n<p class=\"wp-block-paragraph\" style=\"text-align: justify;\">La programaci\u00f3n del IV Festival de las Artes y las Letras se dar\u00e1 a conocer en las pr\u00f3ximas semanas, y, adem\u00e1s de los tradicionales concurso de literatura y pintura, se propondr\u00e1n actividades paralelas como presentaciones, talleres, encuentros literarios y el primer Mercadillo del Libro Solidario de los tres que se han programado este a\u00f1o en Islantilla.<\/p>\n<p>\n\n\n<\/p>\n\n\n<p class=\"wp-block-paragraph\"><\/p>\n","protected":false},"excerpt":{"rendered":"<p>El evento cultural se celebrar\u00e1 entre los d\u00edas 21 y 26 de abril, e incluir\u00e1 diferentes propuestas culturales adem\u00e1s de los tradicionales concursos de literatura y pintura. La Sala de &hellip; <\/p>\n","protected":false},"author":2,"featured_media":1022,"comment_status":"open","ping_status":"open","sticky":false,"template":"","format":"standard","meta":{"footnotes":""},"categories":[1],"tags":[],"class_list":["post-1018","post","type-post","status-publish","format-standard","has-post-thumbnail","hentry","category-sin-categoria"],"_links":{"self":[{"href":"https:\/\/www.islantilla.es\/festivalartesyletras\/index.php\/wp-json\/wp\/v2\/posts\/1018","targetHints":{"allow":["GET"]}}],"collection":[{"href":"https:\/\/www.islantilla.es\/festivalartesyletras\/index.php\/wp-json\/wp\/v2\/posts"}],"about":[{"href":"https:\/\/www.islantilla.es\/festivalartesyletras\/index.php\/wp-json\/wp\/v2\/types\/post"}],"author":[{"embeddable":true,"href":"https:\/\/www.islantilla.es\/festivalartesyletras\/index.php\/wp-json\/wp\/v2\/users\/2"}],"replies":[{"embeddable":true,"href":"https:\/\/www.islantilla.es\/festivalartesyletras\/index.php\/wp-json\/wp\/v2\/comments?post=1018"}],"version-history":[{"count":5,"href":"https:\/\/www.islantilla.es\/festivalartesyletras\/index.php\/wp-json\/wp\/v2\/posts\/1018\/revisions"}],"predecessor-version":[{"id":1367,"href":"https:\/\/www.islantilla.es\/festivalartesyletras\/index.php\/wp-json\/wp\/v2\/posts\/1018\/revisions\/1367"}],"wp:featuredmedia":[{"embeddable":true,"href":"https:\/\/www.islantilla.es\/festivalartesyletras\/index.php\/wp-json\/wp\/v2\/media\/1022"}],"wp:attachment":[{"href":"https:\/\/www.islantilla.es\/festivalartesyletras\/index.php\/wp-json\/wp\/v2\/media?parent=1018"}],"wp:term":[{"taxonomy":"category","embeddable":true,"href":"https:\/\/www.islantilla.es\/festivalartesyletras\/index.php\/wp-json\/wp\/v2\/categories?post=1018"},{"taxonomy":"post_tag","embeddable":true,"href":"https:\/\/www.islantilla.es\/festivalartesyletras\/index.php\/wp-json\/wp\/v2\/tags?post=1018"}],"curies":[{"name":"wp","href":"https:\/\/api.w.org\/{rel}","templated":true}]}}