{"id":6715,"date":"2025-10-14T13:59:19","date_gmt":"2025-10-14T11:59:19","guid":{"rendered":"https:\/\/www.islantilla.es\/deportes\/?p=6715"},"modified":"2026-02-05T11:26:29","modified_gmt":"2026-02-05T10:26:29","slug":"islantilla-en-ruta-edicion-otono-2025","status":"publish","type":"post","link":"https:\/\/www.islantilla.es\/deportes\/2025\/10\/14\/islantilla-en-ruta-edicion-otono-2025\/","title":{"rendered":"&#8216;ISLANTILLA EN RUTA&#8217; EDICI\u00d3N OTO\u00d1O 2025"},"content":{"rendered":"\n<h3 class=\"wp-block-heading\">\u2018Islantilla en Ruta\u2019 llega con novedades&#8230; la visita a Salinas del Alem\u00e1n dentro de la ruta &#8216;V\u00eda Verde &#8211; Molino de Mareas&#8217; y la nueva ruta \u2018Presa de los Machos \u2013 Puente de la Tavirona\u2019.<\/h3>\n\n\n\n<p>Con el cambio de estaci\u00f3n, ponemos en marcha el programa de senderismo del \u2018Servicio de Deportes de Mancomunidad de Islantilla\u2019, en su edici\u00f3n Oto\u00f1o 2025, que nos llevar\u00e1 a conocer nuestro entorno natural m\u00e1s cercano, visitando lugares que forman parte de nuestro patrimonio arquitect\u00f3nico, hist\u00f3rico y cultural, alguno calificado como Bien de Inter\u00e9s Cultural (BIC), vuelve \u2018Islantilla en Ruta\u2019.<\/p>\n\n\n\n<p>Comenzamos la temporada poniendo en marcha nuestro programa de senderismo, Islantilla en Ruta, que en esta edici\u00f3n presenta varias novedades. La combinaci\u00f3n de deporte y patrimonio en actividades deportivas viene siendo un atractivo para todo aquel que disfruta de la naturaleza y tiene la opci\u00f3n de realizar una visita a edificios o centros con una historia que conocer.<\/p>\n\n\n\n<p>A continuaci\u00f3n os detallamos el desarrollo del programa, con enlaces a la informaci\u00f3n, ubicaci\u00f3n de los distintos edificios y las fechas de celebraci\u00f3n.<\/p>\n\n\n\n<p>Las inscripciones se podr\u00e1n realizar para cada ruta, no tendremos opci\u00f3n de apuntarnos a una ruta si no se ha celebrado la anterior.<\/p>\n\n\n\n<ul class=\"wp-block-list\">\n<li><strong>27 de septiembre.<\/strong>&nbsp;<a href=\"https:\/\/goo.gl\/maps\/FqDhoZHN2FLNnGFE8\" target=\"_blank\" rel=\"noreferrer noopener\">Casita Azul<\/a>. Recorreremos el Pinar de Isla Cristina, con un sendero flanqueado por eucaliptos, que serv\u00eda de conexi\u00f3n entre los comerciantes de Isla Cristina y La Antilla. Pasaremos por&nbsp;<a href=\"https:\/\/es.wikipedia.org\/wiki\/Playa_de_la_Casita_Azul\" target=\"_blank\" rel=\"noreferrer noopener\">Casita Azul<\/a>, utilizada en sus inicios como casa de guarda forestal para conservar el pinar, transformada en punto de informaci\u00f3n tur\u00edstico y centro de interpretaci\u00f3n de la naturaleza.<\/li>\n<\/ul>\n\n\n\n<p><strong>RUTA YA REALIZADA<\/strong><\/p>\n\n\n\n<figure class=\"wp-block-image size-full\"><img decoding=\"async\" src=\"https:\/\/www.islantilla.es\/deportes\/wp-content\/uploads\/2025\/03\/casita-azul-en-ruta-camaleon.jpg\" alt=\"casita azul en ruta camaleon\" class=\"wp-image-4974\"\/><figcaption class=\"wp-element-caption\">La Casita Azul, ubicada en el Pinar de Isla Cristina.<\/figcaption><\/figure>\n\n\n\n<ul class=\"wp-block-list\">\n<li><strong>18 de octubre.<\/strong> <a href=\"https:\/\/maps.app.goo.gl\/V2dVudoLcaJcsvVz9\">Presa de Los Machos &#8211; <\/a><a href=\"https:\/\/maps.app.goo.gl\/V2dVudoLcaJcsvVz9\" target=\"_blank\" rel=\"noreferrer noopener\">Puente <\/a><a href=\"https:\/\/maps.app.goo.gl\/V2dVudoLcaJcsvVz9\">de La Tavirona<\/a>. <a href=\"https:\/\/commons.wikimedia.org\/wiki\/Commons:Wiki_Loves_Monuments_2025_in_Spain\"><\/a><br><br>Partiremos desde la Presa de los Machos, cuyo embalse se encuentra sobre el R\u00edo Piedras. Es el quinto por capacidad de los situados en la Demarcaci\u00f3n Hidrogr\u00e1fica <a href=\"https:\/\/es.wikipedia.org\/wiki\/Tinto,_Odiel_y_Piedras\">Tinto, Odiel y Piedras<\/a> y fue inaugurado el 2 de mayo de 1988. La superficie del embalse es de 275 ha, incluidas en los t\u00e9rminos municipales de <a href=\"https:\/\/es.wikipedia.org\/wiki\/Lepe\">Lepe<\/a> y <a href=\"https:\/\/es.wikipedia.org\/wiki\/Cartaya\">Cartaya<\/a>. Bajando por el r\u00edo llegaremos al Puente de la Tavirona, puente de hierro, que cruza el r\u00edo Piedras, fue zona de paso del ferrocarril de la l\u00ednea de Huelva a Ayamonte por Gibrale\u00f3n, construido con los restos de un antiguo vag\u00f3n de tren en 1931. Es una obra de ingenier\u00eda de 80 metros en dos tramos met\u00e1licos de 40 metros para franquear el R\u00edo Piedras a la altura del lugar que le da nombre al puente. En 1990 se adapt\u00f3 a V\u00eda Verde Litoral, que se traza a lo largo de la antigua v\u00eda ferroviaria, pasando junto a los&nbsp;Parajes Naturales de las&nbsp;Marismas del Odiel,&nbsp;Marismas de Ayamonte&nbsp;e Isla Cristina, y de las&nbsp;Marismas del R\u00edo Piedras&nbsp;y la&nbsp;Flecha del Rompido. En la actualidad se puede cruzar a pie, en bicicleta y a caballo. Es un lugar desde donde se puede apreciar una extensa panor\u00e1mica del \u00abParaje Natural Marismas del R\u00edo Piedras y Flecha de El Rompido\u00bb.<\/li>\n<\/ul>\n\n\n\n<p><strong>RUTA YA REALIZADA<\/strong><\/p>\n\n\n\n<figure class=\"wp-block-image size-full\"><img loading=\"lazy\" decoding=\"async\" width=\"1024\" height=\"768\" src=\"https:\/\/www.islantilla.es\/deportes\/wp-content\/uploads\/2025\/09\/04-Islantilla-Rio-Piedras-GRANDE.jpg\" alt=\"\" class=\"wp-image-6720\" srcset=\"https:\/\/www.islantilla.es\/deportes\/wp-content\/uploads\/2025\/09\/04-Islantilla-Rio-Piedras-GRANDE.jpg 1024w, https:\/\/www.islantilla.es\/deportes\/wp-content\/uploads\/2025\/09\/04-Islantilla-Rio-Piedras-GRANDE-300x225.jpg 300w, https:\/\/www.islantilla.es\/deportes\/wp-content\/uploads\/2025\/09\/04-Islantilla-Rio-Piedras-GRANDE-768x576.jpg 768w\" sizes=\"auto, (max-width: 1024px) 100vw, 1024px\" \/><figcaption class=\"wp-element-caption\">Puente de La Tavirona. V\u00eda Verde del Litoral.<\/figcaption><\/figure>\n\n\n\n<ul class=\"wp-block-list\">\n<li><strong>25 de octubre.<\/strong>\u00a0<a href=\"https:\/\/goo.gl\/maps\/EL2y72g9wxTEMrWVA\" target=\"_blank\" rel=\"noreferrer noopener\">Palomar de la Huerta Noble<\/a>, La Redondela. A trav\u00e9s de senderos colindantes con los campos de frutas, llegaremos a La Redondela, para seguir por la V\u00eda Verde Litoral, hasta llegar al\u00a0<a href=\"https:\/\/guiadigital.iaph.es\/bien\/inmueble\/19048\/huelva\/isla-cristina\/huerta-noble\" target=\"_blank\" rel=\"noreferrer noopener\">Palomar de la Huerta Noble<\/a>, construido en 1.750 siendo el columbario m\u00e1s grande de Europa con capacidad para 70.000 palomas. <\/li>\n<\/ul>\n\n\n\n<p><strong>RUTA YA REALIZADA<\/strong><\/p>\n\n\n\n<figure class=\"wp-block-image\"><a href=\"https:\/\/www.islantilla.es\/deportes\/wp-content\/uploads\/2025\/03\/palomar-2.jpg\"><img decoding=\"async\" src=\"https:\/\/www.islantilla.es\/deportes\/wp-content\/uploads\/2025\/03\/palomar-2.jpg?w=768\" alt=\"\" class=\"wp-image-2430\"\/><\/a><figcaption class=\"wp-element-caption\">Palomar de la Huerta Noble<\/figcaption><\/figure>\n\n\n\n<ul class=\"wp-block-list\">\n<li><strong>8 de noviembre.<\/strong>&nbsp;<a href=\"https:\/\/goo.gl\/maps\/d6oDHXk1acy9aNpb8\" target=\"_blank\" rel=\"noreferrer noopener\">Molino de Mareas<\/a>. Por la&nbsp;<a href=\"https:\/\/www.viasverdes.com\/itinerarios\/itinerario_imp.asp?id=63\" target=\"_blank\" rel=\"noreferrer noopener\">V\u00eda Verde Litoral<\/a>, antigua v\u00eda de tren reconvertida en sendero, a su paso por Pozo del Camino, visitaremos el recinto romero de Mar\u00eda Auxiliadora y el&nbsp;<a href=\"https:\/\/guiadigital.iaph.es\/bien\/inmueble\/23503\/huelva\/isla-cristina-ayamonte\/molino-de-tamujar-grande\">Molino de Mareas<\/a>, usado como tal y posteriormente como piscifactor\u00eda. A mediados de los 90 se rehabilit\u00f3 como Centro de Interpretaci\u00f3n del Patrimonio Natural y Cultural de las marismas, con la denominaci\u00f3n CIMIC. El inicio y fin de la ruta ser\u00e1 en <a href=\"https:\/\/www.salinasdelaleman.es\/\" target=\"_blank\" rel=\"noreferrer noopener\">Salinas del Alem\u00e1n, Biomaris<\/a>. Donde podr\u00e1s conocer sus productos al finalizar la ruta.<\/li>\n<\/ul>\n\n\n\n<p><strong>RUTA YA REALIZADA<\/strong><\/p>\n\n\n\n<figure class=\"wp-block-image\"><a href=\"https:\/\/www.islantilla.es\/deportes\/wp-content\/uploads\/2025\/03\/molino-norte.jpg\"><img decoding=\"async\" src=\"https:\/\/www.islantilla.es\/deportes\/wp-content\/uploads\/2025\/03\/molino-norte.jpg?w=1024\" alt=\"\" class=\"wp-image-2425\"\/><\/a><figcaption class=\"wp-element-caption\">Molino de Mareas, Estero de Tamujar Grande.<\/figcaption><\/figure>\n\n\n\n<ul class=\"wp-block-list\">\n<li><strong>22 de noviembre.<\/strong>\u00a0<a href=\"https:\/\/goo.gl\/maps\/TyiUi86sYVPS5rx77\" target=\"_blank\" rel=\"noreferrer noopener\">Parque de los Cabezos<\/a>, Islantilla. Recorreremos los jardines de la Avda Riofr\u00edo y el sendero de dicho parque, desde donde veremos Islantilla a vista de p\u00e1jaro. Forma parte de Islantilla desde la creaci\u00f3n de este destino tur\u00edstico, a principios de los a\u00f1os 90 y est\u00e1 catalogado como <a href=\"https:\/\/www.senderosazules.org\/parque-de-los-cabezos-islantilla-huelva\">\u2018Sendero Azul\u2019<\/a>. <\/li>\n<\/ul>\n\n\n\n<p>Datos de la actividad.<\/p>\n\n\n\n<p>Recorrido: Parking Urbasur-Parque de los Cabezos-Paseo Mar\u00edtimo<\/p>\n\n\n\n<p>Hora de salida: 10:00h.<\/p>\n\n\n\n<p>Hora de llegada: 12:00h aprox.<\/p>\n\n\n\n<p>Ruta: Dificultad media-baja, tiene subidas y bajadas.<\/p>\n\n\n\n<p>Inscripciones: <a href=\"https:\/\/forms.gle\/3b28Le2G72XZvFXx6\" target=\"_blank\" rel=\"noreferrer noopener\">https:\/\/forms.gle\/3b28Le2G72XZvFXx6<\/a> <\/p>\n\n\n\n<p><strong>RUTA YA REALIZADA<\/strong><\/p>\n\n\n\n<figure class=\"wp-block-image size-full\"><img decoding=\"async\" src=\"https:\/\/www.islantilla.es\/deportes\/wp-content\/uploads\/2025\/03\/sendero-parque-los-cabezos-01.jpg\" alt=\"Sendero Parque de los Cabezos\" class=\"wp-image-5274\"\/><figcaption class=\"wp-element-caption\">Sendero Azul. Parque de Los Cabezos.<\/figcaption><\/figure>\n\n\n\n<p>Todas las rutas tendr\u00e1n en com\u00fan un punto de encuentro y salida inicial en Islantilla, excepto la Ruta del Molino de Mareas, que se iniciar\u00e1 desde Pozo del Camino por motivos de distancia.<\/p>\n\n\n\n<p>La distancia y duraci\u00f3n ser\u00e1 muy similar entre todas las rutas, con unos 10-12 kms.<\/p>\n\n\n\n<p>Aquellas personas y empresas interesadas en conocer m\u00e1s en detalle el programa deportivo de Islantilla pueden ponerse en contacto con el \u00c1rea de Deportes de la Mancomunidad de Islantilla a trav\u00e9s del correo electr\u00f3nico&nbsp;<em><a href=\"mailto:deportes@islantilla.es\" target=\"_blank\" rel=\"noreferrer noopener\"><u>deportes@islantilla.es<\/u><\/a>&nbsp;<\/em>o de las redes sociales (Facebook:&nbsp;<a href=\"https:\/\/www.facebook.com\/groups\/150285971671177\/\" target=\"_blank\" rel=\"noreferrer noopener\"><u>Islantilla Deportes<\/u><\/a>&nbsp;Instagram: <a href=\"https:\/\/www.instagram.com\/islantilladeportes\/?hl=es\">IslantillaDeportes<\/a> Twitter:<a href=\"https:\/\/twitter.com\/IslantillaDxts\" target=\"_blank\" rel=\"noreferrer noopener\"><u>@IslantillaDxts<\/u><\/a>). Tambi\u00e9n pueden visitarnos en el&nbsp;<a href=\"https:\/\/goo.gl\/maps\/xusru1HUWzgVngUZA\" target=\"_blank\" rel=\"noreferrer noopener\">Centro Activo de Islantilla<\/a>, en Avda de Riofr\u00edo esquina con Calle Garza de Islantilla, junto al C.E.I.P. La Gaviota.<\/p>\n","protected":false},"excerpt":{"rendered":"<p>\u2018Islantilla en Ruta\u2019 llega con novedades&#8230; la visita a Salinas del Alem\u00e1n dentro de la ruta &#8216;V\u00eda Verde &#8211; Molino de Mareas&#8217; y la nueva ruta \u2018Presa de los Machos \u2013 Puente de la Tavirona\u2019. Con el cambio de estaci\u00f3n, ponemos en marcha el programa de senderismo del \u2018Servicio de Deportes de Mancomunidad de Islantilla\u2019,&#8230;<\/p>\n","protected":false},"author":14,"featured_media":6722,"comment_status":"open","ping_status":"open","sticky":false,"template":"","format":"standard","meta":{"jetpack_post_was_ever_published":false,"_jetpack_newsletter_access":"","_jetpack_dont_email_post_to_subs":false,"_jetpack_newsletter_tier_id":0,"_jetpack_memberships_contains_paywalled_content":false,"_jetpack_memberships_contains_paid_content":false,"footnotes":"","jetpack_publicize_message":"","jetpack_publicize_feature_enabled":true,"jetpack_social_post_already_shared":true,"jetpack_social_options":{"image_generator_settings":{"template":"highway","default_image_id":0,"font":"","enabled":false},"version":2}},"categories":[1,124],"tags":[],"class_list":["post-6715","post","type-post","status-publish","format-standard","has-post-thumbnail","hentry","category-deporte","category-programacion"],"yoast_head":"<!-- This site is optimized with the Yoast SEO plugin v26.9 - https:\/\/yoast.com\/product\/yoast-seo-wordpress\/ -->\n<title>&#039;ISLANTILLA EN RUTA&#039; EDICI\u00d3N OTO\u00d1O 2025 -<\/title>\n<meta name=\"robots\" content=\"index, follow, max-snippet:-1, max-image-preview:large, max-video-preview:-1\" \/>\n<link rel=\"canonical\" href=\"https:\/\/www.islantilla.es\/deportes\/2025\/10\/14\/islantilla-en-ruta-edicion-otono-2025\/\" \/>\n<meta property=\"og:locale\" content=\"es_ES\" \/>\n<meta property=\"og:type\" content=\"article\" \/>\n<meta property=\"og:title\" content=\"&#039;ISLANTILLA EN RUTA&#039; EDICI\u00d3N OTO\u00d1O 2025 -\" \/>\n<meta property=\"og:description\" content=\"\u2018Islantilla en Ruta\u2019 llega con novedades&#8230; la visita a Salinas del Alem\u00e1n dentro de la ruta &#8216;V\u00eda Verde &#8211; Molino de Mareas&#8217; y la nueva ruta \u2018Presa de los Machos \u2013 Puente de la Tavirona\u2019. Con el cambio de estaci\u00f3n, ponemos en marcha el programa de senderismo del \u2018Servicio de Deportes de Mancomunidad de Islantilla\u2019,...\" \/>\n<meta property=\"og:url\" content=\"https:\/\/www.islantilla.es\/deportes\/2025\/10\/14\/islantilla-en-ruta-edicion-otono-2025\/\" \/>\n<meta property=\"article:published_time\" content=\"2025-10-14T11:59:19+00:00\" \/>\n<meta property=\"article:modified_time\" content=\"2026-02-05T10:26:29+00:00\" \/>\n<meta property=\"og:image\" content=\"https:\/\/www.islantilla.es\/deportes\/wp-content\/uploads\/2025\/09\/ISLANTILLA-EN-RUTA-Otono-2025-scaled.jpg\" \/>\n\t<meta property=\"og:image:width\" content=\"1810\" \/>\n\t<meta property=\"og:image:height\" content=\"2560\" \/>\n\t<meta property=\"og:image:type\" content=\"image\/jpeg\" \/>\n<meta name=\"author\" content=\"Juanjo Aguilera\" \/>\n<meta name=\"twitter:card\" content=\"summary_large_image\" \/>\n<meta name=\"twitter:label1\" content=\"Escrito por\" \/>\n\t<meta name=\"twitter:data1\" content=\"Juanjo Aguilera\" \/>\n\t<meta name=\"twitter:label2\" content=\"Tiempo de lectura\" \/>\n\t<meta name=\"twitter:data2\" content=\"6 minutos\" \/>\n<script type=\"application\/ld+json\" class=\"yoast-schema-graph\">{\"@context\":\"https:\/\/schema.org\",\"@graph\":[{\"@type\":\"Article\",\"@id\":\"https:\/\/www.islantilla.es\/deportes\/2025\/10\/14\/islantilla-en-ruta-edicion-otono-2025\/#article\",\"isPartOf\":{\"@id\":\"https:\/\/www.islantilla.es\/deportes\/2025\/10\/14\/islantilla-en-ruta-edicion-otono-2025\/\"},\"author\":{\"name\":\"Juanjo Aguilera\",\"@id\":\"https:\/\/www.islantilla.es\/deportes\/#\/schema\/person\/acc1200d346939c120a0930702ce944d\"},\"headline\":\"&#8216;ISLANTILLA EN RUTA&#8217; EDICI\u00d3N OTO\u00d1O 2025\",\"datePublished\":\"2025-10-14T11:59:19+00:00\",\"dateModified\":\"2026-02-05T10:26:29+00:00\",\"mainEntityOfPage\":{\"@id\":\"https:\/\/www.islantilla.es\/deportes\/2025\/10\/14\/islantilla-en-ruta-edicion-otono-2025\/\"},\"wordCount\":964,\"commentCount\":0,\"image\":{\"@id\":\"https:\/\/www.islantilla.es\/deportes\/2025\/10\/14\/islantilla-en-ruta-edicion-otono-2025\/#primaryimage\"},\"thumbnailUrl\":\"https:\/\/www.islantilla.es\/deportes\/wp-content\/uploads\/2025\/09\/ISLANTILLA-EN-RUTA-Otono-2025-scaled.jpg\",\"articleSection\":[\"Deportes\",\"PROGRAMACI\u00d3N\"],\"inLanguage\":\"es\",\"potentialAction\":[{\"@type\":\"CommentAction\",\"name\":\"Comment\",\"target\":[\"https:\/\/www.islantilla.es\/deportes\/2025\/10\/14\/islantilla-en-ruta-edicion-otono-2025\/#respond\"]}]},{\"@type\":\"WebPage\",\"@id\":\"https:\/\/www.islantilla.es\/deportes\/2025\/10\/14\/islantilla-en-ruta-edicion-otono-2025\/\",\"url\":\"https:\/\/www.islantilla.es\/deportes\/2025\/10\/14\/islantilla-en-ruta-edicion-otono-2025\/\",\"name\":\"'ISLANTILLA EN RUTA' EDICI\u00d3N OTO\u00d1O 2025 -\",\"isPartOf\":{\"@id\":\"https:\/\/www.islantilla.es\/deportes\/#website\"},\"primaryImageOfPage\":{\"@id\":\"https:\/\/www.islantilla.es\/deportes\/2025\/10\/14\/islantilla-en-ruta-edicion-otono-2025\/#primaryimage\"},\"image\":{\"@id\":\"https:\/\/www.islantilla.es\/deportes\/2025\/10\/14\/islantilla-en-ruta-edicion-otono-2025\/#primaryimage\"},\"thumbnailUrl\":\"https:\/\/www.islantilla.es\/deportes\/wp-content\/uploads\/2025\/09\/ISLANTILLA-EN-RUTA-Otono-2025-scaled.jpg\",\"datePublished\":\"2025-10-14T11:59:19+00:00\",\"dateModified\":\"2026-02-05T10:26:29+00:00\",\"author\":{\"@id\":\"https:\/\/www.islantilla.es\/deportes\/#\/schema\/person\/acc1200d346939c120a0930702ce944d\"},\"breadcrumb\":{\"@id\":\"https:\/\/www.islantilla.es\/deportes\/2025\/10\/14\/islantilla-en-ruta-edicion-otono-2025\/#breadcrumb\"},\"inLanguage\":\"es\",\"potentialAction\":[{\"@type\":\"ReadAction\",\"target\":[\"https:\/\/www.islantilla.es\/deportes\/2025\/10\/14\/islantilla-en-ruta-edicion-otono-2025\/\"]}]},{\"@type\":\"ImageObject\",\"inLanguage\":\"es\",\"@id\":\"https:\/\/www.islantilla.es\/deportes\/2025\/10\/14\/islantilla-en-ruta-edicion-otono-2025\/#primaryimage\",\"url\":\"https:\/\/www.islantilla.es\/deportes\/wp-content\/uploads\/2025\/09\/ISLANTILLA-EN-RUTA-Otono-2025-scaled.jpg\",\"contentUrl\":\"https:\/\/www.islantilla.es\/deportes\/wp-content\/uploads\/2025\/09\/ISLANTILLA-EN-RUTA-Otono-2025-scaled.jpg\",\"width\":1810,\"height\":2560},{\"@type\":\"BreadcrumbList\",\"@id\":\"https:\/\/www.islantilla.es\/deportes\/2025\/10\/14\/islantilla-en-ruta-edicion-otono-2025\/#breadcrumb\",\"itemListElement\":[{\"@type\":\"ListItem\",\"position\":1,\"name\":\"Portada\",\"item\":\"https:\/\/www.islantilla.es\/deportes\/\"},{\"@type\":\"ListItem\",\"position\":2,\"name\":\"&#8216;ISLANTILLA EN RUTA&#8217; EDICI\u00d3N OTO\u00d1O 2025\"}]},{\"@type\":\"WebSite\",\"@id\":\"https:\/\/www.islantilla.es\/deportes\/#website\",\"url\":\"https:\/\/www.islantilla.es\/deportes\/\",\"name\":\"\",\"description\":\"Servicio de Deportes Mancomunidad de Islantilla\",\"potentialAction\":[{\"@type\":\"SearchAction\",\"target\":{\"@type\":\"EntryPoint\",\"urlTemplate\":\"https:\/\/www.islantilla.es\/deportes\/?s={search_term_string}\"},\"query-input\":{\"@type\":\"PropertyValueSpecification\",\"valueRequired\":true,\"valueName\":\"search_term_string\"}}],\"inLanguage\":\"es\"},{\"@type\":\"Person\",\"@id\":\"https:\/\/www.islantilla.es\/deportes\/#\/schema\/person\/acc1200d346939c120a0930702ce944d\",\"name\":\"Juanjo Aguilera\",\"image\":{\"@type\":\"ImageObject\",\"inLanguage\":\"es\",\"@id\":\"https:\/\/www.islantilla.es\/deportes\/#\/schema\/person\/image\/\",\"url\":\"https:\/\/secure.gravatar.com\/avatar\/25852607865b7d86a7b52cc7692914dc7be3bdef4515e284999629674c10e9de?s=96&d=mm&r=g\",\"contentUrl\":\"https:\/\/secure.gravatar.com\/avatar\/25852607865b7d86a7b52cc7692914dc7be3bdef4515e284999629674c10e9de?s=96&d=mm&r=g\",\"caption\":\"Juanjo Aguilera\"},\"sameAs\":[\"https:\/\/www.islantilla.es\"],\"url\":\"https:\/\/www.islantilla.es\/deportes\/author\/juanjo-aguilera\/\"}]}<\/script>\n<!-- \/ Yoast SEO plugin. -->","yoast_head_json":{"title":"'ISLANTILLA EN RUTA' EDICI\u00d3N OTO\u00d1O 2025 -","robots":{"index":"index","follow":"follow","max-snippet":"max-snippet:-1","max-image-preview":"max-image-preview:large","max-video-preview":"max-video-preview:-1"},"canonical":"https:\/\/www.islantilla.es\/deportes\/2025\/10\/14\/islantilla-en-ruta-edicion-otono-2025\/","og_locale":"es_ES","og_type":"article","og_title":"'ISLANTILLA EN RUTA' EDICI\u00d3N OTO\u00d1O 2025 -","og_description":"\u2018Islantilla en Ruta\u2019 llega con novedades&#8230; la visita a Salinas del Alem\u00e1n dentro de la ruta &#8216;V\u00eda Verde &#8211; Molino de Mareas&#8217; y la nueva ruta \u2018Presa de los Machos \u2013 Puente de la Tavirona\u2019. Con el cambio de estaci\u00f3n, ponemos en marcha el programa de senderismo del \u2018Servicio de Deportes de Mancomunidad de Islantilla\u2019,...","og_url":"https:\/\/www.islantilla.es\/deportes\/2025\/10\/14\/islantilla-en-ruta-edicion-otono-2025\/","article_published_time":"2025-10-14T11:59:19+00:00","article_modified_time":"2026-02-05T10:26:29+00:00","og_image":[{"width":1810,"height":2560,"url":"https:\/\/www.islantilla.es\/deportes\/wp-content\/uploads\/2025\/09\/ISLANTILLA-EN-RUTA-Otono-2025-scaled.jpg","type":"image\/jpeg"}],"author":"Juanjo Aguilera","twitter_card":"summary_large_image","twitter_misc":{"Escrito por":"Juanjo Aguilera","Tiempo de lectura":"6 minutos"},"schema":{"@context":"https:\/\/schema.org","@graph":[{"@type":"Article","@id":"https:\/\/www.islantilla.es\/deportes\/2025\/10\/14\/islantilla-en-ruta-edicion-otono-2025\/#article","isPartOf":{"@id":"https:\/\/www.islantilla.es\/deportes\/2025\/10\/14\/islantilla-en-ruta-edicion-otono-2025\/"},"author":{"name":"Juanjo Aguilera","@id":"https:\/\/www.islantilla.es\/deportes\/#\/schema\/person\/acc1200d346939c120a0930702ce944d"},"headline":"&#8216;ISLANTILLA EN RUTA&#8217; EDICI\u00d3N OTO\u00d1O 2025","datePublished":"2025-10-14T11:59:19+00:00","dateModified":"2026-02-05T10:26:29+00:00","mainEntityOfPage":{"@id":"https:\/\/www.islantilla.es\/deportes\/2025\/10\/14\/islantilla-en-ruta-edicion-otono-2025\/"},"wordCount":964,"commentCount":0,"image":{"@id":"https:\/\/www.islantilla.es\/deportes\/2025\/10\/14\/islantilla-en-ruta-edicion-otono-2025\/#primaryimage"},"thumbnailUrl":"https:\/\/www.islantilla.es\/deportes\/wp-content\/uploads\/2025\/09\/ISLANTILLA-EN-RUTA-Otono-2025-scaled.jpg","articleSection":["Deportes","PROGRAMACI\u00d3N"],"inLanguage":"es","potentialAction":[{"@type":"CommentAction","name":"Comment","target":["https:\/\/www.islantilla.es\/deportes\/2025\/10\/14\/islantilla-en-ruta-edicion-otono-2025\/#respond"]}]},{"@type":"WebPage","@id":"https:\/\/www.islantilla.es\/deportes\/2025\/10\/14\/islantilla-en-ruta-edicion-otono-2025\/","url":"https:\/\/www.islantilla.es\/deportes\/2025\/10\/14\/islantilla-en-ruta-edicion-otono-2025\/","name":"'ISLANTILLA EN RUTA' EDICI\u00d3N OTO\u00d1O 2025 -","isPartOf":{"@id":"https:\/\/www.islantilla.es\/deportes\/#website"},"primaryImageOfPage":{"@id":"https:\/\/www.islantilla.es\/deportes\/2025\/10\/14\/islantilla-en-ruta-edicion-otono-2025\/#primaryimage"},"image":{"@id":"https:\/\/www.islantilla.es\/deportes\/2025\/10\/14\/islantilla-en-ruta-edicion-otono-2025\/#primaryimage"},"thumbnailUrl":"https:\/\/www.islantilla.es\/deportes\/wp-content\/uploads\/2025\/09\/ISLANTILLA-EN-RUTA-Otono-2025-scaled.jpg","datePublished":"2025-10-14T11:59:19+00:00","dateModified":"2026-02-05T10:26:29+00:00","author":{"@id":"https:\/\/www.islantilla.es\/deportes\/#\/schema\/person\/acc1200d346939c120a0930702ce944d"},"breadcrumb":{"@id":"https:\/\/www.islantilla.es\/deportes\/2025\/10\/14\/islantilla-en-ruta-edicion-otono-2025\/#breadcrumb"},"inLanguage":"es","potentialAction":[{"@type":"ReadAction","target":["https:\/\/www.islantilla.es\/deportes\/2025\/10\/14\/islantilla-en-ruta-edicion-otono-2025\/"]}]},{"@type":"ImageObject","inLanguage":"es","@id":"https:\/\/www.islantilla.es\/deportes\/2025\/10\/14\/islantilla-en-ruta-edicion-otono-2025\/#primaryimage","url":"https:\/\/www.islantilla.es\/deportes\/wp-content\/uploads\/2025\/09\/ISLANTILLA-EN-RUTA-Otono-2025-scaled.jpg","contentUrl":"https:\/\/www.islantilla.es\/deportes\/wp-content\/uploads\/2025\/09\/ISLANTILLA-EN-RUTA-Otono-2025-scaled.jpg","width":1810,"height":2560},{"@type":"BreadcrumbList","@id":"https:\/\/www.islantilla.es\/deportes\/2025\/10\/14\/islantilla-en-ruta-edicion-otono-2025\/#breadcrumb","itemListElement":[{"@type":"ListItem","position":1,"name":"Portada","item":"https:\/\/www.islantilla.es\/deportes\/"},{"@type":"ListItem","position":2,"name":"&#8216;ISLANTILLA EN RUTA&#8217; EDICI\u00d3N OTO\u00d1O 2025"}]},{"@type":"WebSite","@id":"https:\/\/www.islantilla.es\/deportes\/#website","url":"https:\/\/www.islantilla.es\/deportes\/","name":"","description":"Servicio de Deportes Mancomunidad de Islantilla","potentialAction":[{"@type":"SearchAction","target":{"@type":"EntryPoint","urlTemplate":"https:\/\/www.islantilla.es\/deportes\/?s={search_term_string}"},"query-input":{"@type":"PropertyValueSpecification","valueRequired":true,"valueName":"search_term_string"}}],"inLanguage":"es"},{"@type":"Person","@id":"https:\/\/www.islantilla.es\/deportes\/#\/schema\/person\/acc1200d346939c120a0930702ce944d","name":"Juanjo Aguilera","image":{"@type":"ImageObject","inLanguage":"es","@id":"https:\/\/www.islantilla.es\/deportes\/#\/schema\/person\/image\/","url":"https:\/\/secure.gravatar.com\/avatar\/25852607865b7d86a7b52cc7692914dc7be3bdef4515e284999629674c10e9de?s=96&d=mm&r=g","contentUrl":"https:\/\/secure.gravatar.com\/avatar\/25852607865b7d86a7b52cc7692914dc7be3bdef4515e284999629674c10e9de?s=96&d=mm&r=g","caption":"Juanjo Aguilera"},"sameAs":["https:\/\/www.islantilla.es"],"url":"https:\/\/www.islantilla.es\/deportes\/author\/juanjo-aguilera\/"}]}},"jetpack_publicize_connections":[],"jetpack_featured_media_url":"https:\/\/www.islantilla.es\/deportes\/wp-content\/uploads\/2025\/09\/ISLANTILLA-EN-RUTA-Otono-2025-scaled.jpg","jetpack_sharing_enabled":true,"_links":{"self":[{"href":"https:\/\/www.islantilla.es\/deportes\/wp-json\/wp\/v2\/posts\/6715","targetHints":{"allow":["GET"]}}],"collection":[{"href":"https:\/\/www.islantilla.es\/deportes\/wp-json\/wp\/v2\/posts"}],"about":[{"href":"https:\/\/www.islantilla.es\/deportes\/wp-json\/wp\/v2\/types\/post"}],"author":[{"embeddable":true,"href":"https:\/\/www.islantilla.es\/deportes\/wp-json\/wp\/v2\/users\/14"}],"replies":[{"embeddable":true,"href":"https:\/\/www.islantilla.es\/deportes\/wp-json\/wp\/v2\/comments?post=6715"}],"version-history":[{"count":20,"href":"https:\/\/www.islantilla.es\/deportes\/wp-json\/wp\/v2\/posts\/6715\/revisions"}],"predecessor-version":[{"id":6777,"href":"https:\/\/www.islantilla.es\/deportes\/wp-json\/wp\/v2\/posts\/6715\/revisions\/6777"}],"wp:featuredmedia":[{"embeddable":true,"href":"https:\/\/www.islantilla.es\/deportes\/wp-json\/wp\/v2\/media\/6722"}],"wp:attachment":[{"href":"https:\/\/www.islantilla.es\/deportes\/wp-json\/wp\/v2\/media?parent=6715"}],"wp:term":[{"taxonomy":"category","embeddable":true,"href":"https:\/\/www.islantilla.es\/deportes\/wp-json\/wp\/v2\/categories?post=6715"},{"taxonomy":"post_tag","embeddable":true,"href":"https:\/\/www.islantilla.es\/deportes\/wp-json\/wp\/v2\/tags?post=6715"}],"curies":[{"name":"wp","href":"https:\/\/api.w.org\/{rel}","templated":true}]}}