{"id":6669,"date":"2025-06-20T12:05:00","date_gmt":"2025-06-20T10:05:00","guid":{"rendered":"https:\/\/www.islantilla.es\/deportes\/?p=6669"},"modified":"2026-02-05T12:02:12","modified_gmt":"2026-02-05T11:02:12","slug":"xi-programa-nautico-en-familia-de-islantilla","status":"publish","type":"post","link":"https:\/\/www.islantilla.es\/deportes\/2025\/06\/20\/xi-programa-nautico-en-familia-de-islantilla\/","title":{"rendered":"XI PROGRAMA N\u00c1UTICO EN FAMILIA DE ISLANTILLA"},"content":{"rendered":"\n<p>Llega la UND\u00c9CIMA edici\u00f3n del \u2018Programa N\u00e1utico en Familia\u2019 de Islantilla y seguimos navegando otro a\u00f1o para disfrutar de nuestro entorno verde y azul, con opciones de participaci\u00f3n para todos.<\/p>\n\n\n\n<p>Disfruta del deporte n\u00e1utico en verano participando en el sorteo de paseos en paddle surf y kayak, as\u00ed como de los cursos de windsurf y catamar\u00e1n. A continuaci\u00f3n te contamos c\u00f3mo puedes conseguirlo.<\/p>\n\n\n\n<figure class=\"wp-block-image size-large\"><img loading=\"lazy\" decoding=\"async\" width=\"724\" height=\"1024\" src=\"https:\/\/www.islantilla.es\/deportes\/wp-content\/uploads\/2025\/06\/NAUTICO-EN-FAMILIA-2025-724x1024.jpg\" alt=\"\" class=\"wp-image-6684\" srcset=\"https:\/\/www.islantilla.es\/deportes\/wp-content\/uploads\/2025\/06\/NAUTICO-EN-FAMILIA-2025-724x1024.jpg 724w, https:\/\/www.islantilla.es\/deportes\/wp-content\/uploads\/2025\/06\/NAUTICO-EN-FAMILIA-2025-212x300.jpg 212w, https:\/\/www.islantilla.es\/deportes\/wp-content\/uploads\/2025\/06\/NAUTICO-EN-FAMILIA-2025-768x1086.jpg 768w, https:\/\/www.islantilla.es\/deportes\/wp-content\/uploads\/2025\/06\/NAUTICO-EN-FAMILIA-2025-1086x1536.jpg 1086w, https:\/\/www.islantilla.es\/deportes\/wp-content\/uploads\/2025\/06\/NAUTICO-EN-FAMILIA-2025-1448x2048.jpg 1448w, https:\/\/www.islantilla.es\/deportes\/wp-content\/uploads\/2025\/06\/NAUTICO-EN-FAMILIA-2025-scaled.jpg 1810w\" sizes=\"auto, (max-width: 724px) 100vw, 724px\" \/><figcaption class=\"wp-element-caption\">Cartel XI Programa N\u00e1utico en Familia de Islantilla<\/figcaption><\/figure>\n\n\n\n<p class=\"has-black-color has-text-color has-link-color wp-elements-cdeda6dcf549dac28692bfe2dee4d195\">Participa en nuestro \u2018<a href=\"https:\/\/www.facebook.com\/photo\/?fbid=10160051240583404&amp;set=gm.8160699080629786&amp;idorvanity=150285971671177\" target=\"_blank\" rel=\"noreferrer noopener\">Programa <\/a><a href=\"https:\/\/www.facebook.com\/photo\/?fbid=3083005165180364&amp;set=gm.24286223700984067&amp;idorvanity=150285971671177\" target=\"_blank\" rel=\"noreferrer noopener\">N\u00e1utico <\/a><a href=\"https:\/\/www.facebook.com\/photo\/?fbid=10160051240583404&amp;set=gm.8160699080629786&amp;idorvanity=150285971671177\" target=\"_blank\" rel=\"noreferrer noopener\">en Familia<\/a>\u2018 CAMBIAR ENLACE y consigue:<\/p>\n\n\n\n<ul class=\"wp-block-list\">\n<li>Paseos en Paddle Surf para 1 persona (+10 a\u00f1os). Del 30 de junio al 15 de septiembre, previa cita con la escuela.<\/li>\n\n\n\n<li>Paseos en Kayak para 2 personas (+10 a\u00f1os o +6 acompa\u00f1ados). Del 30 de junio al 15 de septiembre, previa cita con la escuela.<\/li>\n\n\n\n<li>Cursos de windsurf de 10 h (10-20 a\u00f1os). Del 30 de junio al 4 de julio, de 10h a 12h.<\/li>\n\n\n\n<li>Cursos de catamar\u00e1n de 10 h (8-12 a\u00f1os). Del 30 de junio al 4 de julio, de 10h a 12h.<\/li>\n<\/ul>\n\n\n\n<p>Para participar sigue estos sencillos pasos:<\/p>\n\n\n\n<p class=\"has-black-color has-text-color has-link-color wp-elements-ff1e8d42f9a14da88a30fe26f3eacbf4\">1. Pulsa \u2018Me Gusta\u2019 en la publicaci\u00f3n\u00a0<a href=\"https:\/\/www.facebook.com\/photo\/?fbid=3083005165180364&amp;set=gm.24286223700984067&amp;idorvanity=150285971671177\" target=\"_blank\" rel=\"noreferrer noopener\">PUBLICACI\u00d3N<\/a>\u00a0CAMBIAR ENLACE PUBLICACI\u00d3N de Facebook.<\/p>\n\n\n\n<p class=\"has-black-color has-text-color has-link-color wp-elements-cdf1a3b4c8c3bcb366188c9545fc4e2b\">2. Menciona a un\/a amig@.<br>3. Comparte la publicaci\u00f3n:&nbsp;<a href=\"https:\/\/www.facebook.com\/photo\/?fbid=10160051240583404&amp;set=gm.8160699080629786&amp;idorvanity=150285971671177\" target=\"_blank\" rel=\"noreferrer noopener\">PUBLICACI\u00d3N<\/a>.<br>4. Rellena el siguiente formulario:&nbsp;<a href=\"https:\/\/forms.gle\/219mJDvEWVcNCC8r5\">https:\/\/forms.gle\/219mJDvEWVcNCC8r5<\/a><\/p>\n\n\n\n<p>El mi\u00e9rcoles 25 de junio publicaremos la lista de l@s primer@s ganadores\/as que realizar\u00e1n los cursos durante la semana del 30 de junio al 4 julio y podr\u00e1n dar los paseos en catamar\u00e1n, paddle y kayak hasta el 15 de septiembre, previa cita con la Escuela Espa\u00f1ola de Vela o la Escuela de Vela y Surf de Islantilla.<\/p>\n\n\n\n<p>El sorteo para la segunda semana de cursos se realizar\u00e1 a finales de agosto y los cursos se llevar\u00e1n a cabo durante los d\u00edas 1 al 5 de septiembre.<\/p>\n\n\n\n<p>Suerte.<\/p>\n\n\n\n<p>Islantilla Deportes<br><a href=\"https:\/\/www.facebook.com\/hashtag\/islantillacata?source=feed_text&amp;story_id=1210697682296662\"><u>\u202a#\u200e<\/u><u>IslantillaCata\u202c<\/u><\/a>&nbsp;<a href=\"https:\/\/www.facebook.com\/hashtag\/islantillawind?source=feed_text&amp;story_id=1210697682296662\"><u>\u202a#\u200e<\/u><u>IslantillaWind\u202c<\/u><\/a><\/p>\n\n\n\n<p>Aquellas personas y empresas interesadas en conocer m\u00e1s en detalle el programa deportivo de Islantilla pueden ponerse en contacto con el \u00c1rea de Deporte de la Mancomunidad de Islantilla a trav\u00e9s del correo electr\u00f3nico&nbsp;<em><a href=\"mailto:deportes@islantilla.es\" target=\"_blank\" rel=\"noreferrer noopener\"><u>deportes@islantilla.es<\/u><\/a>&nbsp;<\/em>o de las redes sociales (Facebook:&nbsp;<a href=\"https:\/\/www.facebook.com\/groups\/150285971671177\/\" target=\"_blank\" rel=\"noreferrer noopener\"><u>Islantilla Deportes<\/u><\/a>&nbsp;y Twitter:<a href=\"https:\/\/twitter.com\/IslantillaDxts\" target=\"_blank\" rel=\"noreferrer noopener\"><u>@IslantillaDxts<\/u><\/a>).<\/p>\n\n\n\n<figure class=\"wp-block-image\"><a href=\"https:\/\/islantilladeportes.wordpress.com\/wp-content\/uploads\/2016\/12\/logo-islantilla-deportes.jpg\"><img decoding=\"async\" src=\"https:\/\/islantilladeportes.wordpress.com\/wp-content\/uploads\/2016\/12\/logo-islantilla-deportes.jpg?w=300&amp;h=300\" alt=\"\" class=\"wp-image-1256\"\/><\/a><figcaption class=\"wp-element-caption\">Islantilla Deportes<\/figcaption><\/figure>\n\n\n\n<figure class=\"wp-block-image\"><a href=\"https:\/\/islantilladeportes.wordpress.com\/wp-content\/uploads\/2022\/06\/logo-centro-activo-color.png\"><img decoding=\"async\" src=\"https:\/\/islantilladeportes.wordpress.com\/wp-content\/uploads\/2022\/06\/logo-centro-activo-color.png?w=1024\" alt=\"\" class=\"wp-image-2279\"\/><\/a><figcaption class=\"wp-element-caption\">Centro Activo de Islantilla<\/figcaption><\/figure>\n\n\n\n<p>Servicio de Deportes de Islantilla.<\/p>\n\n\n\n<p>Centro Activo de Islantilla. Avda Riofr\u00edo \/ Calle Garza.<\/p>\n\n\n\n<p>Mancomunidad de Islantilla. Lepe \u2013 Isla Cristina<\/p>\n","protected":false},"excerpt":{"rendered":"<p>Llega la UND\u00c9CIMA edici\u00f3n del \u2018Programa N\u00e1utico en Familia\u2019 de Islantilla y seguimos navegando otro a\u00f1o para disfrutar de nuestro entorno verde y azul, con opciones de participaci\u00f3n para todos. Disfruta del deporte n\u00e1utico en verano participando en el sorteo de paseos en paddle surf y kayak, as\u00ed como de los cursos de windsurf y&#8230;<\/p>\n","protected":false},"author":14,"featured_media":6684,"comment_status":"open","ping_status":"open","sticky":false,"template":"","format":"standard","meta":{"jetpack_post_was_ever_published":false,"_jetpack_newsletter_access":"","_jetpack_dont_email_post_to_subs":false,"_jetpack_newsletter_tier_id":0,"_jetpack_memberships_contains_paywalled_content":false,"_jetpack_memberships_contains_paid_content":false,"footnotes":"","jetpack_publicize_message":"","jetpack_publicize_feature_enabled":true,"jetpack_social_post_already_shared":true,"jetpack_social_options":{"image_generator_settings":{"template":"highway","default_image_id":0,"font":"","enabled":false},"version":2}},"categories":[1,124],"tags":[],"class_list":["post-6669","post","type-post","status-publish","format-standard","has-post-thumbnail","hentry","category-deporte","category-programacion"],"yoast_head":"<!-- This site is optimized with the Yoast SEO plugin v26.9 - https:\/\/yoast.com\/product\/yoast-seo-wordpress\/ -->\n<title>XI PROGRAMA N\u00c1UTICO EN FAMILIA DE ISLANTILLA -<\/title>\n<meta name=\"robots\" content=\"index, follow, max-snippet:-1, max-image-preview:large, max-video-preview:-1\" \/>\n<link rel=\"canonical\" href=\"https:\/\/www.islantilla.es\/deportes\/2025\/06\/20\/xi-programa-nautico-en-familia-de-islantilla\/\" \/>\n<meta property=\"og:locale\" content=\"es_ES\" \/>\n<meta property=\"og:type\" content=\"article\" \/>\n<meta property=\"og:title\" content=\"XI PROGRAMA N\u00c1UTICO EN FAMILIA DE ISLANTILLA -\" \/>\n<meta property=\"og:description\" content=\"Llega la UND\u00c9CIMA edici\u00f3n del \u2018Programa N\u00e1utico en Familia\u2019 de Islantilla y seguimos navegando otro a\u00f1o para disfrutar de nuestro entorno verde y azul, con opciones de participaci\u00f3n para todos. Disfruta del deporte n\u00e1utico en verano participando en el sorteo de paseos en paddle surf y kayak, as\u00ed como de los cursos de windsurf y...\" \/>\n<meta property=\"og:url\" content=\"https:\/\/www.islantilla.es\/deportes\/2025\/06\/20\/xi-programa-nautico-en-familia-de-islantilla\/\" \/>\n<meta property=\"article:published_time\" content=\"2025-06-20T10:05:00+00:00\" \/>\n<meta property=\"article:modified_time\" content=\"2026-02-05T11:02:12+00:00\" \/>\n<meta property=\"og:image\" content=\"https:\/\/www.islantilla.es\/deportes\/wp-content\/uploads\/2025\/06\/NAUTICO-EN-FAMILIA-2025-scaled.jpg\" \/>\n\t<meta property=\"og:image:width\" content=\"1810\" \/>\n\t<meta property=\"og:image:height\" content=\"2560\" \/>\n\t<meta property=\"og:image:type\" content=\"image\/jpeg\" \/>\n<meta name=\"author\" content=\"Juanjo Aguilera\" \/>\n<meta name=\"twitter:card\" content=\"summary_large_image\" \/>\n<meta name=\"twitter:label1\" content=\"Escrito por\" \/>\n\t<meta name=\"twitter:data1\" content=\"Juanjo Aguilera\" \/>\n\t<meta name=\"twitter:label2\" content=\"Tiempo de lectura\" \/>\n\t<meta name=\"twitter:data2\" content=\"3 minutos\" \/>\n<script type=\"application\/ld+json\" class=\"yoast-schema-graph\">{\"@context\":\"https:\/\/schema.org\",\"@graph\":[{\"@type\":\"Article\",\"@id\":\"https:\/\/www.islantilla.es\/deportes\/2025\/06\/20\/xi-programa-nautico-en-familia-de-islantilla\/#article\",\"isPartOf\":{\"@id\":\"https:\/\/www.islantilla.es\/deportes\/2025\/06\/20\/xi-programa-nautico-en-familia-de-islantilla\/\"},\"author\":{\"name\":\"Juanjo Aguilera\",\"@id\":\"https:\/\/www.islantilla.es\/deportes\/#\/schema\/person\/acc1200d346939c120a0930702ce944d\"},\"headline\":\"XI PROGRAMA N\u00c1UTICO EN FAMILIA DE ISLANTILLA\",\"datePublished\":\"2025-06-20T10:05:00+00:00\",\"dateModified\":\"2026-02-05T11:02:12+00:00\",\"mainEntityOfPage\":{\"@id\":\"https:\/\/www.islantilla.es\/deportes\/2025\/06\/20\/xi-programa-nautico-en-familia-de-islantilla\/\"},\"wordCount\":399,\"commentCount\":0,\"image\":{\"@id\":\"https:\/\/www.islantilla.es\/deportes\/2025\/06\/20\/xi-programa-nautico-en-familia-de-islantilla\/#primaryimage\"},\"thumbnailUrl\":\"https:\/\/www.islantilla.es\/deportes\/wp-content\/uploads\/2025\/06\/NAUTICO-EN-FAMILIA-2025-scaled.jpg\",\"articleSection\":[\"Deportes\",\"PROGRAMACI\u00d3N\"],\"inLanguage\":\"es\",\"potentialAction\":[{\"@type\":\"CommentAction\",\"name\":\"Comment\",\"target\":[\"https:\/\/www.islantilla.es\/deportes\/2025\/06\/20\/xi-programa-nautico-en-familia-de-islantilla\/#respond\"]}]},{\"@type\":\"WebPage\",\"@id\":\"https:\/\/www.islantilla.es\/deportes\/2025\/06\/20\/xi-programa-nautico-en-familia-de-islantilla\/\",\"url\":\"https:\/\/www.islantilla.es\/deportes\/2025\/06\/20\/xi-programa-nautico-en-familia-de-islantilla\/\",\"name\":\"XI PROGRAMA N\u00c1UTICO EN FAMILIA DE ISLANTILLA -\",\"isPartOf\":{\"@id\":\"https:\/\/www.islantilla.es\/deportes\/#website\"},\"primaryImageOfPage\":{\"@id\":\"https:\/\/www.islantilla.es\/deportes\/2025\/06\/20\/xi-programa-nautico-en-familia-de-islantilla\/#primaryimage\"},\"image\":{\"@id\":\"https:\/\/www.islantilla.es\/deportes\/2025\/06\/20\/xi-programa-nautico-en-familia-de-islantilla\/#primaryimage\"},\"thumbnailUrl\":\"https:\/\/www.islantilla.es\/deportes\/wp-content\/uploads\/2025\/06\/NAUTICO-EN-FAMILIA-2025-scaled.jpg\",\"datePublished\":\"2025-06-20T10:05:00+00:00\",\"dateModified\":\"2026-02-05T11:02:12+00:00\",\"author\":{\"@id\":\"https:\/\/www.islantilla.es\/deportes\/#\/schema\/person\/acc1200d346939c120a0930702ce944d\"},\"breadcrumb\":{\"@id\":\"https:\/\/www.islantilla.es\/deportes\/2025\/06\/20\/xi-programa-nautico-en-familia-de-islantilla\/#breadcrumb\"},\"inLanguage\":\"es\",\"potentialAction\":[{\"@type\":\"ReadAction\",\"target\":[\"https:\/\/www.islantilla.es\/deportes\/2025\/06\/20\/xi-programa-nautico-en-familia-de-islantilla\/\"]}]},{\"@type\":\"ImageObject\",\"inLanguage\":\"es\",\"@id\":\"https:\/\/www.islantilla.es\/deportes\/2025\/06\/20\/xi-programa-nautico-en-familia-de-islantilla\/#primaryimage\",\"url\":\"https:\/\/www.islantilla.es\/deportes\/wp-content\/uploads\/2025\/06\/NAUTICO-EN-FAMILIA-2025-scaled.jpg\",\"contentUrl\":\"https:\/\/www.islantilla.es\/deportes\/wp-content\/uploads\/2025\/06\/NAUTICO-EN-FAMILIA-2025-scaled.jpg\",\"width\":1810,\"height\":2560},{\"@type\":\"BreadcrumbList\",\"@id\":\"https:\/\/www.islantilla.es\/deportes\/2025\/06\/20\/xi-programa-nautico-en-familia-de-islantilla\/#breadcrumb\",\"itemListElement\":[{\"@type\":\"ListItem\",\"position\":1,\"name\":\"Portada\",\"item\":\"https:\/\/www.islantilla.es\/deportes\/\"},{\"@type\":\"ListItem\",\"position\":2,\"name\":\"XI PROGRAMA N\u00c1UTICO EN FAMILIA DE ISLANTILLA\"}]},{\"@type\":\"WebSite\",\"@id\":\"https:\/\/www.islantilla.es\/deportes\/#website\",\"url\":\"https:\/\/www.islantilla.es\/deportes\/\",\"name\":\"\",\"description\":\"Servicio de Deportes Mancomunidad de Islantilla\",\"potentialAction\":[{\"@type\":\"SearchAction\",\"target\":{\"@type\":\"EntryPoint\",\"urlTemplate\":\"https:\/\/www.islantilla.es\/deportes\/?s={search_term_string}\"},\"query-input\":{\"@type\":\"PropertyValueSpecification\",\"valueRequired\":true,\"valueName\":\"search_term_string\"}}],\"inLanguage\":\"es\"},{\"@type\":\"Person\",\"@id\":\"https:\/\/www.islantilla.es\/deportes\/#\/schema\/person\/acc1200d346939c120a0930702ce944d\",\"name\":\"Juanjo Aguilera\",\"image\":{\"@type\":\"ImageObject\",\"inLanguage\":\"es\",\"@id\":\"https:\/\/www.islantilla.es\/deportes\/#\/schema\/person\/image\/\",\"url\":\"https:\/\/secure.gravatar.com\/avatar\/25852607865b7d86a7b52cc7692914dc7be3bdef4515e284999629674c10e9de?s=96&d=mm&r=g\",\"contentUrl\":\"https:\/\/secure.gravatar.com\/avatar\/25852607865b7d86a7b52cc7692914dc7be3bdef4515e284999629674c10e9de?s=96&d=mm&r=g\",\"caption\":\"Juanjo Aguilera\"},\"sameAs\":[\"https:\/\/www.islantilla.es\"],\"url\":\"https:\/\/www.islantilla.es\/deportes\/author\/juanjo-aguilera\/\"}]}<\/script>\n<!-- \/ Yoast SEO plugin. -->","yoast_head_json":{"title":"XI PROGRAMA N\u00c1UTICO EN FAMILIA DE ISLANTILLA -","robots":{"index":"index","follow":"follow","max-snippet":"max-snippet:-1","max-image-preview":"max-image-preview:large","max-video-preview":"max-video-preview:-1"},"canonical":"https:\/\/www.islantilla.es\/deportes\/2025\/06\/20\/xi-programa-nautico-en-familia-de-islantilla\/","og_locale":"es_ES","og_type":"article","og_title":"XI PROGRAMA N\u00c1UTICO EN FAMILIA DE ISLANTILLA -","og_description":"Llega la UND\u00c9CIMA edici\u00f3n del \u2018Programa N\u00e1utico en Familia\u2019 de Islantilla y seguimos navegando otro a\u00f1o para disfrutar de nuestro entorno verde y azul, con opciones de participaci\u00f3n para todos. Disfruta del deporte n\u00e1utico en verano participando en el sorteo de paseos en paddle surf y kayak, as\u00ed como de los cursos de windsurf y...","og_url":"https:\/\/www.islantilla.es\/deportes\/2025\/06\/20\/xi-programa-nautico-en-familia-de-islantilla\/","article_published_time":"2025-06-20T10:05:00+00:00","article_modified_time":"2026-02-05T11:02:12+00:00","og_image":[{"width":1810,"height":2560,"url":"https:\/\/www.islantilla.es\/deportes\/wp-content\/uploads\/2025\/06\/NAUTICO-EN-FAMILIA-2025-scaled.jpg","type":"image\/jpeg"}],"author":"Juanjo Aguilera","twitter_card":"summary_large_image","twitter_misc":{"Escrito por":"Juanjo Aguilera","Tiempo de lectura":"3 minutos"},"schema":{"@context":"https:\/\/schema.org","@graph":[{"@type":"Article","@id":"https:\/\/www.islantilla.es\/deportes\/2025\/06\/20\/xi-programa-nautico-en-familia-de-islantilla\/#article","isPartOf":{"@id":"https:\/\/www.islantilla.es\/deportes\/2025\/06\/20\/xi-programa-nautico-en-familia-de-islantilla\/"},"author":{"name":"Juanjo Aguilera","@id":"https:\/\/www.islantilla.es\/deportes\/#\/schema\/person\/acc1200d346939c120a0930702ce944d"},"headline":"XI PROGRAMA N\u00c1UTICO EN FAMILIA DE ISLANTILLA","datePublished":"2025-06-20T10:05:00+00:00","dateModified":"2026-02-05T11:02:12+00:00","mainEntityOfPage":{"@id":"https:\/\/www.islantilla.es\/deportes\/2025\/06\/20\/xi-programa-nautico-en-familia-de-islantilla\/"},"wordCount":399,"commentCount":0,"image":{"@id":"https:\/\/www.islantilla.es\/deportes\/2025\/06\/20\/xi-programa-nautico-en-familia-de-islantilla\/#primaryimage"},"thumbnailUrl":"https:\/\/www.islantilla.es\/deportes\/wp-content\/uploads\/2025\/06\/NAUTICO-EN-FAMILIA-2025-scaled.jpg","articleSection":["Deportes","PROGRAMACI\u00d3N"],"inLanguage":"es","potentialAction":[{"@type":"CommentAction","name":"Comment","target":["https:\/\/www.islantilla.es\/deportes\/2025\/06\/20\/xi-programa-nautico-en-familia-de-islantilla\/#respond"]}]},{"@type":"WebPage","@id":"https:\/\/www.islantilla.es\/deportes\/2025\/06\/20\/xi-programa-nautico-en-familia-de-islantilla\/","url":"https:\/\/www.islantilla.es\/deportes\/2025\/06\/20\/xi-programa-nautico-en-familia-de-islantilla\/","name":"XI PROGRAMA N\u00c1UTICO EN FAMILIA DE ISLANTILLA -","isPartOf":{"@id":"https:\/\/www.islantilla.es\/deportes\/#website"},"primaryImageOfPage":{"@id":"https:\/\/www.islantilla.es\/deportes\/2025\/06\/20\/xi-programa-nautico-en-familia-de-islantilla\/#primaryimage"},"image":{"@id":"https:\/\/www.islantilla.es\/deportes\/2025\/06\/20\/xi-programa-nautico-en-familia-de-islantilla\/#primaryimage"},"thumbnailUrl":"https:\/\/www.islantilla.es\/deportes\/wp-content\/uploads\/2025\/06\/NAUTICO-EN-FAMILIA-2025-scaled.jpg","datePublished":"2025-06-20T10:05:00+00:00","dateModified":"2026-02-05T11:02:12+00:00","author":{"@id":"https:\/\/www.islantilla.es\/deportes\/#\/schema\/person\/acc1200d346939c120a0930702ce944d"},"breadcrumb":{"@id":"https:\/\/www.islantilla.es\/deportes\/2025\/06\/20\/xi-programa-nautico-en-familia-de-islantilla\/#breadcrumb"},"inLanguage":"es","potentialAction":[{"@type":"ReadAction","target":["https:\/\/www.islantilla.es\/deportes\/2025\/06\/20\/xi-programa-nautico-en-familia-de-islantilla\/"]}]},{"@type":"ImageObject","inLanguage":"es","@id":"https:\/\/www.islantilla.es\/deportes\/2025\/06\/20\/xi-programa-nautico-en-familia-de-islantilla\/#primaryimage","url":"https:\/\/www.islantilla.es\/deportes\/wp-content\/uploads\/2025\/06\/NAUTICO-EN-FAMILIA-2025-scaled.jpg","contentUrl":"https:\/\/www.islantilla.es\/deportes\/wp-content\/uploads\/2025\/06\/NAUTICO-EN-FAMILIA-2025-scaled.jpg","width":1810,"height":2560},{"@type":"BreadcrumbList","@id":"https:\/\/www.islantilla.es\/deportes\/2025\/06\/20\/xi-programa-nautico-en-familia-de-islantilla\/#breadcrumb","itemListElement":[{"@type":"ListItem","position":1,"name":"Portada","item":"https:\/\/www.islantilla.es\/deportes\/"},{"@type":"ListItem","position":2,"name":"XI PROGRAMA N\u00c1UTICO EN FAMILIA DE ISLANTILLA"}]},{"@type":"WebSite","@id":"https:\/\/www.islantilla.es\/deportes\/#website","url":"https:\/\/www.islantilla.es\/deportes\/","name":"","description":"Servicio de Deportes Mancomunidad de Islantilla","potentialAction":[{"@type":"SearchAction","target":{"@type":"EntryPoint","urlTemplate":"https:\/\/www.islantilla.es\/deportes\/?s={search_term_string}"},"query-input":{"@type":"PropertyValueSpecification","valueRequired":true,"valueName":"search_term_string"}}],"inLanguage":"es"},{"@type":"Person","@id":"https:\/\/www.islantilla.es\/deportes\/#\/schema\/person\/acc1200d346939c120a0930702ce944d","name":"Juanjo Aguilera","image":{"@type":"ImageObject","inLanguage":"es","@id":"https:\/\/www.islantilla.es\/deportes\/#\/schema\/person\/image\/","url":"https:\/\/secure.gravatar.com\/avatar\/25852607865b7d86a7b52cc7692914dc7be3bdef4515e284999629674c10e9de?s=96&d=mm&r=g","contentUrl":"https:\/\/secure.gravatar.com\/avatar\/25852607865b7d86a7b52cc7692914dc7be3bdef4515e284999629674c10e9de?s=96&d=mm&r=g","caption":"Juanjo Aguilera"},"sameAs":["https:\/\/www.islantilla.es"],"url":"https:\/\/www.islantilla.es\/deportes\/author\/juanjo-aguilera\/"}]}},"jetpack_publicize_connections":[],"jetpack_featured_media_url":"https:\/\/www.islantilla.es\/deportes\/wp-content\/uploads\/2025\/06\/NAUTICO-EN-FAMILIA-2025-scaled.jpg","jetpack_sharing_enabled":true,"_links":{"self":[{"href":"https:\/\/www.islantilla.es\/deportes\/wp-json\/wp\/v2\/posts\/6669","targetHints":{"allow":["GET"]}}],"collection":[{"href":"https:\/\/www.islantilla.es\/deportes\/wp-json\/wp\/v2\/posts"}],"about":[{"href":"https:\/\/www.islantilla.es\/deportes\/wp-json\/wp\/v2\/types\/post"}],"author":[{"embeddable":true,"href":"https:\/\/www.islantilla.es\/deportes\/wp-json\/wp\/v2\/users\/14"}],"replies":[{"embeddable":true,"href":"https:\/\/www.islantilla.es\/deportes\/wp-json\/wp\/v2\/comments?post=6669"}],"version-history":[{"count":6,"href":"https:\/\/www.islantilla.es\/deportes\/wp-json\/wp\/v2\/posts\/6669\/revisions"}],"predecessor-version":[{"id":6834,"href":"https:\/\/www.islantilla.es\/deportes\/wp-json\/wp\/v2\/posts\/6669\/revisions\/6834"}],"wp:featuredmedia":[{"embeddable":true,"href":"https:\/\/www.islantilla.es\/deportes\/wp-json\/wp\/v2\/media\/6684"}],"wp:attachment":[{"href":"https:\/\/www.islantilla.es\/deportes\/wp-json\/wp\/v2\/media?parent=6669"}],"wp:term":[{"taxonomy":"category","embeddable":true,"href":"https:\/\/www.islantilla.es\/deportes\/wp-json\/wp\/v2\/categories?post=6669"},{"taxonomy":"post_tag","embeddable":true,"href":"https:\/\/www.islantilla.es\/deportes\/wp-json\/wp\/v2\/tags?post=6669"}],"curies":[{"name":"wp","href":"https:\/\/api.w.org\/{rel}","templated":true}]}}