{"id":6080,"date":"2025-03-13T08:41:37","date_gmt":"2025-03-13T07:41:37","guid":{"rendered":"https:\/\/www.islantilla.es\/deportes\/?p=6080"},"modified":"2026-02-05T11:31:29","modified_gmt":"2026-02-05T10:31:29","slug":"vuelven-las-escuelas-deportivas-en-islantilla-para-la-primavera-2025","status":"publish","type":"post","link":"https:\/\/www.islantilla.es\/deportes\/2025\/03\/13\/vuelven-las-escuelas-deportivas-en-islantilla-para-la-primavera-2025\/","title":{"rendered":"VUELVEN LAS ESCUELAS DEPORTIVAS EN ISLANTILLA PARA LA PRIMAVERA\u00a02025"},"content":{"rendered":"\n<p>Escuelas deportivas de Islantilla durante todo el a\u00f1o con las modalidades de fitness y pilates.<\/p>\n\n\n\n<p>Continuamos haciendo deporte. Las escuelas deportivas m\u00e1s demandadas tienen sus practicantes durante el resto del a\u00f1o. La poblaci\u00f3n residente en Islantilla y alrededores demanda este servicio y desde Mancomunidad de Islantilla estamos encantados de cubrir esa demanda.<\/p>\n\n\n\n<p>Por ello, se han programado las Escuelas Deportivas de Islantilla para las modalidades de fitness y pilates, que dar\u00e1n comienzo el lunes 3 de marzo y se extender\u00e1n hasta el viernes 30 de mayo, con las siguientes caracter\u00edsticas:<\/p>\n\n\n\n<p><strong>Fitness<\/strong>:<\/p>\n\n\n\n<p>Duraci\u00f3n: Primavera: marzo, abril y mayo.<\/p>\n\n\n\n<p>D\u00edas y horario: lunes, mi\u00e9rcoles y jueves. 19h-20h.<\/p>\n\n\n\n<p><strong>Pilates<\/strong>:<\/p>\n\n\n\n<p>Duraci\u00f3n. Primavera: marzo, abril y mayo.<\/p>\n\n\n\n<p>D\u00edas y horario: martes, jueves y viernes. 19h-20h.<\/p>\n\n\n\n<p>Las inscripciones se realizar\u00e1n a trav\u00e9s de un formulario online en los enlaces que se indican a continuaci\u00f3n, tendr\u00e1n un coste cero para los usuarios que deber\u00e1n depositar una fianza en el&nbsp;<a href=\"https:\/\/maps.app.goo.gl\/oUcFQyyfo18KSiGh9\" target=\"_blank\" rel=\"noreferrer noopener\">Centro Activo de Islantilla<\/a>&nbsp;(lunes a viernes, 9h-14h) con la intenci\u00f3n de asegurar las plazas de cada actividad y la asistencia a las mismas.<\/p>\n\n\n\n<p><strong>INSCRIPCIONES<\/strong>:<\/p>\n\n\n\n<p><strong>Fitness<\/strong>: Lunes, mi\u00e9rcoles y jueves 19h-20h.&nbsp;<a href=\"https:\/\/forms.gle\/V55TYxhqkds21QiK8\" target=\"_blank\" rel=\"noreferrer noopener\">https:\/\/forms.gle\/V55TYxhqkds21QiK8<\/a><\/p>\n\n\n\n<p><strong>Pilates<\/strong>: Martes, jueves y viernes. 19h-20h.&nbsp;<a href=\"https:\/\/forms.gle\/BGzS2v419SmLqTtTA\" target=\"_blank\" rel=\"noreferrer noopener\">https:\/\/forms.gle\/BGzS2v419SmLqTtTA<\/a><\/p>\n\n\n\n<p>Las escuelas tienen coste cero para los usuarios, debiendo abonar una fianza de 20\u20ac que les ser\u00e1n devueltos si asiste al 80% de las clases.<\/p>\n\n\n\n<p>Aquellas personas y empresas interesadas en conocer m\u00e1s en detalle el programa deportivo de Islantilla pueden ponerse en contacto con el \u00c1rea de Deportes de la Mancomunidad de Islantilla a trav\u00e9s del correo electr\u00f3nico\u00a0<em><a href=\"mailto:deportes@islantilla.es\" target=\"_blank\" rel=\"noreferrer noopener\"><u>deportes@islantilla.es<\/u><\/a><\/em>, en el tlfno <a href=\"https:\/\/www.islantilla.es\/deportes\/contacto\/\">959 646 028<\/a>, Whatsapp <a href=\"https:\/\/www.islantilla.es\/deportes\/contacto\/\">639 282 221<\/a> o de las redes sociales (Facebook:\u00a0<a href=\"https:\/\/www.facebook.com\/groups\/150285971671177\/\" target=\"_blank\" rel=\"noreferrer noopener\">Islantilla Deportes<\/a>\u00a0y Twitter:<a href=\"https:\/\/twitter.com\/IslantillaDxts\" target=\"_blank\" rel=\"noreferrer noopener\">@IslantillaDxts<\/a>). Tambi\u00e9n pueden visitarnos en el\u00a0<a href=\"https:\/\/goo.gl\/maps\/xusru1HUWzgVngUZA\" target=\"_blank\" rel=\"noreferrer noopener\">Centro Activo de Islantilla<\/a>, en Avda de Riofr\u00edo esquina con Calle Garza de Islantilla.<\/p>\n\n\n\n<figure class=\"wp-block-image size-full is-resized\"><img loading=\"lazy\" decoding=\"async\" width=\"597\" height=\"600\" src=\"https:\/\/www.islantilla.es\/deportes\/wp-content\/uploads\/2025\/03\/logo1.png\" alt=\"logo islantilla deportes\" class=\"wp-image-5699\" style=\"width:172px;height:auto\" srcset=\"https:\/\/www.islantilla.es\/deportes\/wp-content\/uploads\/2025\/03\/logo1.png 597w, https:\/\/www.islantilla.es\/deportes\/wp-content\/uploads\/2025\/03\/logo1-150x150.png 150w\" sizes=\"auto, (max-width: 597px) 100vw, 597px\" \/><\/figure>\n\n\n\n<figure class=\"wp-block-image size-full is-resized\"><img loading=\"lazy\" decoding=\"async\" width=\"1024\" height=\"724\" src=\"https:\/\/www.islantilla.es\/deportes\/wp-content\/uploads\/2025\/03\/logo-centro-activo-2.jpg\" alt=\"logo centro activo\" class=\"wp-image-5181\" style=\"width:517px;height:auto\" srcset=\"https:\/\/www.islantilla.es\/deportes\/wp-content\/uploads\/2025\/03\/logo-centro-activo-2.jpg 1024w, https:\/\/www.islantilla.es\/deportes\/wp-content\/uploads\/2025\/03\/logo-centro-activo-2-300x212.jpg 300w, https:\/\/www.islantilla.es\/deportes\/wp-content\/uploads\/2025\/03\/logo-centro-activo-2-768x543.jpg 768w\" sizes=\"auto, (max-width: 1024px) 100vw, 1024px\" \/><\/figure>\n\n\n\n<p><\/p>\n","protected":false},"excerpt":{"rendered":"<p>Escuelas deportivas de Islantilla durante todo el a\u00f1o con las modalidades de fitness y pilates. Continuamos haciendo deporte. Las escuelas deportivas m\u00e1s demandadas tienen sus practicantes durante el resto del a\u00f1o. La poblaci\u00f3n residente en Islantilla y alrededores demanda este servicio y desde Mancomunidad de Islantilla estamos encantados de cubrir esa demanda. Por ello, se&#8230;<\/p>\n","protected":false},"author":14,"featured_media":6082,"comment_status":"open","ping_status":"open","sticky":false,"template":"","format":"standard","meta":{"jetpack_post_was_ever_published":false,"_jetpack_newsletter_access":"","_jetpack_dont_email_post_to_subs":false,"_jetpack_newsletter_tier_id":0,"_jetpack_memberships_contains_paywalled_content":false,"_jetpack_memberships_contains_paid_content":false,"footnotes":"","jetpack_publicize_message":"","jetpack_publicize_feature_enabled":true,"jetpack_social_post_already_shared":false,"jetpack_social_options":{"image_generator_settings":{"template":"highway","default_image_id":0,"font":"","enabled":false},"version":2}},"categories":[1,124],"tags":[],"class_list":["post-6080","post","type-post","status-publish","format-standard","has-post-thumbnail","hentry","category-deporte","category-programacion"],"yoast_head":"<!-- This site is optimized with the Yoast SEO plugin v26.9 - https:\/\/yoast.com\/product\/yoast-seo-wordpress\/ -->\n<title>Escuelas deportivas Primavera 2025 - Islantilla<\/title>\n<meta name=\"description\" content=\"Vuelven las escuelas deportivas primavera 2025 de Islantilla durante todo el a\u00f1o con las modalidades de fitness y pilates.\" \/>\n<meta name=\"robots\" content=\"index, follow, max-snippet:-1, max-image-preview:large, max-video-preview:-1\" \/>\n<link rel=\"canonical\" href=\"https:\/\/www.islantilla.es\/deportes\/2025\/03\/13\/vuelven-las-escuelas-deportivas-en-islantilla-para-la-primavera-2025\/\" \/>\n<meta property=\"og:locale\" content=\"es_ES\" \/>\n<meta property=\"og:type\" content=\"article\" \/>\n<meta property=\"og:title\" content=\"Escuelas deportivas Primavera 2025 - Islantilla\" \/>\n<meta property=\"og:description\" content=\"Vuelven las escuelas deportivas primavera 2025 de Islantilla durante todo el a\u00f1o con las modalidades de fitness y pilates.\" \/>\n<meta property=\"og:url\" content=\"https:\/\/www.islantilla.es\/deportes\/2025\/03\/13\/vuelven-las-escuelas-deportivas-en-islantilla-para-la-primavera-2025\/\" \/>\n<meta property=\"article:published_time\" content=\"2025-03-13T07:41:37+00:00\" \/>\n<meta property=\"article:modified_time\" content=\"2026-02-05T10:31:29+00:00\" \/>\n<meta property=\"og:image\" content=\"https:\/\/www.islantilla.es\/deportes\/wp-content\/uploads\/2025\/03\/cartel-fitness-y-pilates-primavera-2025-scaled.jpg\" \/>\n\t<meta property=\"og:image:width\" content=\"1\" \/>\n\t<meta property=\"og:image:height\" content=\"1\" \/>\n\t<meta property=\"og:image:type\" content=\"image\/jpeg\" \/>\n<meta name=\"author\" content=\"Juanjo Aguilera\" \/>\n<meta name=\"twitter:card\" content=\"summary_large_image\" \/>\n<meta name=\"twitter:label1\" content=\"Escrito por\" \/>\n\t<meta name=\"twitter:data1\" content=\"Juanjo Aguilera\" \/>\n\t<meta name=\"twitter:label2\" content=\"Tiempo de lectura\" \/>\n\t<meta name=\"twitter:data2\" content=\"2 minutos\" \/>\n<script type=\"application\/ld+json\" class=\"yoast-schema-graph\">{\"@context\":\"https:\/\/schema.org\",\"@graph\":[{\"@type\":\"Article\",\"@id\":\"https:\/\/www.islantilla.es\/deportes\/2025\/03\/13\/vuelven-las-escuelas-deportivas-en-islantilla-para-la-primavera-2025\/#article\",\"isPartOf\":{\"@id\":\"https:\/\/www.islantilla.es\/deportes\/2025\/03\/13\/vuelven-las-escuelas-deportivas-en-islantilla-para-la-primavera-2025\/\"},\"author\":{\"name\":\"Juanjo Aguilera\",\"@id\":\"https:\/\/www.islantilla.es\/deportes\/#\/schema\/person\/acc1200d346939c120a0930702ce944d\"},\"headline\":\"VUELVEN LAS ESCUELAS DEPORTIVAS EN ISLANTILLA PARA LA PRIMAVERA\u00a02025\",\"datePublished\":\"2025-03-13T07:41:37+00:00\",\"dateModified\":\"2026-02-05T10:31:29+00:00\",\"mainEntityOfPage\":{\"@id\":\"https:\/\/www.islantilla.es\/deportes\/2025\/03\/13\/vuelven-las-escuelas-deportivas-en-islantilla-para-la-primavera-2025\/\"},\"wordCount\":336,\"commentCount\":0,\"image\":{\"@id\":\"https:\/\/www.islantilla.es\/deportes\/2025\/03\/13\/vuelven-las-escuelas-deportivas-en-islantilla-para-la-primavera-2025\/#primaryimage\"},\"thumbnailUrl\":\"https:\/\/www.islantilla.es\/deportes\/wp-content\/uploads\/2025\/03\/cartel-fitness-y-pilates-primavera-2025-scaled.jpg\",\"articleSection\":[\"Deportes\",\"PROGRAMACI\u00d3N\"],\"inLanguage\":\"es\",\"potentialAction\":[{\"@type\":\"CommentAction\",\"name\":\"Comment\",\"target\":[\"https:\/\/www.islantilla.es\/deportes\/2025\/03\/13\/vuelven-las-escuelas-deportivas-en-islantilla-para-la-primavera-2025\/#respond\"]}]},{\"@type\":\"WebPage\",\"@id\":\"https:\/\/www.islantilla.es\/deportes\/2025\/03\/13\/vuelven-las-escuelas-deportivas-en-islantilla-para-la-primavera-2025\/\",\"url\":\"https:\/\/www.islantilla.es\/deportes\/2025\/03\/13\/vuelven-las-escuelas-deportivas-en-islantilla-para-la-primavera-2025\/\",\"name\":\"Escuelas deportivas Primavera 2025 - Islantilla\",\"isPartOf\":{\"@id\":\"https:\/\/www.islantilla.es\/deportes\/#website\"},\"primaryImageOfPage\":{\"@id\":\"https:\/\/www.islantilla.es\/deportes\/2025\/03\/13\/vuelven-las-escuelas-deportivas-en-islantilla-para-la-primavera-2025\/#primaryimage\"},\"image\":{\"@id\":\"https:\/\/www.islantilla.es\/deportes\/2025\/03\/13\/vuelven-las-escuelas-deportivas-en-islantilla-para-la-primavera-2025\/#primaryimage\"},\"thumbnailUrl\":\"https:\/\/www.islantilla.es\/deportes\/wp-content\/uploads\/2025\/03\/cartel-fitness-y-pilates-primavera-2025-scaled.jpg\",\"datePublished\":\"2025-03-13T07:41:37+00:00\",\"dateModified\":\"2026-02-05T10:31:29+00:00\",\"author\":{\"@id\":\"https:\/\/www.islantilla.es\/deportes\/#\/schema\/person\/acc1200d346939c120a0930702ce944d\"},\"description\":\"Vuelven las escuelas deportivas primavera 2025 de Islantilla durante todo el a\u00f1o con las modalidades de fitness y pilates.\",\"breadcrumb\":{\"@id\":\"https:\/\/www.islantilla.es\/deportes\/2025\/03\/13\/vuelven-las-escuelas-deportivas-en-islantilla-para-la-primavera-2025\/#breadcrumb\"},\"inLanguage\":\"es\",\"potentialAction\":[{\"@type\":\"ReadAction\",\"target\":[\"https:\/\/www.islantilla.es\/deportes\/2025\/03\/13\/vuelven-las-escuelas-deportivas-en-islantilla-para-la-primavera-2025\/\"]}]},{\"@type\":\"ImageObject\",\"inLanguage\":\"es\",\"@id\":\"https:\/\/www.islantilla.es\/deportes\/2025\/03\/13\/vuelven-las-escuelas-deportivas-en-islantilla-para-la-primavera-2025\/#primaryimage\",\"url\":\"https:\/\/www.islantilla.es\/deportes\/wp-content\/uploads\/2025\/03\/cartel-fitness-y-pilates-primavera-2025-scaled.jpg\",\"contentUrl\":\"https:\/\/www.islantilla.es\/deportes\/wp-content\/uploads\/2025\/03\/cartel-fitness-y-pilates-primavera-2025-scaled.jpg\",\"caption\":\"cartel fitness y pilates\"},{\"@type\":\"BreadcrumbList\",\"@id\":\"https:\/\/www.islantilla.es\/deportes\/2025\/03\/13\/vuelven-las-escuelas-deportivas-en-islantilla-para-la-primavera-2025\/#breadcrumb\",\"itemListElement\":[{\"@type\":\"ListItem\",\"position\":1,\"name\":\"Portada\",\"item\":\"https:\/\/www.islantilla.es\/deportes\/\"},{\"@type\":\"ListItem\",\"position\":2,\"name\":\"VUELVEN LAS ESCUELAS DEPORTIVAS EN ISLANTILLA PARA LA PRIMAVERA\u00a02025\"}]},{\"@type\":\"WebSite\",\"@id\":\"https:\/\/www.islantilla.es\/deportes\/#website\",\"url\":\"https:\/\/www.islantilla.es\/deportes\/\",\"name\":\"\",\"description\":\"Servicio de Deportes Mancomunidad de Islantilla\",\"potentialAction\":[{\"@type\":\"SearchAction\",\"target\":{\"@type\":\"EntryPoint\",\"urlTemplate\":\"https:\/\/www.islantilla.es\/deportes\/?s={search_term_string}\"},\"query-input\":{\"@type\":\"PropertyValueSpecification\",\"valueRequired\":true,\"valueName\":\"search_term_string\"}}],\"inLanguage\":\"es\"},{\"@type\":\"Person\",\"@id\":\"https:\/\/www.islantilla.es\/deportes\/#\/schema\/person\/acc1200d346939c120a0930702ce944d\",\"name\":\"Juanjo Aguilera\",\"image\":{\"@type\":\"ImageObject\",\"inLanguage\":\"es\",\"@id\":\"https:\/\/www.islantilla.es\/deportes\/#\/schema\/person\/image\/\",\"url\":\"https:\/\/secure.gravatar.com\/avatar\/25852607865b7d86a7b52cc7692914dc7be3bdef4515e284999629674c10e9de?s=96&d=mm&r=g\",\"contentUrl\":\"https:\/\/secure.gravatar.com\/avatar\/25852607865b7d86a7b52cc7692914dc7be3bdef4515e284999629674c10e9de?s=96&d=mm&r=g\",\"caption\":\"Juanjo Aguilera\"},\"sameAs\":[\"https:\/\/www.islantilla.es\"],\"url\":\"https:\/\/www.islantilla.es\/deportes\/author\/juanjo-aguilera\/\"}]}<\/script>\n<!-- \/ Yoast SEO plugin. -->","yoast_head_json":{"title":"Escuelas deportivas Primavera 2025 - Islantilla","description":"Vuelven las escuelas deportivas primavera 2025 de Islantilla durante todo el a\u00f1o con las modalidades de fitness y pilates.","robots":{"index":"index","follow":"follow","max-snippet":"max-snippet:-1","max-image-preview":"max-image-preview:large","max-video-preview":"max-video-preview:-1"},"canonical":"https:\/\/www.islantilla.es\/deportes\/2025\/03\/13\/vuelven-las-escuelas-deportivas-en-islantilla-para-la-primavera-2025\/","og_locale":"es_ES","og_type":"article","og_title":"Escuelas deportivas Primavera 2025 - Islantilla","og_description":"Vuelven las escuelas deportivas primavera 2025 de Islantilla durante todo el a\u00f1o con las modalidades de fitness y pilates.","og_url":"https:\/\/www.islantilla.es\/deportes\/2025\/03\/13\/vuelven-las-escuelas-deportivas-en-islantilla-para-la-primavera-2025\/","article_published_time":"2025-03-13T07:41:37+00:00","article_modified_time":"2026-02-05T10:31:29+00:00","og_image":[{"url":"https:\/\/www.islantilla.es\/deportes\/wp-content\/uploads\/2025\/03\/cartel-fitness-y-pilates-primavera-2025-scaled.jpg","width":1,"height":1,"type":"image\/jpeg"}],"author":"Juanjo Aguilera","twitter_card":"summary_large_image","twitter_misc":{"Escrito por":"Juanjo Aguilera","Tiempo de lectura":"2 minutos"},"schema":{"@context":"https:\/\/schema.org","@graph":[{"@type":"Article","@id":"https:\/\/www.islantilla.es\/deportes\/2025\/03\/13\/vuelven-las-escuelas-deportivas-en-islantilla-para-la-primavera-2025\/#article","isPartOf":{"@id":"https:\/\/www.islantilla.es\/deportes\/2025\/03\/13\/vuelven-las-escuelas-deportivas-en-islantilla-para-la-primavera-2025\/"},"author":{"name":"Juanjo Aguilera","@id":"https:\/\/www.islantilla.es\/deportes\/#\/schema\/person\/acc1200d346939c120a0930702ce944d"},"headline":"VUELVEN LAS ESCUELAS DEPORTIVAS EN ISLANTILLA PARA LA PRIMAVERA\u00a02025","datePublished":"2025-03-13T07:41:37+00:00","dateModified":"2026-02-05T10:31:29+00:00","mainEntityOfPage":{"@id":"https:\/\/www.islantilla.es\/deportes\/2025\/03\/13\/vuelven-las-escuelas-deportivas-en-islantilla-para-la-primavera-2025\/"},"wordCount":336,"commentCount":0,"image":{"@id":"https:\/\/www.islantilla.es\/deportes\/2025\/03\/13\/vuelven-las-escuelas-deportivas-en-islantilla-para-la-primavera-2025\/#primaryimage"},"thumbnailUrl":"https:\/\/www.islantilla.es\/deportes\/wp-content\/uploads\/2025\/03\/cartel-fitness-y-pilates-primavera-2025-scaled.jpg","articleSection":["Deportes","PROGRAMACI\u00d3N"],"inLanguage":"es","potentialAction":[{"@type":"CommentAction","name":"Comment","target":["https:\/\/www.islantilla.es\/deportes\/2025\/03\/13\/vuelven-las-escuelas-deportivas-en-islantilla-para-la-primavera-2025\/#respond"]}]},{"@type":"WebPage","@id":"https:\/\/www.islantilla.es\/deportes\/2025\/03\/13\/vuelven-las-escuelas-deportivas-en-islantilla-para-la-primavera-2025\/","url":"https:\/\/www.islantilla.es\/deportes\/2025\/03\/13\/vuelven-las-escuelas-deportivas-en-islantilla-para-la-primavera-2025\/","name":"Escuelas deportivas Primavera 2025 - Islantilla","isPartOf":{"@id":"https:\/\/www.islantilla.es\/deportes\/#website"},"primaryImageOfPage":{"@id":"https:\/\/www.islantilla.es\/deportes\/2025\/03\/13\/vuelven-las-escuelas-deportivas-en-islantilla-para-la-primavera-2025\/#primaryimage"},"image":{"@id":"https:\/\/www.islantilla.es\/deportes\/2025\/03\/13\/vuelven-las-escuelas-deportivas-en-islantilla-para-la-primavera-2025\/#primaryimage"},"thumbnailUrl":"https:\/\/www.islantilla.es\/deportes\/wp-content\/uploads\/2025\/03\/cartel-fitness-y-pilates-primavera-2025-scaled.jpg","datePublished":"2025-03-13T07:41:37+00:00","dateModified":"2026-02-05T10:31:29+00:00","author":{"@id":"https:\/\/www.islantilla.es\/deportes\/#\/schema\/person\/acc1200d346939c120a0930702ce944d"},"description":"Vuelven las escuelas deportivas primavera 2025 de Islantilla durante todo el a\u00f1o con las modalidades de fitness y pilates.","breadcrumb":{"@id":"https:\/\/www.islantilla.es\/deportes\/2025\/03\/13\/vuelven-las-escuelas-deportivas-en-islantilla-para-la-primavera-2025\/#breadcrumb"},"inLanguage":"es","potentialAction":[{"@type":"ReadAction","target":["https:\/\/www.islantilla.es\/deportes\/2025\/03\/13\/vuelven-las-escuelas-deportivas-en-islantilla-para-la-primavera-2025\/"]}]},{"@type":"ImageObject","inLanguage":"es","@id":"https:\/\/www.islantilla.es\/deportes\/2025\/03\/13\/vuelven-las-escuelas-deportivas-en-islantilla-para-la-primavera-2025\/#primaryimage","url":"https:\/\/www.islantilla.es\/deportes\/wp-content\/uploads\/2025\/03\/cartel-fitness-y-pilates-primavera-2025-scaled.jpg","contentUrl":"https:\/\/www.islantilla.es\/deportes\/wp-content\/uploads\/2025\/03\/cartel-fitness-y-pilates-primavera-2025-scaled.jpg","caption":"cartel fitness y pilates"},{"@type":"BreadcrumbList","@id":"https:\/\/www.islantilla.es\/deportes\/2025\/03\/13\/vuelven-las-escuelas-deportivas-en-islantilla-para-la-primavera-2025\/#breadcrumb","itemListElement":[{"@type":"ListItem","position":1,"name":"Portada","item":"https:\/\/www.islantilla.es\/deportes\/"},{"@type":"ListItem","position":2,"name":"VUELVEN LAS ESCUELAS DEPORTIVAS EN ISLANTILLA PARA LA PRIMAVERA\u00a02025"}]},{"@type":"WebSite","@id":"https:\/\/www.islantilla.es\/deportes\/#website","url":"https:\/\/www.islantilla.es\/deportes\/","name":"","description":"Servicio de Deportes Mancomunidad de Islantilla","potentialAction":[{"@type":"SearchAction","target":{"@type":"EntryPoint","urlTemplate":"https:\/\/www.islantilla.es\/deportes\/?s={search_term_string}"},"query-input":{"@type":"PropertyValueSpecification","valueRequired":true,"valueName":"search_term_string"}}],"inLanguage":"es"},{"@type":"Person","@id":"https:\/\/www.islantilla.es\/deportes\/#\/schema\/person\/acc1200d346939c120a0930702ce944d","name":"Juanjo Aguilera","image":{"@type":"ImageObject","inLanguage":"es","@id":"https:\/\/www.islantilla.es\/deportes\/#\/schema\/person\/image\/","url":"https:\/\/secure.gravatar.com\/avatar\/25852607865b7d86a7b52cc7692914dc7be3bdef4515e284999629674c10e9de?s=96&d=mm&r=g","contentUrl":"https:\/\/secure.gravatar.com\/avatar\/25852607865b7d86a7b52cc7692914dc7be3bdef4515e284999629674c10e9de?s=96&d=mm&r=g","caption":"Juanjo Aguilera"},"sameAs":["https:\/\/www.islantilla.es"],"url":"https:\/\/www.islantilla.es\/deportes\/author\/juanjo-aguilera\/"}]}},"jetpack_publicize_connections":[],"jetpack_featured_media_url":"https:\/\/www.islantilla.es\/deportes\/wp-content\/uploads\/2025\/03\/cartel-fitness-y-pilates-primavera-2025-scaled.jpg","jetpack_sharing_enabled":true,"_links":{"self":[{"href":"https:\/\/www.islantilla.es\/deportes\/wp-json\/wp\/v2\/posts\/6080","targetHints":{"allow":["GET"]}}],"collection":[{"href":"https:\/\/www.islantilla.es\/deportes\/wp-json\/wp\/v2\/posts"}],"about":[{"href":"https:\/\/www.islantilla.es\/deportes\/wp-json\/wp\/v2\/types\/post"}],"author":[{"embeddable":true,"href":"https:\/\/www.islantilla.es\/deportes\/wp-json\/wp\/v2\/users\/14"}],"replies":[{"embeddable":true,"href":"https:\/\/www.islantilla.es\/deportes\/wp-json\/wp\/v2\/comments?post=6080"}],"version-history":[{"count":1,"href":"https:\/\/www.islantilla.es\/deportes\/wp-json\/wp\/v2\/posts\/6080\/revisions"}],"predecessor-version":[{"id":6825,"href":"https:\/\/www.islantilla.es\/deportes\/wp-json\/wp\/v2\/posts\/6080\/revisions\/6825"}],"wp:featuredmedia":[{"embeddable":true,"href":"https:\/\/www.islantilla.es\/deportes\/wp-json\/wp\/v2\/media\/6082"}],"wp:attachment":[{"href":"https:\/\/www.islantilla.es\/deportes\/wp-json\/wp\/v2\/media?parent=6080"}],"wp:term":[{"taxonomy":"category","embeddable":true,"href":"https:\/\/www.islantilla.es\/deportes\/wp-json\/wp\/v2\/categories?post=6080"},{"taxonomy":"post_tag","embeddable":true,"href":"https:\/\/www.islantilla.es\/deportes\/wp-json\/wp\/v2\/tags?post=6080"}],"curies":[{"name":"wp","href":"https:\/\/api.w.org\/{rel}","templated":true}]}}