{"id":2678,"date":"2024-02-29T12:00:00","date_gmt":"2024-02-29T11:00:00","guid":{"rendered":"https:\/\/www.islantilla.es\/deportes\/?p=2678"},"modified":"2025-03-13T10:05:06","modified_gmt":"2025-03-13T09:05:06","slug":"islantilla-ruta-edicion-primavera","status":"publish","type":"post","link":"https:\/\/www.islantilla.es\/deportes\/2024\/02\/29\/islantilla-ruta-edicion-primavera\/","title":{"rendered":"\u2018ISLANTILLA EN RUTA\u2019 EDICI\u00d3N PRIMAVERA 2024"},"content":{"rendered":"\n<h1 class=\"wp-block-heading\">Vuelve \u2018Islantilla en Ruta\u2019<\/h1>\n\n\n\n<p class=\"has-text-align-justify\">Con el cambio de estaci\u00f3n, ponemos en marcha el programa de senderismo del \u2018Servicio de Deportes de Mancomunidad de Islantilla\u2019, en su edici\u00f3n Primavera 2024, que nos llevar\u00e1 a conocer nuestro entorno natural m\u00e1s cercano, visitando lugares que forman parte de nuestro patrimonio arquitect\u00f3nico, hist\u00f3rico y cultural, alguno calificado como Bien de Inter\u00e9s Cultural (BIC), vuelve \u2018Islantilla en Ruta\u2019.<\/p>\n\n\n\n<figure class=\"wp-block-image size-large\">\n<figcaption class=\"wp-element-caption\">\u2018Islantilla en Ruta\u2019, primavera 2024.<\/figcaption>\n<\/figure>\n\n\n\n<!--more-->\n\n\n\n<p>Comenzamos la temporada primaveral poniendo en marcha nuestro programa de senderismo, Islantilla en Ruta. La combinaci\u00f3n de deporte y patrimonio en actividades deportivas viene siendo un atractivo para todo aquel que disfruta de la naturaleza y tiene la opci\u00f3n de realizar una visita a edificios o centros con una historia que conocer.<\/p>\n\n\n\n<p>A continuaci\u00f3n os detallamos el desarrollo del programa, con enlaces a la informaci\u00f3n, ubicaci\u00f3n de los distintos edificios y las fechas de celebraci\u00f3n.<\/p>\n\n\n\n<ul class=\"wp-block-list\">\n<li><strong>16 de marzo.<\/strong>&nbsp;<a href=\"https:\/\/goo.gl\/maps\/FqDhoZHN2FLNnGFE8\" target=\"_blank\" rel=\"noreferrer noopener\">Casita Azul<\/a>. Recorreremos el Pinar de Isla Cristina, con un sendero flanqueado por eucaliptos, que serv\u00eda de conexi\u00f3n entre los comerciantes de Isla Cristina y La Antilla. Pasaremos por&nbsp;<a href=\"https:\/\/es.wikipedia.org\/wiki\/Playa_de_la_Casita_Azul\" target=\"_blank\" rel=\"noreferrer noopener\">Casita Azul<\/a>, utilizada en sus inicios como casa de guarda forestal para conservar el pinar, transformada en punto de informaci\u00f3n tur\u00edstico y centro de interpretaci\u00f3n de la naturaleza. <\/li>\n<\/ul>\n\n\n\n<p><strong><mark style=\"background-color:rgba(0, 0, 0, 0);color:#f90d05\" class=\"has-inline-color\">RUTA YA REALIZADA<mark style=\"background-color:#1982d1\" class=\"has-inline-color\"><\/mark><\/mark><\/strong><\/p>\n\n\n\n<figure class=\"wp-block-image\"><a href=\"https:\/\/www.islantilla.es\/deportes\/wp-content\/uploads\/2025\/03\/casita-azul-3.jpeg\"><img decoding=\"async\" src=\"https:\/\/www.islantilla.es\/deportes\/wp-content\/uploads\/2025\/03\/casita-azul-3.jpeg?w=1024\" alt=\"\" class=\"wp-image-2427\"\/><\/a><figcaption class=\"wp-element-caption\">Casita Azul <\/figcaption><\/figure>\n\n\n\n<ul class=\"wp-block-list\">\n<li><strong>23 de marzo.<\/strong>&nbsp;<a href=\"https:\/\/goo.gl\/maps\/nMz9JwVnQcx2q23K7\" target=\"_blank\" rel=\"noreferrer noopener\">Ermita de la Bella<\/a>, El Terr\u00f3n. Por los jardines de Islantilla y el Camino de la Vera llegaremos hasta el recinto romero de Lepe, donde la&nbsp;<a href=\"https:\/\/es.wikipedia.org\/wiki\/Ermita_de_la_Bella\" target=\"_blank\" rel=\"noreferrer noopener\">Ermita de la Bella<\/a>&nbsp;acoge a su virgen durante la celebraci\u00f3n de la&nbsp;<a href=\"http:\/\/turismo.lepe.es\/es\/poi\/romer-de-la-bella\" target=\"_blank\" rel=\"noreferrer noopener\">romer\u00eda<\/a>&nbsp;en su honor. Pasaremos por la&nbsp;<a href=\"https:\/\/guiadigital.iaph.es\/bien\/inmueble\/19779\/huelva\/lepe\/torre-del-catalan\" target=\"_blank\" rel=\"noreferrer noopener\">torre almenara del Catal\u00e1n<\/a>, utilizada como torre vig\u00eda para detectar a los piratas y defender el Golfo de C\u00e1diz durante el siglo XVII. La inscripci\u00f3n se abrir\u00e1 al finalizar la ruta anterior.<\/li>\n<\/ul>\n\n\n\n<p><strong><mark style=\"background-color:rgba(0, 0, 0, 0);color:#f90d05\" class=\"has-inline-color\">RUTA YA REALIZADA<mark style=\"background-color:#1982d1\" class=\"has-inline-color\"><\/mark><\/mark><\/strong><\/p>\n\n\n\n<figure class=\"wp-block-image\"><a href=\"https:\/\/www.islantilla.es\/deportes\/wp-content\/uploads\/2025\/03\/ermita-2.jpg\"><img decoding=\"async\" src=\"https:\/\/www.islantilla.es\/deportes\/wp-content\/uploads\/2025\/03\/ermita-2.jpg?w=1024\" alt=\"\" class=\"wp-image-2424\"\/><\/a><figcaption class=\"wp-element-caption\">Ermita de la Bella <\/figcaption><\/figure>\n\n\n\n<ul class=\"wp-block-list\">\n<li><strong>6 de abril.<\/strong>&nbsp;<a href=\"https:\/\/goo.gl\/maps\/EL2y72g9wxTEMrWVA\" target=\"_blank\" rel=\"noreferrer noopener\">Palomar de la Huerta Noble<\/a>, La Redondela. A trav\u00e9s de senderos colindantes con los campos de frutas, llegaremos a La Redondela, para seguir por la V\u00eda Verde Litoral, hasta llegar al&nbsp;<a href=\"https:\/\/guiadigital.iaph.es\/bien\/inmueble\/19048\/huelva\/isla-cristina\/huerta-noble\" target=\"_blank\" rel=\"noreferrer noopener\">Palomar de la Huerta Noble<\/a>, construido en 1.750 siendo el columbario m\u00e1s grande de Europa con capacidad para 70.000 palomas. La inscripci\u00f3n se abrir\u00e1 al finalizar la ruta anterior. <\/li>\n<\/ul>\n\n\n\n<p><strong><mark style=\"background-color:rgba(0, 0, 0, 0);color:#f90d05\" class=\"has-inline-color\">RUTA YA REALIZADA<mark style=\"background-color:#1982d1\" class=\"has-inline-color\"><\/mark><\/mark><\/strong><\/p>\n\n\n\n<figure class=\"wp-block-image\"><a href=\"https:\/\/www.islantilla.es\/deportes\/wp-content\/uploads\/2025\/03\/palomar-2.jpg\"><img decoding=\"async\" src=\"https:\/\/www.islantilla.es\/deportes\/wp-content\/uploads\/2025\/03\/palomar-2.jpg?w=768\" alt=\"\" class=\"wp-image-2430\"\/><\/a><figcaption class=\"wp-element-caption\">Palomar de la Huerta Noble <\/figcaption><\/figure>\n\n\n\n<ul class=\"wp-block-list\">\n<li><strong>20 de abril.<\/strong>&nbsp;<a href=\"https:\/\/goo.gl\/maps\/d6oDHXk1acy9aNpb8\" target=\"_blank\" rel=\"noreferrer noopener\">Molino de Mareas<\/a>. Por la&nbsp;<a href=\"https:\/\/www.viasverdes.com\/itinerarios\/itinerario_imp.asp?id=63\" target=\"_blank\" rel=\"noreferrer noopener\">V\u00eda Verde Litoral<\/a>, antigua v\u00eda de tren reconvertida en sendero, a su paso por Pozo del Camino, visitaremos el recinto romero de Mar\u00eda Auxiliadora y el&nbsp;<a href=\"https:\/\/guiadigital.iaph.es\/bien\/inmueble\/23503\/huelva\/isla-cristina-ayamonte\/molino-de-tamujar-grande\">Molino de Mareas<\/a>, usado como tal y posteriormente como piscifactor\u00eda. A mediados de los 90 se rehabilit\u00f3 como Centro de Interpretaci\u00f3n del Patrimonio Natural y Cultural de las marismas, con la denominaci\u00f3n CIMIC. La inscripci\u00f3n se abrir\u00e1 al finalizar la ruta anterior.<strong><mark style=\"background-color:rgba(0, 0, 0, 0);color:#f90d05\" class=\"has-inline-color\"><mark style=\"background-color:#1982d1\" class=\"has-inline-color\"><\/mark><\/mark><\/strong><\/li>\n<\/ul>\n\n\n<p><span style=\"color: #ff0000\"><strong>RUTA YA REALIZADA<\/strong><\/span><\/p>\n\n\n<figure class=\"wp-block-image\"><a href=\"https:\/\/www.islantilla.es\/deportes\/wp-content\/uploads\/2025\/03\/molino-norte.jpg\"><img decoding=\"async\" src=\"https:\/\/www.islantilla.es\/deportes\/wp-content\/uploads\/2025\/03\/molino-norte.jpg?w=1024\" alt=\"\" class=\"wp-image-2425\"\/><\/a><figcaption class=\"wp-element-caption\">Molino de Mareas, Estero de Tamujar Grande.<\/figcaption><\/figure>\n\n\n\n<p>DATOS DE LA ACTIVIDAD: 20 de abril, Molino de Mareas.<\/p>\n\n\n\n<p>Hora de salida: 10:00h<\/p>\n\n\n\n<p>Hora de llegada: 12:30h aprox<\/p>\n\n\n\n<p>Punto de encuentro: <a href=\"https:\/\/maps.app.goo.gl\/2GHiKawot4jY1s2k8\">https:\/\/maps.app.goo.gl\/2GHiKawot4jY1s2k8<\/a><\/p>\n\n\n\n<ul class=\"wp-block-list\">\n<li><strong>4 de mayo.<\/strong>&nbsp;<a href=\"https:\/\/goo.gl\/maps\/TyiUi86sYVPS5rx77\" target=\"_blank\" rel=\"noreferrer noopener\">Parque de los Cabezos<\/a>, Islantilla. Recorreremos los jardines de la Avda Riofr\u00edo y el sendero de dicho parque, desde donde veremos Islantilla a vista de p\u00e1jaro. Forma parte de Islantilla desde la creaci\u00f3n de este destino tur\u00edstico, a principios de los a\u00f1os 90 y est\u00e1 catalogado como <a href=\"https:\/\/www.senderosazules.org\/parque-de-los-cabezos-islantilla-huelva\">\u2018Sendero Azul\u2019<\/a>. Ya puedes realizar la inscripci\u00f3n para esta ruta, en el siguiente enlace:<\/li>\n<\/ul>\n\n\n<p><span style=\"color: #ff0000\"><strong>RUTA YA REALIZADA<\/strong><\/span><\/p>\n\n\n<figure class=\"wp-block-image\"><a href=\"https:\/\/www.islantilla.es\/deportes\/wp-content\/uploads\/2025\/03\/cabezos.png\"><img decoding=\"async\" src=\"https:\/\/www.islantilla.es\/deportes\/wp-content\/uploads\/2025\/03\/cabezos.png?w=960\" alt=\"\" class=\"wp-image-2429\"\/><\/a><figcaption class=\"wp-element-caption\">Sendero del Parque de Los Cabezos<\/figcaption><\/figure>\n\n\n\n<p>Hora de salida: 10:00h<\/p>\n\n\n\n<p>Hora de llegada: 12:00h aprox<\/p>\n\n\n\n<p>Punto de encuentro:<a href=\"https:\/\/maps.app.goo.gl\/urWdbQJTsrjpXgqY8\">https:\/\/maps.app.goo.gl\/urWdbQJTsrjpXgqY8<\/a> <\/p>\n\n\n\n<p>Todas las rutas tendr\u00e1n en com\u00fan un punto de encuentro y salida inicial en Islantilla, excepto la Ruta del Molino de Mareas, que se iniciar\u00e1 desde Pozo del Camino por motivos de distancia.<\/p>\n\n\n\n<p>La distancia y duraci\u00f3n ser\u00e1 muy similar entre todas las rutas, con unos 10-12 kms.<\/p>\n\n\n\n<p>Las inscripciones se podr\u00e1n realizar para cada ruta, no tendremos opci\u00f3n de apuntarnos a una ruta si no se ha celebrado la anterior. Podr\u00e1n realizarse en el siguiente enlace que ya se encuentra operativo para inscribirse a la ruta del pr\u00f3ximo 2 de diciembre:<\/p>\n\n\n\n<p>Aquellas personas y empresas interesadas en conocer m\u00e1s en detalle el programa deportivo de Islantilla pueden ponerse en contacto con el \u00c1rea de Deportes de la Mancomunidad de Islantilla a trav\u00e9s del correo electr\u00f3nico&nbsp;<em><a href=\"mailto:deportes@islantilla.es\" target=\"_blank\" rel=\"noreferrer noopener\"><u>deportes@islantilla.es<\/u><\/a>&nbsp;<\/em>o de las redes sociales (Facebook:&nbsp;<a href=\"https:\/\/www.facebook.com\/groups\/150285971671177\/\" target=\"_blank\" rel=\"noreferrer noopener\"><u>Islantilla Deportes<\/u><\/a>&nbsp;Instagram: <a href=\"https:\/\/www.instagram.com\/islantilladeportes\/?hl=es\">IslantillaDeportes<\/a> Twitter:<a href=\"https:\/\/twitter.com\/IslantillaDxts\" target=\"_blank\" rel=\"noreferrer noopener\"><u>@IslantillaDxts<\/u><\/a>). Tambi\u00e9n pueden visitarnos en el&nbsp;<a href=\"https:\/\/goo.gl\/maps\/xusru1HUWzgVngUZA\" target=\"_blank\" rel=\"noreferrer noopener\">Centro Activo de Islantilla<\/a>, en Avda de Riofr\u00edo esquina con Calle Garza de Islantilla, junto al C.E.I.P. La Gaviota.<\/p>\n\n\n\n<figure class=\"wp-block-image\"><a href=\"https:\/\/www.islantilla.es\/deportes\/wp-content\/uploads\/2025\/03\/cropped-image.png\" target=\"_blank\" rel=\"noreferrer noopener\"><img decoding=\"async\" src=\"https:\/\/www.islantilla.es\/deportes\/wp-content\/uploads\/2025\/03\/image.png?w=300\" alt=\"\" class=\"wp-image-2189\"\/><\/a><\/figure>\n","protected":false},"excerpt":{"rendered":"<p>Vuelve \u2018Islantilla en Ruta\u2019 Con el cambio de estaci\u00f3n, ponemos en marcha el programa de senderismo del \u2018Servicio de Deportes de Mancomunidad de Islantilla\u2019, en su edici\u00f3n Primavera 2024, que nos llevar\u00e1 a conocer nuestro entorno natural m\u00e1s cercano, visitando lugares que forman parte de nuestro patrimonio arquitect\u00f3nico, hist\u00f3rico y cultural, alguno calificado como Bien&#8230;<\/p>\n","protected":false},"author":14,"featured_media":5173,"comment_status":"open","ping_status":"open","sticky":false,"template":"","format":"standard","meta":{"jetpack_post_was_ever_published":false,"_jetpack_newsletter_access":"","_jetpack_dont_email_post_to_subs":false,"_jetpack_newsletter_tier_id":0,"_jetpack_memberships_contains_paywalled_content":false,"_jetpack_memberships_contains_paid_content":false,"footnotes":"","jetpack_publicize_message":"","jetpack_publicize_feature_enabled":true,"jetpack_social_post_already_shared":false,"jetpack_social_options":{"image_generator_settings":{"template":"highway","default_image_id":0,"font":"","enabled":false},"version":2}},"categories":[1,124],"tags":[],"class_list":["post-2678","post","type-post","status-publish","format-standard","has-post-thumbnail","hentry","category-deporte","category-programacion"],"yoast_head":"<!-- This site is optimized with the Yoast SEO plugin v26.9 - https:\/\/yoast.com\/product\/yoast-seo-wordpress\/ -->\n<title>\u2018ISLANTILLA EN RUTA\u2019 EDICI\u00d3N PRIMAVERA 2024  .<\/title>\n<meta name=\"description\" content=\"Ponemos en marcha el programa de senderismo del \u2018Servicio de Deportes de Mancomunidad de Islantilla\u2019, en su edici\u00f3n Primavera 2024\" \/>\n<meta name=\"robots\" content=\"index, follow, max-snippet:-1, max-image-preview:large, max-video-preview:-1\" \/>\n<link rel=\"canonical\" href=\"https:\/\/www.islantilla.es\/deportes\/2024\/02\/29\/islantilla-ruta-edicion-primavera\/\" \/>\n<meta property=\"og:locale\" content=\"es_ES\" \/>\n<meta property=\"og:type\" content=\"article\" \/>\n<meta property=\"og:title\" content=\"\u2018ISLANTILLA EN RUTA\u2019 EDICI\u00d3N PRIMAVERA 2024  .\" \/>\n<meta property=\"og:description\" content=\"Ponemos en marcha el programa de senderismo del \u2018Servicio de Deportes de Mancomunidad de Islantilla\u2019, en su edici\u00f3n Primavera 2024\" \/>\n<meta property=\"og:url\" content=\"https:\/\/www.islantilla.es\/deportes\/2024\/02\/29\/islantilla-ruta-edicion-primavera\/\" \/>\n<meta property=\"article:published_time\" content=\"2024-02-29T11:00:00+00:00\" \/>\n<meta property=\"article:modified_time\" content=\"2025-03-13T09:05:06+00:00\" \/>\n<meta property=\"og:image\" content=\"https:\/\/www.islantilla.es\/deportes\/wp-content\/uploads\/2025\/03\/islantilla-en-ruta-2024-actualizado.jpg\" \/>\n\t<meta property=\"og:image:width\" content=\"724\" \/>\n\t<meta property=\"og:image:height\" content=\"1024\" \/>\n\t<meta property=\"og:image:type\" content=\"image\/jpeg\" \/>\n<meta name=\"author\" content=\"Juanjo Aguilera\" \/>\n<meta name=\"twitter:card\" content=\"summary_large_image\" \/>\n<meta name=\"twitter:label1\" content=\"Escrito por\" \/>\n\t<meta name=\"twitter:data1\" content=\"Juanjo Aguilera\" \/>\n\t<meta name=\"twitter:label2\" content=\"Tiempo de lectura\" \/>\n\t<meta name=\"twitter:data2\" content=\"1 minuto\" \/>\n<script type=\"application\/ld+json\" class=\"yoast-schema-graph\">{\"@context\":\"https:\/\/schema.org\",\"@graph\":[{\"@type\":\"Article\",\"@id\":\"https:\/\/www.islantilla.es\/deportes\/2024\/02\/29\/islantilla-ruta-edicion-primavera\/#article\",\"isPartOf\":{\"@id\":\"https:\/\/www.islantilla.es\/deportes\/2024\/02\/29\/islantilla-ruta-edicion-primavera\/\"},\"author\":{\"name\":\"Juanjo Aguilera\",\"@id\":\"https:\/\/www.islantilla.es\/deportes\/#\/schema\/person\/acc1200d346939c120a0930702ce944d\"},\"headline\":\"\u2018ISLANTILLA EN RUTA\u2019 EDICI\u00d3N PRIMAVERA 2024\",\"datePublished\":\"2024-02-29T11:00:00+00:00\",\"dateModified\":\"2025-03-13T09:05:06+00:00\",\"mainEntityOfPage\":{\"@id\":\"https:\/\/www.islantilla.es\/deportes\/2024\/02\/29\/islantilla-ruta-edicion-primavera\/\"},\"wordCount\":808,\"commentCount\":0,\"image\":{\"@id\":\"https:\/\/www.islantilla.es\/deportes\/2024\/02\/29\/islantilla-ruta-edicion-primavera\/#primaryimage\"},\"thumbnailUrl\":\"https:\/\/www.islantilla.es\/deportes\/wp-content\/uploads\/2025\/03\/islantilla-en-ruta-2024-actualizado.jpg\",\"articleSection\":[\"Deportes\",\"PROGRAMACI\u00d3N\"],\"inLanguage\":\"es\",\"potentialAction\":[{\"@type\":\"CommentAction\",\"name\":\"Comment\",\"target\":[\"https:\/\/www.islantilla.es\/deportes\/2024\/02\/29\/islantilla-ruta-edicion-primavera\/#respond\"]}]},{\"@type\":\"WebPage\",\"@id\":\"https:\/\/www.islantilla.es\/deportes\/2024\/02\/29\/islantilla-ruta-edicion-primavera\/\",\"url\":\"https:\/\/www.islantilla.es\/deportes\/2024\/02\/29\/islantilla-ruta-edicion-primavera\/\",\"name\":\"\u2018ISLANTILLA EN RUTA\u2019 EDICI\u00d3N PRIMAVERA 2024 .\",\"isPartOf\":{\"@id\":\"https:\/\/www.islantilla.es\/deportes\/#website\"},\"primaryImageOfPage\":{\"@id\":\"https:\/\/www.islantilla.es\/deportes\/2024\/02\/29\/islantilla-ruta-edicion-primavera\/#primaryimage\"},\"image\":{\"@id\":\"https:\/\/www.islantilla.es\/deportes\/2024\/02\/29\/islantilla-ruta-edicion-primavera\/#primaryimage\"},\"thumbnailUrl\":\"https:\/\/www.islantilla.es\/deportes\/wp-content\/uploads\/2025\/03\/islantilla-en-ruta-2024-actualizado.jpg\",\"datePublished\":\"2024-02-29T11:00:00+00:00\",\"dateModified\":\"2025-03-13T09:05:06+00:00\",\"author\":{\"@id\":\"https:\/\/www.islantilla.es\/deportes\/#\/schema\/person\/acc1200d346939c120a0930702ce944d\"},\"description\":\"Ponemos en marcha el programa de senderismo del \u2018Servicio de Deportes de Mancomunidad de Islantilla\u2019, en su edici\u00f3n Primavera 2024\",\"breadcrumb\":{\"@id\":\"https:\/\/www.islantilla.es\/deportes\/2024\/02\/29\/islantilla-ruta-edicion-primavera\/#breadcrumb\"},\"inLanguage\":\"es\",\"potentialAction\":[{\"@type\":\"ReadAction\",\"target\":[\"https:\/\/www.islantilla.es\/deportes\/2024\/02\/29\/islantilla-ruta-edicion-primavera\/\"]}]},{\"@type\":\"ImageObject\",\"inLanguage\":\"es\",\"@id\":\"https:\/\/www.islantilla.es\/deportes\/2024\/02\/29\/islantilla-ruta-edicion-primavera\/#primaryimage\",\"url\":\"https:\/\/www.islantilla.es\/deportes\/wp-content\/uploads\/2025\/03\/islantilla-en-ruta-2024-actualizado.jpg\",\"contentUrl\":\"https:\/\/www.islantilla.es\/deportes\/wp-content\/uploads\/2025\/03\/islantilla-en-ruta-2024-actualizado.jpg\",\"caption\":\"Islantilla en Ruta primavera 2024\"},{\"@type\":\"BreadcrumbList\",\"@id\":\"https:\/\/www.islantilla.es\/deportes\/2024\/02\/29\/islantilla-ruta-edicion-primavera\/#breadcrumb\",\"itemListElement\":[{\"@type\":\"ListItem\",\"position\":1,\"name\":\"Portada\",\"item\":\"https:\/\/www.islantilla.es\/deportes\/\"},{\"@type\":\"ListItem\",\"position\":2,\"name\":\"\u2018ISLANTILLA EN RUTA\u2019 EDICI\u00d3N PRIMAVERA 2024\"}]},{\"@type\":\"WebSite\",\"@id\":\"https:\/\/www.islantilla.es\/deportes\/#website\",\"url\":\"https:\/\/www.islantilla.es\/deportes\/\",\"name\":\"\",\"description\":\"Servicio de Deportes Mancomunidad de Islantilla\",\"potentialAction\":[{\"@type\":\"SearchAction\",\"target\":{\"@type\":\"EntryPoint\",\"urlTemplate\":\"https:\/\/www.islantilla.es\/deportes\/?s={search_term_string}\"},\"query-input\":{\"@type\":\"PropertyValueSpecification\",\"valueRequired\":true,\"valueName\":\"search_term_string\"}}],\"inLanguage\":\"es\"},{\"@type\":\"Person\",\"@id\":\"https:\/\/www.islantilla.es\/deportes\/#\/schema\/person\/acc1200d346939c120a0930702ce944d\",\"name\":\"Juanjo Aguilera\",\"image\":{\"@type\":\"ImageObject\",\"inLanguage\":\"es\",\"@id\":\"https:\/\/www.islantilla.es\/deportes\/#\/schema\/person\/image\/\",\"url\":\"https:\/\/secure.gravatar.com\/avatar\/25852607865b7d86a7b52cc7692914dc7be3bdef4515e284999629674c10e9de?s=96&d=mm&r=g\",\"contentUrl\":\"https:\/\/secure.gravatar.com\/avatar\/25852607865b7d86a7b52cc7692914dc7be3bdef4515e284999629674c10e9de?s=96&d=mm&r=g\",\"caption\":\"Juanjo Aguilera\"},\"sameAs\":[\"https:\/\/www.islantilla.es\"],\"url\":\"https:\/\/www.islantilla.es\/deportes\/author\/juanjo-aguilera\/\"}]}<\/script>\n<!-- \/ Yoast SEO plugin. -->","yoast_head_json":{"title":"\u2018ISLANTILLA EN RUTA\u2019 EDICI\u00d3N PRIMAVERA 2024  .","description":"Ponemos en marcha el programa de senderismo del \u2018Servicio de Deportes de Mancomunidad de Islantilla\u2019, en su edici\u00f3n Primavera 2024","robots":{"index":"index","follow":"follow","max-snippet":"max-snippet:-1","max-image-preview":"max-image-preview:large","max-video-preview":"max-video-preview:-1"},"canonical":"https:\/\/www.islantilla.es\/deportes\/2024\/02\/29\/islantilla-ruta-edicion-primavera\/","og_locale":"es_ES","og_type":"article","og_title":"\u2018ISLANTILLA EN RUTA\u2019 EDICI\u00d3N PRIMAVERA 2024  .","og_description":"Ponemos en marcha el programa de senderismo del \u2018Servicio de Deportes de Mancomunidad de Islantilla\u2019, en su edici\u00f3n Primavera 2024","og_url":"https:\/\/www.islantilla.es\/deportes\/2024\/02\/29\/islantilla-ruta-edicion-primavera\/","article_published_time":"2024-02-29T11:00:00+00:00","article_modified_time":"2025-03-13T09:05:06+00:00","og_image":[{"width":724,"height":1024,"url":"https:\/\/www.islantilla.es\/deportes\/wp-content\/uploads\/2025\/03\/islantilla-en-ruta-2024-actualizado.jpg","type":"image\/jpeg"}],"author":"Juanjo Aguilera","twitter_card":"summary_large_image","twitter_misc":{"Escrito por":"Juanjo Aguilera","Tiempo de lectura":"1 minuto"},"schema":{"@context":"https:\/\/schema.org","@graph":[{"@type":"Article","@id":"https:\/\/www.islantilla.es\/deportes\/2024\/02\/29\/islantilla-ruta-edicion-primavera\/#article","isPartOf":{"@id":"https:\/\/www.islantilla.es\/deportes\/2024\/02\/29\/islantilla-ruta-edicion-primavera\/"},"author":{"name":"Juanjo Aguilera","@id":"https:\/\/www.islantilla.es\/deportes\/#\/schema\/person\/acc1200d346939c120a0930702ce944d"},"headline":"\u2018ISLANTILLA EN RUTA\u2019 EDICI\u00d3N PRIMAVERA 2024","datePublished":"2024-02-29T11:00:00+00:00","dateModified":"2025-03-13T09:05:06+00:00","mainEntityOfPage":{"@id":"https:\/\/www.islantilla.es\/deportes\/2024\/02\/29\/islantilla-ruta-edicion-primavera\/"},"wordCount":808,"commentCount":0,"image":{"@id":"https:\/\/www.islantilla.es\/deportes\/2024\/02\/29\/islantilla-ruta-edicion-primavera\/#primaryimage"},"thumbnailUrl":"https:\/\/www.islantilla.es\/deportes\/wp-content\/uploads\/2025\/03\/islantilla-en-ruta-2024-actualizado.jpg","articleSection":["Deportes","PROGRAMACI\u00d3N"],"inLanguage":"es","potentialAction":[{"@type":"CommentAction","name":"Comment","target":["https:\/\/www.islantilla.es\/deportes\/2024\/02\/29\/islantilla-ruta-edicion-primavera\/#respond"]}]},{"@type":"WebPage","@id":"https:\/\/www.islantilla.es\/deportes\/2024\/02\/29\/islantilla-ruta-edicion-primavera\/","url":"https:\/\/www.islantilla.es\/deportes\/2024\/02\/29\/islantilla-ruta-edicion-primavera\/","name":"\u2018ISLANTILLA EN RUTA\u2019 EDICI\u00d3N PRIMAVERA 2024 .","isPartOf":{"@id":"https:\/\/www.islantilla.es\/deportes\/#website"},"primaryImageOfPage":{"@id":"https:\/\/www.islantilla.es\/deportes\/2024\/02\/29\/islantilla-ruta-edicion-primavera\/#primaryimage"},"image":{"@id":"https:\/\/www.islantilla.es\/deportes\/2024\/02\/29\/islantilla-ruta-edicion-primavera\/#primaryimage"},"thumbnailUrl":"https:\/\/www.islantilla.es\/deportes\/wp-content\/uploads\/2025\/03\/islantilla-en-ruta-2024-actualizado.jpg","datePublished":"2024-02-29T11:00:00+00:00","dateModified":"2025-03-13T09:05:06+00:00","author":{"@id":"https:\/\/www.islantilla.es\/deportes\/#\/schema\/person\/acc1200d346939c120a0930702ce944d"},"description":"Ponemos en marcha el programa de senderismo del \u2018Servicio de Deportes de Mancomunidad de Islantilla\u2019, en su edici\u00f3n Primavera 2024","breadcrumb":{"@id":"https:\/\/www.islantilla.es\/deportes\/2024\/02\/29\/islantilla-ruta-edicion-primavera\/#breadcrumb"},"inLanguage":"es","potentialAction":[{"@type":"ReadAction","target":["https:\/\/www.islantilla.es\/deportes\/2024\/02\/29\/islantilla-ruta-edicion-primavera\/"]}]},{"@type":"ImageObject","inLanguage":"es","@id":"https:\/\/www.islantilla.es\/deportes\/2024\/02\/29\/islantilla-ruta-edicion-primavera\/#primaryimage","url":"https:\/\/www.islantilla.es\/deportes\/wp-content\/uploads\/2025\/03\/islantilla-en-ruta-2024-actualizado.jpg","contentUrl":"https:\/\/www.islantilla.es\/deportes\/wp-content\/uploads\/2025\/03\/islantilla-en-ruta-2024-actualizado.jpg","caption":"Islantilla en Ruta primavera 2024"},{"@type":"BreadcrumbList","@id":"https:\/\/www.islantilla.es\/deportes\/2024\/02\/29\/islantilla-ruta-edicion-primavera\/#breadcrumb","itemListElement":[{"@type":"ListItem","position":1,"name":"Portada","item":"https:\/\/www.islantilla.es\/deportes\/"},{"@type":"ListItem","position":2,"name":"\u2018ISLANTILLA EN RUTA\u2019 EDICI\u00d3N PRIMAVERA 2024"}]},{"@type":"WebSite","@id":"https:\/\/www.islantilla.es\/deportes\/#website","url":"https:\/\/www.islantilla.es\/deportes\/","name":"","description":"Servicio de Deportes Mancomunidad de Islantilla","potentialAction":[{"@type":"SearchAction","target":{"@type":"EntryPoint","urlTemplate":"https:\/\/www.islantilla.es\/deportes\/?s={search_term_string}"},"query-input":{"@type":"PropertyValueSpecification","valueRequired":true,"valueName":"search_term_string"}}],"inLanguage":"es"},{"@type":"Person","@id":"https:\/\/www.islantilla.es\/deportes\/#\/schema\/person\/acc1200d346939c120a0930702ce944d","name":"Juanjo Aguilera","image":{"@type":"ImageObject","inLanguage":"es","@id":"https:\/\/www.islantilla.es\/deportes\/#\/schema\/person\/image\/","url":"https:\/\/secure.gravatar.com\/avatar\/25852607865b7d86a7b52cc7692914dc7be3bdef4515e284999629674c10e9de?s=96&d=mm&r=g","contentUrl":"https:\/\/secure.gravatar.com\/avatar\/25852607865b7d86a7b52cc7692914dc7be3bdef4515e284999629674c10e9de?s=96&d=mm&r=g","caption":"Juanjo Aguilera"},"sameAs":["https:\/\/www.islantilla.es"],"url":"https:\/\/www.islantilla.es\/deportes\/author\/juanjo-aguilera\/"}]}},"jetpack_publicize_connections":[],"jetpack_featured_media_url":"https:\/\/www.islantilla.es\/deportes\/wp-content\/uploads\/2025\/03\/islantilla-en-ruta-2024-actualizado.jpg","jetpack_sharing_enabled":true,"_links":{"self":[{"href":"https:\/\/www.islantilla.es\/deportes\/wp-json\/wp\/v2\/posts\/2678","targetHints":{"allow":["GET"]}}],"collection":[{"href":"https:\/\/www.islantilla.es\/deportes\/wp-json\/wp\/v2\/posts"}],"about":[{"href":"https:\/\/www.islantilla.es\/deportes\/wp-json\/wp\/v2\/types\/post"}],"author":[{"embeddable":true,"href":"https:\/\/www.islantilla.es\/deportes\/wp-json\/wp\/v2\/users\/14"}],"replies":[{"embeddable":true,"href":"https:\/\/www.islantilla.es\/deportes\/wp-json\/wp\/v2\/comments?post=2678"}],"version-history":[{"count":0,"href":"https:\/\/www.islantilla.es\/deportes\/wp-json\/wp\/v2\/posts\/2678\/revisions"}],"wp:featuredmedia":[{"embeddable":true,"href":"https:\/\/www.islantilla.es\/deportes\/wp-json\/wp\/v2\/media\/5173"}],"wp:attachment":[{"href":"https:\/\/www.islantilla.es\/deportes\/wp-json\/wp\/v2\/media?parent=2678"}],"wp:term":[{"taxonomy":"category","embeddable":true,"href":"https:\/\/www.islantilla.es\/deportes\/wp-json\/wp\/v2\/categories?post=2678"},{"taxonomy":"post_tag","embeddable":true,"href":"https:\/\/www.islantilla.es\/deportes\/wp-json\/wp\/v2\/tags?post=2678"}],"curies":[{"name":"wp","href":"https:\/\/api.w.org\/{rel}","templated":true}]}}