{"id":6331,"date":"2025-10-30T09:11:38","date_gmt":"2025-10-30T08:11:38","guid":{"rendered":"https:\/\/www.islantilla.es\/?p=6331"},"modified":"2025-11-01T11:35:18","modified_gmt":"2025-11-01T10:35:18","slug":"comunicado-mejoras-incluidas-en-los-nuevos-viales-de-acerado-accesible","status":"publish","type":"post","link":"https:\/\/www.islantilla.es\/de\/comunicado-mejoras-incluidas-en-los-nuevos-viales-de-acerado-accesible\/","title":{"rendered":"Pressemitteilung \u2013 Verbesserungen an den neuen barrierefreien Gehwegen"},"content":{"rendered":"<h2 class=\"wp-block-heading\">Das Bekenntnis zur Erreichbarkeit entlang der Nord-S\u00fcd-Achse wird die Schaffung neuer Parkpl\u00e4tze, die Verbesserung der Wasserinfrastruktur und eine Steigerung der Biodiversit\u00e4t in Islantilla erm\u00f6glichen.<\/h2>\n\n\n\n<h3 class=\"wp-block-heading\"><em>Unter anderem werden auf dem neuen barrierefreien Gehweg Ruhezonen eingerichtet und Baumarten mit einer h\u00f6heren CO2-Aufnahmekapazit\u00e4t eingef\u00fchrt.<\/em><\/h3>\n\n\n\n<p>Die Bauarbeiten an den beiden neuen Fu\u00dfwegen, die eine barrierefreie Fu\u00dfg\u00e4ngerverbindung zwischen dem n\u00f6rdlichen und s\u00fcdlichen Bereich des Touristenzentrums Islantilla \u00fcber den Paseo del Golf, den Paseo Barranco del Moro und den Paseo de la Vera erm\u00f6glichen werden, werden erhebliche Verbesserungen mit sich bringen, wie die Schaffung neuer Parkpl\u00e4tze, die Erneuerung des Kanalnetzes sowie die Steigerung der Biodiversit\u00e4t dieses Gebiets durch die Einf\u00fchrung von Baumarten mit einer h\u00f6heren F\u00e4higkeit zur CO2-Aufnahme.<\/p>\n\n\n\n<p>Die Schaffung dieser neuen barrierefreien Gehwege, eine Ma\u00dfnahme von TR Construya SLU im Rahmen des Tourismus-Nachhaltigkeitsplans f\u00fcr Reiseziele \u2018Zwischen Gr\u00fcn und Blau\u2019, stellt eine Investition von 498.521,60 Euro dar, die vollst\u00e4ndig aus den NextGenerationEU-Fonds der Europ\u00e4ischen Union und dem Tourismus-Nachhaltigkeitsplan f\u00fcr Reiseziele \u2018Zwischen Gr\u00fcn und Blau\u2019 finanziert wird.<\/p>\n\n\n\n<p>Die Arbeiten befinden sich derzeit in der vollen Ausf\u00fchrungsphase und sollen Anfang 2026 abgeschlossen sein. Damit wird einer breiten Nachfrage der Bewohner dieser touristischen Enklave, die sich Lepe und Isla Cristina teilen, Rechnung getragen.<\/p>\n\n\n\n<p>F\u00fcr die Durchf\u00fchrung dieses Projekts war eine detaillierte technische Bewertung der betroffenen Gebiete erforderlich. Diese Bewertung erm\u00f6glichte eine Neugestaltung der Wasser- und Abwasserleitungen, was zu weniger St\u00f6rungen, der Schaffung von Fu\u00dfg\u00e4ngerzonen, einer Erh\u00f6hung der Parkplatzanzahl (viele davon barrierefrei) und weiteren Vorteilen f\u00fchrte. Diese Verbesserungen erforderten die F\u00e4llung bestehender B\u00e4ume und erm\u00f6glichten so die Anpflanzung neuer Baumarten, die zu einer h\u00f6heren Biodiversit\u00e4t in Islantilla beitragen werden. Die ausgew\u00e4hlten Arten zeichnen sich durch ihre hohe CO\u2082-Aufnahmekapazit\u00e4t und ihren geringen Wasserbedarf aus.<\/p>\n\n\n\n<p>Aus \u00f6kologischen Gr\u00fcnden wurde die Wiederanpflanzung der vorhandenen Exemplare nicht gew\u00e4hlt, vor allem wegen der geringen \u00dcberlebenschancen eines hohen Prozentsatzes dieser B\u00e4ume in Baumgruben. Grund daf\u00fcr ist der gro\u00dfe Verlust an Hauptwurzeln, der mit der Umwandlung einer grasbewachsenen Durchgangsfl\u00e4che in einen f\u00fcr Menschen mit eingeschr\u00e4nkter Mobilit\u00e4t und alle Arten von Fu\u00dfg\u00e4ngern zug\u00e4nglichen Gehweg einhergeht.<\/p>\n\n\n\n<p>Die Bedeutung dieser Ma\u00dfnahme liegt darin, dass sie eine Verbesserung f\u00fcr das Reiseziel darstellt, da sie die notwendige Mobilit\u00e4t aus Sicht der Nachhaltigkeit erm\u00f6glicht und den Einwohnern und Besuchern eine Alternative zum motorisierten Verkehr bietet, was sich wiederum positiv auf die Umweltqualit\u00e4t des Reiseziels auswirkt.<\/p>\n\n\n\n<p>Der Bau dieser beiden barrierefreien Gehwegachsen erg\u00e4nzt das bereits vom Verein Islantilla mit eigenen Mitteln in einem Teil des Paseo del Barranco del Moro initiierte Pilotprojekt und stellt eine Synergie mit anderen im Nachhaltigkeitsplan enthaltenen Ma\u00dfnahmen dar, wie etwa der Klimaanpassung von Islantilla, der Schaffung des querenden Radwegs zwischen Urbasur und La Antilla, dem zuk\u00fcnftigen Elektrofahrzeugservice, der Einrichtung von Parkpl\u00e4tzen mit Ladem\u00f6glichkeiten f\u00fcr Elektroroller und Fahrr\u00e4der sowie dem Projekt zur Revitalisierung und F\u00f6rderung von Wassersportaktivit\u00e4ten und dem Wassertourismus.<\/p>\n\n\n\n<p>Der Tourismus-Nachhaltigkeitsplan f\u00fcr die Destination \u2018Zwischen Gr\u00fcn und Blau\u2019, der in den Wiederaufbau-, Transformations- und Resilienzplan integriert ist, wird von der Europ\u00e4ischen Union \u00fcber die NextGenerationEU-Fonds finanziert und stellt eine Investition von 2.589.440 Euro in das Gebiet von Islantilla, Lepe und Isla Cristina dar, die \u00fcber das Ministerium f\u00fcr Industrie und Tourismus der spanischen Regierung und das Ministerium f\u00fcr Tourismus, Kultur und Sport der Junta de Andaluc\u00eda geleitet wird.<\/p>\n\n\n\n<p>Die Umsetzung erfolgt durch verschiedene Bereiche, Abteilungen und Dienste des Commonwealth von Islantilla in Zusammenarbeit mit den Stadtr\u00e4ten von Lepe und Isla Cristina.<\/p>\n\n\n\n<figure class=\"wp-block-image size-large\"><img decoding=\"async\" src=\"https:\/\/www.islantilla.es\/wp-content\/uploads\/2025\/10\/PSTD-Comunicado-Mejoras-incluidas-en-los-nuevos-viales-de-acerado-accesible-Islantilla-889x1024.jpg\" alt=\"Pstd comunicado mejoras incluidas en los nuevos viales de acerado accesible islantilla\" class=\"wp-image-6332\"\/><\/figure>\n\n\n\n<figure class=\"wp-block-image size-large\"><img decoding=\"async\" src=\"https:\/\/www.islantilla.es\/wp-content\/uploads\/2025\/10\/PSTD-Comunicado-Mejoras-incluidas-en-los-nuevos-viales-de-acerado-accesible-Islantilla-2-1024x635.jpg\" alt=\"Pstd comunicado mejoras incluidas en los nuevos viales de acerado accesible islantilla 2\" class=\"wp-image-6333\"\/><\/figure>","protected":false},"excerpt":{"rendered":"<p>La apuesta por la accesibilidad en el eje Norte-Sur permitir\u00e1 la creaci\u00f3n de nuevas plazas de aparcamiento, la mejora de las canalizaciones y el aumento de la biodiversidad en Islantilla Entre otras actuaciones, se crear\u00e1n \u00e1reas de descanso en el nuevo acerado accesible y se introducir\u00e1n especies arb\u00f3reas con una mayor capacidad de absorci\u00f3n de [&hellip;]<\/p>\n","protected":false},"author":12,"featured_media":6333,"comment_status":"closed","ping_status":"open","sticky":false,"template":"","format":"standard","meta":{"slim_seo":{"title":"Comunicado - Mejoras incluidas en los nuevos viales de acerado accesible - Islantilla","description":"La apuesta por la accesibilidad en el eje Norte-Sur permitir\u00e1 la creaci\u00f3n de nuevas plazas de aparcamiento, la mejora de las canalizaciones y el aumento de la b"},"footnotes":""},"categories":[38],"tags":[],"class_list":["post-6331","post","type-post","status-publish","format-standard","has-post-thumbnail","hentry","category-pstd"],"_links":{"self":[{"href":"https:\/\/www.islantilla.es\/de\/wp-json\/wp\/v2\/posts\/6331","targetHints":{"allow":["GET"]}}],"collection":[{"href":"https:\/\/www.islantilla.es\/de\/wp-json\/wp\/v2\/posts"}],"about":[{"href":"https:\/\/www.islantilla.es\/de\/wp-json\/wp\/v2\/types\/post"}],"author":[{"embeddable":true,"href":"https:\/\/www.islantilla.es\/de\/wp-json\/wp\/v2\/users\/12"}],"replies":[{"embeddable":true,"href":"https:\/\/www.islantilla.es\/de\/wp-json\/wp\/v2\/comments?post=6331"}],"version-history":[{"count":4,"href":"https:\/\/www.islantilla.es\/de\/wp-json\/wp\/v2\/posts\/6331\/revisions"}],"predecessor-version":[{"id":6340,"href":"https:\/\/www.islantilla.es\/de\/wp-json\/wp\/v2\/posts\/6331\/revisions\/6340"}],"wp:featuredmedia":[{"embeddable":true,"href":"https:\/\/www.islantilla.es\/de\/wp-json\/wp\/v2\/media\/6333"}],"wp:attachment":[{"href":"https:\/\/www.islantilla.es\/de\/wp-json\/wp\/v2\/media?parent=6331"}],"wp:term":[{"taxonomy":"category","embeddable":true,"href":"https:\/\/www.islantilla.es\/de\/wp-json\/wp\/v2\/categories?post=6331"},{"taxonomy":"post_tag","embeddable":true,"href":"https:\/\/www.islantilla.es\/de\/wp-json\/wp\/v2\/tags?post=6331"}],"curies":[{"name":"wp","href":"https:\/\/api.w.org\/{rel}","templated":true}]}}