{"id":6322,"date":"2025-10-06T09:03:52","date_gmt":"2025-10-06T07:03:52","guid":{"rendered":"https:\/\/www.islantilla.es\/?p=6322"},"modified":"2025-11-03T09:20:41","modified_gmt":"2025-11-03T08:20:41","slug":"comunicado-visita-al-inicio-de-las-obras-del-acerado-accesible-del-eje-norte-sur","status":"publish","type":"post","link":"https:\/\/www.islantilla.es\/de\/comunicado-visita-al-inicio-de-las-obras-del-acerado-accesible-del-eje-norte-sur\/","title":{"rendered":"Pressemitteilung \u2013 Besuch der Baustelleneinrichtung f\u00fcr den barrierefreien Gehweg entlang der Nord-S\u00fcd-Achse"},"content":{"rendered":"<h2 class=\"wp-block-heading\">Vertreter der Institutionen des Islantilla Commonwealth besuchen den Baubeginn des neuen barrierefreien Gehwegs f\u00fcr die Nord-S\u00fcd-Verbindung dieses Touristenzentrums.<\/h2>\n\n\n\n<h3 class=\"wp-block-heading\"><em>Das Projekt mit einem Investitionsvolumen von 498.521,60 \u20ac wird von der Europ\u00e4ischen Union \u00fcber den NextGenerationEU-Fonds finanziert und soll Anfang 2026 abgeschlossen sein.<\/em><\/h3>\n\n\n\n<p>Das Touristengebiet Islantilla wird bis Anfang 2026 \u00fcber zwei neue barrierefreie Gehwege verf\u00fcgen, die Nord-S\u00fcd-Verbindungen in diesem von den Gemeinden Lepe und Isla Cristina geteilten Gebiet erm\u00f6glichen. Dies wird nach Abschluss der Bauarbeiten geschehen, deren Beginn von Vertretern beider Gemeinder\u00e4te als offizieller Startschuss f\u00fcr dieses wichtige Projekt besucht wurde. Das Projekt stellt eine Investition von 498.521,60 \u20ac dar und wird vollst\u00e4ndig aus den EU-Fonds NextGenerationEU und dem Tourismus-Nachhaltigkeitsplan \u2018Zwischen Gr\u00fcn und Blau\u2019 finanziert.<\/p>\n\n\n\n<p>Der Vizepr\u00e4sident des Islantilla Commonwealth und Erste Stellvertretende B\u00fcrgermeister von Isla Cristina, Francisco Zamudio, erl\u00e4uterte die Hintergr\u00fcnde dieser Ma\u00dfnahme und erinnerte daran: \u201cAls dieses Stadtentwicklungsprojekt in den 1990er-Jahren entstand, gab es noch keinen spezifischen Rechtsrahmen f\u00fcr Barrierefreiheit und den Abbau architektonischer Barrieren. Im Gegenteil, der Erhalt der nat\u00fcrlichen Umgebung und der Verzicht auf Betonwege hatten Priorit\u00e4t, da diese f\u00fcr die Golfer, die mit ihren Spikes-Schuhen hierherkamen, am praktischsten waren. Heute hat sich alles ge\u00e4ndert, ebenso wie die Bed\u00fcrfnisse unserer Bewohner, die ein barrierefreieres Stadtplanungsmodell fordern. Mit dieser Ma\u00dfnahme sind wir diesem berechtigten Wunsch nachgekommen.\u201d.<\/p>\n\n\n\n<p>Die stellvertretende B\u00fcrgermeisterin von Lepe, Mariana Otero, die dem Commonwealth entsandt wurde, gab ihrerseits bekannt: \u201cDiese Arbeiten betreffen zwei der Hauptstra\u00dfen, die den Norden und S\u00fcden von Islantilla verbinden, n\u00e4mlich den Paseo del Golf vom Einkaufszentrum &#039;La Hacienda&#039; bis zur Plaza Manuel Camacho und den Paseo del Barranco del Moro, der in den Paseo de la Vera \u00fcbergeht und bis zum Kreisverkehr des Kongresspalastes f\u00fchrt, sodass der Golfclub auch mit dem S\u00fcden verbunden wird und somit zwei der wichtigsten Verkehrsknotenpunkte f\u00fcr Besucher unseres Reiseziels bedient werden.\u2018.<\/p>\n\n\n\n<p>Das f\u00fcr dieses Projekt zust\u00e4ndige Unternehmen ist TR Construya SLU, und die Fertigstellung ist f\u00fcr Anfang 2026 geplant. Bis dahin sollen die neuen Stra\u00dfen f\u00fcr Anwohner und Besucher nutzbar sein.<\/p>\n\n\n\n<p>Das Projekt umfasst Arbeiten an den B\u00e4umen, dem \u00f6ffentlichen Beleuchtungsnetz und der Wasserversorgung. Dabei werden die Bauarbeiten genutzt, um beides zu verbessern und Stadtm\u00f6bel zu integrieren, die Ruhezonen f\u00fcr Fu\u00dfg\u00e4nger schaffen.<\/p>\n\n\n\n<p>Die Bedeutung dieser Ma\u00dfnahme liegt darin, dass sie eine Verbesserung f\u00fcr das Reiseziel darstellt, da sie die notwendige Mobilit\u00e4t aus Sicht der Nachhaltigkeit erm\u00f6glicht und den Bewohnern und Besuchern eine Alternative zum motorisierten Verkehr bietet. Dadurch wirkt sie sich direkt auf die Umwelt aus, ganz im Sinne von Islantillas Verpflichtung zum Umweltschutz, die bei diesem Projekt stets pr\u00e4sent ist.<\/p>\n\n\n\n<p>Der Bau dieser beiden barrierefreien Gehwegachsen erg\u00e4nzt das bereits vom Verein Islantilla mit eigenen Mitteln in einem Teil des Paseo del Barranco del Moro initiierte Pilotprojekt und stellt eine Synergie mit anderen im Nachhaltigkeitsplan enthaltenen Ma\u00dfnahmen dar, wie etwa der Klimaanpassung von Islantilla, der Schaffung des querenden Radwegs zwischen Urbasur und La Antilla, dem zuk\u00fcnftigen Elektrofahrzeugservice, der Einrichtung von Parkpl\u00e4tzen mit Ladem\u00f6glichkeiten f\u00fcr Elektroroller und Fahrr\u00e4der sowie dem Projekt zur Revitalisierung und F\u00f6rderung von Wassersportaktivit\u00e4ten und dem Wassertourismus.<\/p>\n\n\n\n<p>Der Tourismus-Nachhaltigkeitsplan f\u00fcr die Destination \u2018Zwischen Gr\u00fcn und Blau\u2019, der in den Wiederaufbau-, Transformations- und Resilienzplan integriert ist, wird von der Europ\u00e4ischen Union \u00fcber die NextGenerationEU-Fonds finanziert und stellt eine Investition von 2.589.440 Euro in das Gebiet von Islantilla, Lepe und Isla Cristina dar, die \u00fcber das Ministerium f\u00fcr Industrie und Tourismus der spanischen Regierung und das Ministerium f\u00fcr Tourismus, Kultur und Sport der Junta de Andaluc\u00eda geleitet wird.<\/p>\n\n\n\n<p>Die Umsetzung erfolgt durch verschiedene Gebiete und Abteilungen des Commonwealth von Islantilla in Zusammenarbeit mit den Stadtr\u00e4ten von Lepe und Isla Cristina.<\/p>\n\n\n\n<figure class=\"wp-block-image size-large\"><img decoding=\"async\" src=\"https:\/\/www.islantilla.es\/wp-content\/uploads\/2025\/10\/PSTD-Comunicado-Visita-al-inicio-de-las-obras-del-acerado-accesible-del-eje-norte-sur-Islantilla-1024x576.jpg\" alt=\"Pstd comunicado visita al inicio de las obras del acerado accesible del eje norte sur islantilla\" class=\"wp-image-6323\"\/><\/figure>\n\n\n\n<figure class=\"wp-block-image size-large\"><img decoding=\"async\" src=\"https:\/\/www.islantilla.es\/wp-content\/uploads\/2025\/10\/PSTD-Comunicado-Visita-al-inicio-de-las-obras-del-acerado-accesible-del-eje-norte-sur-Islantilla-2-1024x576.jpg\" alt=\"Pstd comunicado visita al inicio de las obras del acerado accesible del eje norte sur islantilla 2\" class=\"wp-image-6324\"\/><\/figure>","protected":false},"excerpt":{"rendered":"<p>Representantes institucionales de la Mancomunidad de Islantilla visitan el inicio de las obras del nuevo acerado accesible para la conexi\u00f3n norte-sur de este n\u00facleo tur\u00edstico La intervenci\u00f3n, con inversi\u00f3n de 498.521,60 \u20ac, est\u00e1 financiada por la Uni\u00f3n Europea a trav\u00e9s de los Fondos NextGenerationEU, y estar\u00e1 concluida a principios de 2026 El n\u00facleo tur\u00edstico de [&hellip;]<\/p>\n","protected":false},"author":12,"featured_media":6324,"comment_status":"closed","ping_status":"open","sticky":false,"template":"","format":"standard","meta":{"slim_seo":{"title":"Comunicado - Visita al inicio de las obras del acerado accesible del eje norte - sur - Islantilla","description":"Representantes institucionales de la Mancomunidad de Islantilla visitan el inicio de las obras del nuevo acerado accesible para la conexi\u00f3n norte-sur de este n\u00fa"},"footnotes":""},"categories":[38],"tags":[],"class_list":["post-6322","post","type-post","status-publish","format-standard","has-post-thumbnail","hentry","category-pstd"],"_links":{"self":[{"href":"https:\/\/www.islantilla.es\/de\/wp-json\/wp\/v2\/posts\/6322","targetHints":{"allow":["GET"]}}],"collection":[{"href":"https:\/\/www.islantilla.es\/de\/wp-json\/wp\/v2\/posts"}],"about":[{"href":"https:\/\/www.islantilla.es\/de\/wp-json\/wp\/v2\/types\/post"}],"author":[{"embeddable":true,"href":"https:\/\/www.islantilla.es\/de\/wp-json\/wp\/v2\/users\/12"}],"replies":[{"embeddable":true,"href":"https:\/\/www.islantilla.es\/de\/wp-json\/wp\/v2\/comments?post=6322"}],"version-history":[{"count":3,"href":"https:\/\/www.islantilla.es\/de\/wp-json\/wp\/v2\/posts\/6322\/revisions"}],"predecessor-version":[{"id":6327,"href":"https:\/\/www.islantilla.es\/de\/wp-json\/wp\/v2\/posts\/6322\/revisions\/6327"}],"wp:featuredmedia":[{"embeddable":true,"href":"https:\/\/www.islantilla.es\/de\/wp-json\/wp\/v2\/media\/6324"}],"wp:attachment":[{"href":"https:\/\/www.islantilla.es\/de\/wp-json\/wp\/v2\/media?parent=6322"}],"wp:term":[{"taxonomy":"category","embeddable":true,"href":"https:\/\/www.islantilla.es\/de\/wp-json\/wp\/v2\/categories?post=6322"},{"taxonomy":"post_tag","embeddable":true,"href":"https:\/\/www.islantilla.es\/de\/wp-json\/wp\/v2\/tags?post=6322"}],"curies":[{"name":"wp","href":"https:\/\/api.w.org\/{rel}","templated":true}]}}