{"id":6313,"date":"2025-10-02T08:54:47","date_gmt":"2025-10-02T06:54:47","guid":{"rendered":"https:\/\/www.islantilla.es\/?p=6313"},"modified":"2025-11-03T09:21:03","modified_gmt":"2025-11-03T08:21:03","slug":"comunicado-visita-al-inicio-de-las-obras-del-carril-bici-entre-urbasur-y-la-antilla","status":"publish","type":"post","link":"https:\/\/www.islantilla.es\/de\/comunicado-visita-al-inicio-de-las-obras-del-carril-bici-entre-urbasur-y-la-antilla\/","title":{"rendered":"Pressemitteilung \u2013 Besuch der Baustelleneinrichtung f\u00fcr den Radweg zwischen Urbasur und La Antilla"},"content":{"rendered":"<h2 class=\"wp-block-heading\">Islantilla beginnt mit dem Bau eines Radwegs, der Urbasur und La Antilla verbinden soll und Teil des Nachhaltigkeitsplans \u2018Zwischen Gr\u00fcn und Blau\u2019 ist.\u2019<\/h2>\n\n\n\n<h3 class=\"wp-block-heading\"><em>Das Projekt mit einem Investitionsvolumen von 326.676,01 \u20ac wird von der Europ\u00e4ischen Union \u00fcber den NextGenerationEU-Fonds finanziert und soll Anfang 2026 abgeschlossen sein.<\/em><\/h3>\n\n\n\n<p>Die Avenida de R\u00edo Fr\u00edo in der Touristenenklave Islantilla war Schauplatz des offiziellen Besuchs der institutionellen Vertreter der Mancomunidad, die gemeinsam die Stadtr\u00e4te von Lepe und Isla Cristina verwaltet, um sich aus erster Hand \u00fcber den Beginn der Arbeiten an dem zuk\u00fcnftigen querenden Radweg zu informieren, der Urbasur Anfang 2026 mit La Antilla verbinden wird und mit Mitteln aus dem NextGenerationEU-Fonds der Europ\u00e4ischen Union mit Gesamtkosten von 326.676,01 Euro finanziert wird.<\/p>\n\n\n\n<p>Der Exekutiv-Vizepr\u00e4sident des Commonwealth von Islantilla und Erste Stellvertretende B\u00fcrgermeister von Isla Cristina, Francisco Zamudio, hob die Bedeutung dieser Ma\u00dfnahme hervor, die eine Verbesserung f\u00fcr das Reiseziel darstellt, da sie die notwendige Mobilit\u00e4t aus Sicht der Nachhaltigkeit erm\u00f6glicht und den Einwohnern und Besuchern eine Alternative zum motorisierten Verkehr bietet. Dadurch wirkt sie sich direkt auf die Umwelt aus, ganz im Sinne unseres Engagements f\u00fcr den Umweltschutz, das diesem Projekt stets zugrunde liegt.<\/p>\n\n\n\n<p>Zamudio nutzte die Gelegenheit, als Vertreter von Isla Cristina im Gemeindeverband von Islantilla seiner Beschwerde \u00fcber das Ausdruck zu kommen, was er als \u201cvergleichbare Ungerechtigkeit gegen\u00fcber Isla Cristina in ihrer Stadtentwicklung\u201d betrachtet, \u201eda es uns als Stadt, die praktisch vom Meer und Naturschutzgebieten umgeben ist, nicht erlaubt ist, etwas so Grundlegendes wie einen multimodalen Weg zu entwickeln, der uns mit Islantilla verbindet, im Gegensatz zu anderen benachbarten Gemeinden wie Lepe oder Cartaya, wo die verschiedenen zust\u00e4ndigen Verwaltungen sie nicht daran hindern, ihre eigenen Wegenetze dieser Art zu errichten.\u201c.<\/p>\n\n\n\n<p>Die stellvertretende B\u00fcrgermeisterin von Lepe und Delegierte von Lepe im Gemeindeverband Islantilla, Mariana Otero, hob ihrerseits die Arbeit dieser Einrichtung hervor, \u201cum die Finanzierung dieses wichtigen Projekts durch europ\u00e4ische Mittel zu sichern, da es eine bedeutende Investition f\u00fcr das Reiseziel darstellt, ein fahrradfreundliches Reiseziel, das das ganze Jahr \u00fcber eine Reihe von Aktionen durchf\u00fchrt, die sein Potenzial als Reiseziel f\u00fcr Radtouristen unterstreichen, unterst\u00fctzt durch andere erg\u00e4nzende Infrastrukturen wie den Rad- und Fu\u00dfweg von Lepe nach La Antilla oder von La Antilla nach Nueva Umbr\u00eda, unter anderem.\u201d.<\/p>\n\n\n\n<p>Die Bauarbeiten am neuen Radweg auf Islantilla, durchgef\u00fchrt von TR CONSTRUYA, SLU, dauern bis Anfang 2026. Ziel des Projekts ist die Vernetzung und Kontinuit\u00e4t des Radwegenetzes entlang der K\u00fcste. Im Osten schlie\u00dft der Radweg an den bestehenden Rad- und Fu\u00dfweg in La Antilla an, im Westen an zwei geplante Radrouten der Stadtverwaltung von Isla Cristina: Eine Route verbindet den Paseo de Poniente an der Kreuzung mit dem Paseo de Riofr\u00edo und legt dabei besonderen Wert auf nachhaltige Mobilit\u00e4t; die andere Route verbindet denselben Paseo de Poniente an der Kreuzung mit dem Paseo Mar\u00edtimo und der Calle Ballena in Urbasur. Letztere ist st\u00e4rker auf den Tourismus ausgerichtet und sieht eine zuk\u00fcnftige Verbindung nach Isla Cristina durch den Pinienwald vor.<\/p>\n\n\n\n<p>Das durchzuf\u00fchrende Projekt besteht aus einem Radweg mit Gegenverkehr, der in zwei Abschnitte unterteilt ist: einer, der in Ost-West-Richtung durch den R\u00edo Fr\u00edo Avenue Park verl\u00e4uft, und ein weiterer, der in Nord-S\u00fcd-Richtung durch den Paseo de Poniente verl\u00e4uft.<\/p>\n\n\n\n<p>Der erste Abschnitt zielt darauf ab, eine in die bestehende Landschaft integrierte Route zu schaffen, wobei die vorhandene Vegetation im Vordergrund steht. Die geplante Route verl\u00e4uft, unter Einhaltung eines gewissen Abstands zum s\u00fcdlich an den Park angrenzenden Fu\u00dfg\u00e4ngerweg, durch den zentralen Bereich der Gr\u00fcnanlage, um die Beeintr\u00e4chtigung durch die Stra\u00dfe A-5054 (La Antilla \u2013 Isla Cristina) so gering wie m\u00f6glich zu halten. Der zweite Abschnitt verl\u00e4uft entlang des Paseo de Poniente und befindet sich im bestehenden zentralen Fu\u00dfg\u00e4ngerbereich. F\u00fcr den Bau dieses Abschnitts werden die vorhandenen B\u00e4nke entfernt, da sich gezeigt hat, dass ihre Anzahl zu hoch ist. Dadurch wird Platz auf der Promenade geschaffen, sodass der Radweg direkt neben dem Blumenbeet verlaufen kann.<\/p>\n\n\n\n<p>Der Tourismus-Nachhaltigkeitsplan f\u00fcr die Destination \u2018Zwischen Gr\u00fcn und Blau\u2019, der in den Wiederaufbau-, Transformations- und Resilienzplan integriert ist, wird von der Europ\u00e4ischen Union \u00fcber die NextGenerationEU-Fonds finanziert und stellt eine Investition von 2.589.440 Euro in das Gebiet von Islantilla, Lepe und Isla Cristina dar, die \u00fcber das Ministerium f\u00fcr Industrie und Tourismus der spanischen Regierung und das Ministerium f\u00fcr Tourismus, Kultur und Sport der Junta de Andaluc\u00eda geleitet wird.<\/p>\n\n\n\n<p>Die Umsetzung erfolgt durch verschiedene Gebiete und Abteilungen des Commonwealth von Islantilla in Zusammenarbeit mit den Stadtr\u00e4ten von Lepe und Isla Cristina.<\/p>\n\n\n\n<figure class=\"wp-block-image size-large\"><img decoding=\"async\" src=\"https:\/\/www.islantilla.es\/wp-content\/uploads\/2025\/10\/PSTD-Comunicado-Visita-al-inicio-de-las-obras-del-carril-bici-entre-Urbasur-y-La-Antilla-1024x576.jpg\" alt=\"Visita al inicio de las obras del carril bici entre urbasur y la antilla\" class=\"wp-image-6314\"\/><\/figure>","protected":false},"excerpt":{"rendered":"<p>Islantilla inicia las obras para conectar Urbasur y La Antilla a trav\u00e9s de un carril bici transversal incluido dentro del Plan de Sostenibilidad \u2018Entre el Verde y el Azul\u2019 La intervenci\u00f3n, con inversi\u00f3n de 326.676,01 \u20ac, est\u00e1 financiada por la Uni\u00f3n Europea a trav\u00e9s de los Fondos NextGenerationEU, y estar\u00e1 concluida a principios de 2026 [&hellip;]<\/p>\n","protected":false},"author":12,"featured_media":6314,"comment_status":"closed","ping_status":"open","sticky":false,"template":"","format":"standard","meta":{"slim_seo":{"title":"Comunicado - Visita al inicio de las obras del carril bici entre Urbasur y La Antilla - Islantilla","description":"Islantilla inicia las obras para conectar Urbasur y La Antilla a trav\u00e9s de un carril bici transversal incluido dentro del Plan de Sostenibilidad \u2018Entre el Verde"},"footnotes":""},"categories":[38],"tags":[],"class_list":["post-6313","post","type-post","status-publish","format-standard","has-post-thumbnail","hentry","category-pstd"],"_links":{"self":[{"href":"https:\/\/www.islantilla.es\/de\/wp-json\/wp\/v2\/posts\/6313","targetHints":{"allow":["GET"]}}],"collection":[{"href":"https:\/\/www.islantilla.es\/de\/wp-json\/wp\/v2\/posts"}],"about":[{"href":"https:\/\/www.islantilla.es\/de\/wp-json\/wp\/v2\/types\/post"}],"author":[{"embeddable":true,"href":"https:\/\/www.islantilla.es\/de\/wp-json\/wp\/v2\/users\/12"}],"replies":[{"embeddable":true,"href":"https:\/\/www.islantilla.es\/de\/wp-json\/wp\/v2\/comments?post=6313"}],"version-history":[{"count":2,"href":"https:\/\/www.islantilla.es\/de\/wp-json\/wp\/v2\/posts\/6313\/revisions"}],"predecessor-version":[{"id":6316,"href":"https:\/\/www.islantilla.es\/de\/wp-json\/wp\/v2\/posts\/6313\/revisions\/6316"}],"wp:featuredmedia":[{"embeddable":true,"href":"https:\/\/www.islantilla.es\/de\/wp-json\/wp\/v2\/media\/6314"}],"wp:attachment":[{"href":"https:\/\/www.islantilla.es\/de\/wp-json\/wp\/v2\/media?parent=6313"}],"wp:term":[{"taxonomy":"category","embeddable":true,"href":"https:\/\/www.islantilla.es\/de\/wp-json\/wp\/v2\/categories?post=6313"},{"taxonomy":"post_tag","embeddable":true,"href":"https:\/\/www.islantilla.es\/de\/wp-json\/wp\/v2\/tags?post=6313"}],"curies":[{"name":"wp","href":"https:\/\/api.w.org\/{rel}","templated":true}]}}