{"id":5650,"date":"2025-05-15T18:06:28","date_gmt":"2025-05-15T16:06:28","guid":{"rendered":"https:\/\/www.islantilla.es\/?p=5650"},"modified":"2025-09-08T19:47:41","modified_gmt":"2025-09-08T17:47:41","slug":"comunicado-obras-de-la-nueva-plaza-entarimada-de-islantilla","status":"publish","type":"post","link":"https:\/\/www.islantilla.es\/de\/comunicado-obras-de-la-nueva-plaza-entarimada-de-islantilla\/","title":{"rendered":"Pressemitteilung \u2013 Bau der neuen Plaza Islantilla"},"content":{"rendered":"<h2 class=\"wp-block-heading\">Islantilla beginnt mit der Errichtung eines neuen erh\u00f6hten Holzplatzes neben der Strandpromenade, um die Rettungs- und Badedienste unterzubringen.<\/h2>\n\n\n\n<h3 class=\"wp-block-heading\"><em>Der Bau, der eine Investition von 298.749 \u20ac darstellt und eine Fl\u00e4che von 530 m\u00b2 umfassen wird, umfasst einen Toilettenbereich und eine an den Strand angepasste Zugangsrampe.<br><\/em><\/h3>\n\n\n\n<p>Das Bauamt der Gemeinde Islantilla hat mit der Gestaltung eines neuen Holzdeckplatzes an der Westseite des zentralen Platzes an der Promenade begonnen. Dieses ehrgeizige Projekt ist Teil des Strandsanierungsprojekts, das seit April letzten Jahres l\u00e4uft und voraussichtlich im Fr\u00fchjahr 2026 abgeschlossen sein wird. Das Projekt mit einer Gesamtinvestition von einer Million Euro zielt darauf ab, die K\u00fcstenlinie dieser K\u00fcstenenklave zwischen Lepe und Isla Cristina vollst\u00e4ndig umzugestalten.<\/p>\n\n\n\n<p>Der neue erh\u00f6hte Platz wird eine Erweiterung der Strandpromenade darstellen und eine Fl\u00e4che von 530 Quadratmetern einnehmen. Er wird sowohl die Rettungsschwimmer- und Rettungsdienste, einen Toilettenbereich und eine behindertengerechte Rampe f\u00fcr den Zugang zum Strand beherbergen. Im Sommer wird ein betreutes Baden f\u00fcr Menschen mit eingeschr\u00e4nkter Mobilit\u00e4t sowie ein schattiger Bereich angeboten.<\/p>\n\n\n\n<p>F\u00fcr dieses Projekt, das voraussichtlich bis zum Fr\u00fchsommer abgeschlossen sein wird, wurden insgesamt 298.749 Euro bereitgestellt. Dabei werden auch die alten Rettungs- und Bademeistermodule durch neue, modernisierte Strukturen ersetzt. Dadurch werden sie f\u00fcr die Nutzer besser sichtbar, zug\u00e4nglich und erkennbar und k\u00f6nnen so vollst\u00e4ndig in den Fu\u00dfg\u00e4ngerbereich der Promenade integriert werden.<\/p>\n\n\n\n<p>Die Vizepr\u00e4sidentin der Gemeinde Islantilla und stellvertretende B\u00fcrgermeisterin von Lepe, Mariana Otero, \u00e4u\u00dferte ihre Zufriedenheit \u201e\u00fcber den Beginn der Arbeiten, die einen der belebtesten Orte unseres Reiseziels umgestalten werden, indem ein neuer Platz zum Meer hin ge\u00f6ffnet wird und die Promenade mit verbesserten Dienstleistungen f\u00fcr unsere Besucher ausgestattet wird.\u201c<\/p>\n\n\n\n<p>Der erste stellvertretende B\u00fcrgermeister von Isla Cristina und Delegierte der Insel im Commonwealth, Francisco Zamudio, betonte seinerseits \u201edie enormen Anstrengungen, die diese Einrichtung unternimmt, um ein solches Projekt durchzuf\u00fchren, das zusammen mit den anderen in diesem Projekt enthaltenen Ma\u00dfnahmen ein Katalysator f\u00fcr unser Reiseziel sein wird und es erneut an die Spitze bringt, die es f\u00fcr den Rest der K\u00fcste von Huelva immer dargestellt hat.\u201c<\/p>\n\n\n\n<p>Konkret umfasst der Projektvertrag die Lieferung von f\u00fcnf vorgefertigten Modulen, von denen zwei die Rettungs- und Bademeisterdienste (Behandlungsraum, Kundendienst, Ruhebereich f\u00fcr Bademeister, Toiletten und Aufenthaltsbereich) beherbergen werden und drei weitere \u00f6ffentliche Toiletten (einschlie\u00dflich Duschen und Umkleidekabinen, nach Geschlechtern getrennt und mit angepassten Elementen) beherbergen werden.<\/p>\n\n\n\n<p>Dar\u00fcber hinaus muss gem\u00e4\u00df dem in den technischen Spezifikationen des Vertrags enthaltenen Basisprojekt der Bau einer erh\u00f6hten Holzplattform mit einer Verbindungsrampe zum Strand mit einer Breite von 3 Metern und einer maximalen Neigung von 6% hinzugef\u00fcgt werden.<\/p>\n\n\n\n<figure class=\"wp-block-image size-large\"><img decoding=\"async\" src=\"https:\/\/www.islantilla.es\/wp-content\/uploads\/2025\/05\/image-1024x682.png\" alt=\"Image\" class=\"wp-image-5651\"\/><\/figure>\n\n\n\n<figure class=\"wp-block-image size-large\"><img decoding=\"async\" src=\"https:\/\/www.islantilla.es\/wp-content\/uploads\/2025\/05\/image-1-1024x682.png\" alt=\"Image\" class=\"wp-image-5652\"\/><\/figure>\n\n\n\n<figure class=\"wp-block-image size-large\"><img decoding=\"async\" src=\"https:\/\/www.islantilla.es\/wp-content\/uploads\/2025\/05\/image-2-1024x576.png\" alt=\"Image\" class=\"wp-image-5653\"\/><\/figure>","protected":false},"excerpt":{"rendered":"<p>Islantilla inicia las obras para la creaci\u00f3n de una nueva plaza elevada en madera junto el paseo mar\u00edtimo para albergar los servicios de Salvamento y Socorrismo La construcci\u00f3n, que supone una inversi\u00f3n de 298.749 \u20ac y abarcar\u00e1 una superficie de 530 m\u00b2, incluir\u00e1 una zona de aseos y una rampa de acceso adaptado la playa [&hellip;]<\/p>\n","protected":false},"author":1,"featured_media":0,"comment_status":"closed","ping_status":"open","sticky":false,"template":"","format":"standard","meta":{"slim_seo":{"title":"Pressemitteilung \u2013 Bau des neuen Holzplattformplatzes in Islantilla","description":"Islantilla beginnt mit der Errichtung eines neuen erh\u00f6hten Holzplatzes neben der Strandpromenade, um die Rettungs- und Badedienste unterzubringen."},"footnotes":""},"categories":[2],"tags":[],"class_list":["post-5650","post","type-post","status-publish","format-standard","hentry","category-notas-de-prensa"],"_links":{"self":[{"href":"https:\/\/www.islantilla.es\/de\/wp-json\/wp\/v2\/posts\/5650","targetHints":{"allow":["GET"]}}],"collection":[{"href":"https:\/\/www.islantilla.es\/de\/wp-json\/wp\/v2\/posts"}],"about":[{"href":"https:\/\/www.islantilla.es\/de\/wp-json\/wp\/v2\/types\/post"}],"author":[{"embeddable":true,"href":"https:\/\/www.islantilla.es\/de\/wp-json\/wp\/v2\/users\/1"}],"replies":[{"embeddable":true,"href":"https:\/\/www.islantilla.es\/de\/wp-json\/wp\/v2\/comments?post=5650"}],"version-history":[{"count":2,"href":"https:\/\/www.islantilla.es\/de\/wp-json\/wp\/v2\/posts\/5650\/revisions"}],"predecessor-version":[{"id":5655,"href":"https:\/\/www.islantilla.es\/de\/wp-json\/wp\/v2\/posts\/5650\/revisions\/5655"}],"wp:attachment":[{"href":"https:\/\/www.islantilla.es\/de\/wp-json\/wp\/v2\/media?parent=5650"}],"wp:term":[{"taxonomy":"category","embeddable":true,"href":"https:\/\/www.islantilla.es\/de\/wp-json\/wp\/v2\/categories?post=5650"},{"taxonomy":"post_tag","embeddable":true,"href":"https:\/\/www.islantilla.es\/de\/wp-json\/wp\/v2\/tags?post=5650"}],"curies":[{"name":"wp","href":"https:\/\/api.w.org\/{rel}","templated":true}]}}