{"id":3904,"date":"2025-07-01T10:00:00","date_gmt":"2025-07-01T08:00:00","guid":{"rendered":"https:\/\/www.islantilla.es\/?p=3904"},"modified":"2025-04-29T21:49:22","modified_gmt":"2025-04-29T19:49:22","slug":"el-paseo-de-la-fama-de-islantilla","status":"publish","type":"post","link":"https:\/\/www.islantilla.es\/de\/el-paseo-de-la-fama-de-islantilla\/","title":{"rendered":"Der Islantilla Walk of Fame"},"content":{"rendered":"<div data-elementor-type=\"wp-post\" data-elementor-id=\"3904\" class=\"elementor elementor-3904\" data-elementor-post-type=\"post\">\n\t\t\t\t<div class=\"elementor-element elementor-element-614d69a e-flex e-con-boxed e-con e-parent\" data-id=\"614d69a\" data-element_type=\"container\" data-e-type=\"container\">\n\t\t\t\t\t<div class=\"e-con-inner\">\n\t\t\t\t<div class=\"elementor-element elementor-element-073f11c elementor-widget__width-initial elementor-widget elementor-widget-text-editor\" data-id=\"073f11c\" data-element_type=\"widget\" data-e-type=\"widget\" data-widget_type=\"text-editor.default\">\n\t\t\t\t\t\t\t\t\t<p>Die Gedenktafeln bestehen aus schwarzem Marmor mit einem wei\u00dfen Seestern und tragen den Namen der jeweiligen Preistr\u00e4ger, die erhaltene Auszeichnung und das Jahr der Ehrung. In den letzten Jahren wurden Gedenktafeln hinzugef\u00fcgt, sodass die Zahl der Figuren im Jahr 2024 auf 22 anstieg. Nach 25 Jahren der Hommage an die Siebte Kunst werden sie ihren Ehrenplatz in dieser K\u00fcstenenklave von Huelva erhalten.<\/p><p>Luis Ciges, \u00c1ngela Molina, Emilio Guti\u00e9rrez Caba, Juan Diego, Terele P\u00e1vez \u2026 waren einige der ersten nombres in einer langen Liste von Pers\u00f6nlichkeiten, die ihren Seestern auf dem Islantilla Walk of Fame erhielten, als dieser dem Kino gewidmete Raum 2017 eingeweiht wurde.<\/p><p>Sieben Jahre sp\u00e4ter wurde diese Hommage an diejenigen, die das Islantilla Film Festival gepr\u00e4gt haben, durch die Aufnahme von zehn neuen Stars auf diesem Boulevard deutlich erweitert. Sie alle sind Teil der Geschichte eines Filmfestivals, das sich seit seiner Gr\u00fcndung im Jahr 2000 als Internationales Festival des unver\u00f6ffentlichten Films an die Zeit angepasst hat und Islantilla seit vielen Jahren als Treffpunkt der audiovisuellen Branche wahrt.<\/p><p>Seitdem sind viele weitere Stars aus diesem Sektor \u00fcber den roten Teppich von Islantilla gelaufen und wurden nach und nach in diesen Walk of Fame aufgenommen, der sie f\u00fcr immer verewigt und eine dauerhafte Verbindung mit denjenigen schafft, die in diesem Teil der Costa de la Luz leben und die M\u00f6glichkeit haben, ein Foto mit dem Gedenkstern dieser K\u00fcnstler zu machen.<\/p><p><img fetchpriority=\"high\" decoding=\"async\" class=\"aligncenter wp-image-3906 size-full\" src=\"https:\/\/www.islantilla.es\/wp-content\/uploads\/2024\/11\/2019-08-23-Estrellas-Paseo-de-la-Fama-02.jpg\" alt=\"2019 08 23 Estrellas Paseo De La Fama 02\" width=\"1772\" height=\"1181\" \/><\/p><p>Die B\u00fcrgermeister von Lepe und Isla Cristina bezeichneten es als \u201eeine gute Idee, einen solchen Ort zu haben, da er als Hommage, aber auch als Erinnerung an die Geschichte des Festivals dient, das wichtige Pers\u00f6nlichkeiten der Filmkultur zusammengebracht und die Marke Islantilla \u00fcber die Landesgrenzen hinaus bekannt gemacht hat. Ein Beweis daf\u00fcr ist, dass die Veranstaltung Jahr f\u00fcr Jahr Tausende audiovisuelle K\u00fcnstler aus aller Welt mit Werken anzieht, die uns andere Kulturen und andere Lebensauffassungen n\u00e4herbringen und ein Festival pr\u00e4gen, das zu den wichtigsten kulturellen Ereignissen des Sommers in Huelva z\u00e4hlt.\u201c<\/p><p>Dieses Projekt, das das ganze Jahr \u00fcber besucht werden kann, w\u00e4chst st\u00e4ndig und bietet Raum f\u00fcr zuk\u00fcnftige Erweiterungen in den kommenden Festivalausgaben. Unter dem Namen \u201eInternational Moonlight Film Festival\u201c findet es in den Sommermonaten statt und ist eine Einladung an Filmliebhaber, die avantgardistischste audiovisuelle Angebote in der sch\u00f6nsten Umgebung genie\u00dfen k\u00f6nnen: dem Strand.<\/p><p>Ein Abend, der den besten Spiel- und Kurzfilmen aus aller Welt gewidmet ist. Die Vorf\u00fchrungen finden im Freien in den Monaten Juli und August statt, wenn das warme Wetter zu n\u00e4chtlichen und mondhellen Vorf\u00fchrungen einl\u00e4dt. Begleitet wird das Ganze von Podiumsdiskussionen, Ausstellungen, Sonderveranstaltungen und anderen kulturellen Aktivit\u00e4ten. Eine unterhaltsame M\u00f6glichkeit, die Filmkultur sowie nationale und internationale Kinostars kennenzulernen.<\/p><p>Um \u00fcber das Filmfestival auf dem Laufenden zu bleiben, besuchen Sie die Website von <span style=\"text-decoration: underline;\"><span style=\"color: #30a4bb; text-decoration: underline;\"><a style=\"color: #30a4bb; text-decoration: underline;\" href=\"https:\/\/www.islantilla.es\/de\/programacioncultural\/\">Islantilla<\/a><\/span><\/span><\/p><p style=\"text-align: center;\"><span style=\"text-decoration: underline;\"><span style=\"color: #30a4bb;\"><a style=\"color: #30a4bb; text-decoration: underline;\" href=\"https:\/\/www.google.es\/search?q=islantilla+paseo+de+la+fama+youtube&amp;sca_esv=a459bda85fbf9e86&amp;sxsrf=ADLYWIIIdXjRYFWPV_NbT2Auqd1bj5k-DA%3A1728902578311&amp;ei=svUMZ6jJEryGxc8PqY2jyAM&amp;ved=0ahUKEwio6p-A2I2JAxU8Q_EDHanGCDkQ4dUDCA8&amp;uact=5&amp;oq=islantilla+paseo+de+la+fama+youtube&amp;gs_lp=Egxnd3Mtd2l6LXNlcnAiI2lzbGFudGlsbGEgcGFzZW8gZGUgbGEgZmFtYSB5b3V0dWJlMgUQIRigAUicHVDMBFiTGHABeACQAQCYAaUBoAHtCaoBAzAuObgBA8gBAPgBAZgCCaACqQnCAgkQABiwAxgIGB7CAgsQABiABBiwAxiiBMICBhAAGBYYHsICCBAAGIAEGKIEmAMAiAYBkAYEkgcDMS44oAfnGQ&amp;sclient=gws-wiz-serp#fpstate=ive&amp;vld=cid:03cca17c,vid:v280cnkzXjg,st:0\">Sehen Sie sich auch dieses Video vom Walk of Fame an<\/a><\/span><\/span><br \/><br \/><\/p>\t\t\t\t\t\t\t\t<\/div>\n\t\t\t\t\t<\/div>\n\t\t\t\t<\/div>\n\t\t\t\t<\/div>","protected":false},"excerpt":{"rendered":"<p>Der Walk of Fame ist der ber\u00fchmteste und meistbesuchte Abschnitt des Hollywood Boulevards. Beide Stra\u00dfenseiten sind auf zwei Kilometern mit den ikonischen rosa Sternen mit Goldrand markiert. Auch Islantilla hat seinen eigenen, mit Sternen gespickten Walk of Fame. Er liegt am Zusammenfluss des Paseo de Lepe und der Strandpromenade von Islantilla, in einer Fu\u00dfg\u00e4ngerzone mit Blick auf den Atlantik. Er ist eine Kreuzung und ein idyllischer Ort, der Filmfans zum Flanieren einl\u00e4dt.<\/p>","protected":false},"author":1,"featured_media":3907,"comment_status":"closed","ping_status":"closed","sticky":false,"template":"","format":"standard","meta":{"slim_seo":{"title":"Der Islantilla Walk of Fame","description":"Der Walk of Fame ist der ber\u00fchmteste und meistbesuchte Abschnitt des Hollywood Boulevards. Beide Stra\u00dfenseiten sind auf zwei Kilometern mit den ikonischen rosa Sternen mit Goldrand markiert. Auch Islantilla hat seinen eigenen, mit Sternen gespickten Walk of Fame. Er liegt am Zusammenfluss des Paseo de Lepe und der Strandpromenade von Islantilla, in einer Fu\u00dfg\u00e4ngerzone mit Blick auf den Atlantik. Er ist eine Kreuzung und ein idyllischer Ort, der Filmfans zum Flanieren einl\u00e4dt."},"footnotes":""},"categories":[33],"tags":[],"class_list":["post-3904","post","type-post","status-publish","format-standard","has-post-thumbnail","hentry","category-cultura"],"_links":{"self":[{"href":"https:\/\/www.islantilla.es\/de\/wp-json\/wp\/v2\/posts\/3904","targetHints":{"allow":["GET"]}}],"collection":[{"href":"https:\/\/www.islantilla.es\/de\/wp-json\/wp\/v2\/posts"}],"about":[{"href":"https:\/\/www.islantilla.es\/de\/wp-json\/wp\/v2\/types\/post"}],"author":[{"embeddable":true,"href":"https:\/\/www.islantilla.es\/de\/wp-json\/wp\/v2\/users\/1"}],"replies":[{"embeddable":true,"href":"https:\/\/www.islantilla.es\/de\/wp-json\/wp\/v2\/comments?post=3904"}],"version-history":[{"count":6,"href":"https:\/\/www.islantilla.es\/de\/wp-json\/wp\/v2\/posts\/3904\/revisions"}],"predecessor-version":[{"id":4181,"href":"https:\/\/www.islantilla.es\/de\/wp-json\/wp\/v2\/posts\/3904\/revisions\/4181"}],"wp:featuredmedia":[{"embeddable":true,"href":"https:\/\/www.islantilla.es\/de\/wp-json\/wp\/v2\/media\/3907"}],"wp:attachment":[{"href":"https:\/\/www.islantilla.es\/de\/wp-json\/wp\/v2\/media?parent=3904"}],"wp:term":[{"taxonomy":"category","embeddable":true,"href":"https:\/\/www.islantilla.es\/de\/wp-json\/wp\/v2\/categories?post=3904"},{"taxonomy":"post_tag","embeddable":true,"href":"https:\/\/www.islantilla.es\/de\/wp-json\/wp\/v2\/tags?post=3904"}],"curies":[{"name":"wp","href":"https:\/\/api.w.org\/{rel}","templated":true}]}}