{"id":1399,"date":"2025-06-30T13:32:20","date_gmt":"2025-06-30T11:32:20","guid":{"rendered":"https:\/\/www.islantilla.es\/programacioncultural\/?p=1399"},"modified":"2025-07-02T10:58:40","modified_gmt":"2025-07-02T08:58:40","slug":"1399","status":"publish","type":"post","link":"http:\/\/www.islantilla.es\/programacioncultural\/2025\/06\/30\/1399\/","title":{"rendered":"El alumnado del taller de Fotograf\u00eda con M\u00f3vil de Islantilla clausura la primera edici\u00f3n de este curso, dirigido a los j\u00f3venes, con una sesi\u00f3n de fotograf\u00eda a\u00e9rea con dron"},"content":{"rendered":"\n\n\n<figure class=\"wp-block-video\"><video height=\"2160\" style=\"aspect-ratio: 3840 \/ 2160;\" width=\"3840\" controls src=\"https:\/\/www.islantilla.es\/programacioncultural\/wp-content\/uploads\/2025\/06\/CHARLA-DRONES-CASITA-AZUL.mp4\"><\/video><\/figure>\n\n\n\n<p class=\"wp-block-paragraph\">El taller de Fotograf\u00eda con M\u00f3vil para J\u00f3venes de Islantilla ha celebrado su \u00faltima sesi\u00f3n de la temporada con una actividad especial a modo de fin de curso. A lo largo de la jornada el alumnado llev\u00f3 a cabo una \u00faltima sesi\u00f3n de fotos tutorizados por su profesora, Gele Fern\u00e1ndez Monta\u00f1o. <\/p>\n\n\n\n<figure class=\"wp-block-image size-full\"><a href=\"https:\/\/www.islantilla.es\/programacioncultural\/wp-content\/uploads\/2025\/06\/20250627_110051-scaled.jpg\"><img loading=\"lazy\" decoding=\"async\" width=\"2560\" height=\"1920\" src=\"http:\/\/www.islantilla.es\/programacioncultural\/wp-content\/uploads\/2025\/06\/20250627_110051-scaled.jpg\" alt=\"\" class=\"wp-image-1429\" srcset=\"http:\/\/www.islantilla.es\/programacioncultural\/wp-content\/uploads\/2025\/06\/20250627_110051-scaled.jpg 2560w, http:\/\/www.islantilla.es\/programacioncultural\/wp-content\/uploads\/2025\/06\/20250627_110051-300x225.jpg 300w, http:\/\/www.islantilla.es\/programacioncultural\/wp-content\/uploads\/2025\/06\/20250627_110051-1024x768.jpg 1024w, http:\/\/www.islantilla.es\/programacioncultural\/wp-content\/uploads\/2025\/06\/20250627_110051-768x576.jpg 768w, http:\/\/www.islantilla.es\/programacioncultural\/wp-content\/uploads\/2025\/06\/20250627_110051-1536x1152.jpg 1536w, http:\/\/www.islantilla.es\/programacioncultural\/wp-content\/uploads\/2025\/06\/20250627_110051-2048x1536.jpg 2048w\" sizes=\"auto, (max-width: 2560px) 100vw, 2560px\" \/><\/a><\/figure>\n\n\n\n<p class=\"wp-block-paragraph\">Tuvieron ocasi\u00f3n de conocer el Centro de Visitantes &#8216;Casita Azul&#8217; ubicado en los Pinares de Isla Cristina, donde se les explic\u00f3 el uso original de la construcci\u00f3n como casa de guarda. A trav\u00e9s de una interesante visita guiada, los asistentes pudieron, adem\u00e1s, conocer las artes de pesca tradicionales de la zona, as\u00ed como las peculiaridades de la flora y fauna del entorno, adem\u00e1s de otras curiosidades como admirar las v\u00e9rtebras de ballenas que el mar ha ido acercando a esa franja de costa.<\/p>\n\n\n\n<figure class=\"wp-block-image size-large\"><a href=\"https:\/\/www.islantilla.es\/programacioncultural\/wp-content\/uploads\/2025\/06\/20250627_115610-scaled.jpg\"><img loading=\"lazy\" decoding=\"async\" width=\"768\" height=\"1024\" src=\"http:\/\/www.islantilla.es\/programacioncultural\/wp-content\/uploads\/2025\/06\/20250627_115610-768x1024.jpg\" alt=\"\" class=\"wp-image-1430\" srcset=\"http:\/\/www.islantilla.es\/programacioncultural\/wp-content\/uploads\/2025\/06\/20250627_115610-768x1024.jpg 768w, http:\/\/www.islantilla.es\/programacioncultural\/wp-content\/uploads\/2025\/06\/20250627_115610-225x300.jpg 225w, http:\/\/www.islantilla.es\/programacioncultural\/wp-content\/uploads\/2025\/06\/20250627_115610-1152x1536.jpg 1152w, http:\/\/www.islantilla.es\/programacioncultural\/wp-content\/uploads\/2025\/06\/20250627_115610-1536x2048.jpg 1536w, http:\/\/www.islantilla.es\/programacioncultural\/wp-content\/uploads\/2025\/06\/20250627_115610-scaled.jpg 1920w\" sizes=\"auto, (max-width: 768px) 100vw, 768px\" \/><\/a><\/figure>\n\n\n\n<p class=\"wp-block-paragraph\">Si bien el objetivo general de este taller, que se ha venido desarrollando desde el pasado mes de enero, ha consistido en vincular a los j\u00f3venes de Lepe, Islantilla e Isla Cristina en la realizaci\u00f3n de una actividad cultural a trav\u00e9s del aprendizaje de las t\u00e9cnicas art\u00edsticas propias del lenguaje fotogr\u00e1fico; asimismo, se ha implementado, en segundo plano, el objetivo de que ese mismo de colectivo de j\u00f3venes, al menos una treintena en total, establezca nuevas conexiones con su territorio, como en este caso: conociendo la riqueza natural del enclave de la Casita Azul. Todo ello siempre con una metodolog\u00eda de base l\u00fadica.<\/p>\n\n\n\n<figure class=\"wp-block-image size-large\"><a href=\"https:\/\/www.islantilla.es\/programacioncultural\/wp-content\/uploads\/2025\/06\/20250627_121439-scaled.jpg\"><img loading=\"lazy\" decoding=\"async\" width=\"768\" height=\"1024\" src=\"http:\/\/www.islantilla.es\/programacioncultural\/wp-content\/uploads\/2025\/06\/20250627_121439-768x1024.jpg\" alt=\"\" class=\"wp-image-1431\" srcset=\"http:\/\/www.islantilla.es\/programacioncultural\/wp-content\/uploads\/2025\/06\/20250627_121439-768x1024.jpg 768w, http:\/\/www.islantilla.es\/programacioncultural\/wp-content\/uploads\/2025\/06\/20250627_121439-225x300.jpg 225w, http:\/\/www.islantilla.es\/programacioncultural\/wp-content\/uploads\/2025\/06\/20250627_121439-1152x1536.jpg 1152w, http:\/\/www.islantilla.es\/programacioncultural\/wp-content\/uploads\/2025\/06\/20250627_121439-1536x2048.jpg 1536w, http:\/\/www.islantilla.es\/programacioncultural\/wp-content\/uploads\/2025\/06\/20250627_121439-scaled.jpg 1920w\" sizes=\"auto, (max-width: 768px) 100vw, 768px\" \/><\/a><\/figure>\n\n\n\n<p class=\"wp-block-paragraph\">Los j\u00f3venes y sus familias disfrutaron durante la jornada de un espacio de convivencia con un picnic en los merenderos cercanos y una demostraci\u00f3n de vuelo de diferentes modelos de drones, a cargo del piloto Juan Coronado, en la que se pudo apreciar la evoluci\u00f3n que, en la \u00faltima d\u00e9cada, ha tenido esta tecnolog\u00eda en relaci\u00f3n a su aplicaci\u00f3n a la fotograf\u00eda a\u00e9rea.<\/p>\n\n\n\n<figure class=\"wp-block-video\"><video height=\"1080\" style=\"aspect-ratio: 1920 \/ 1080;\" width=\"1920\" controls src=\"https:\/\/www.islantilla.es\/programacioncultural\/wp-content\/uploads\/2025\/06\/20250627_125044-1.mp4\"><\/video><\/figure>\n\n\n\n<p class=\"wp-block-paragraph\">Finalmente, los asistentes disfrutaron de una demostraci\u00f3n de vuelo en la playa y una posterior pr\u00e1ctica en la que ellos mismos pudieron pilotar el dispositivo y tomar sus propias fotograf\u00edas del litoral.<\/p>\n\n\n\n<figure class=\"wp-block-image size-large\"><a href=\"https:\/\/www.islantilla.es\/programacioncultural\/wp-content\/uploads\/2025\/06\/1751272820211.jpg\"><img loading=\"lazy\" decoding=\"async\" width=\"779\" height=\"1024\" src=\"http:\/\/www.islantilla.es\/programacioncultural\/wp-content\/uploads\/2025\/06\/1751272820211-779x1024.jpg\" alt=\"\" class=\"wp-image-1400\" srcset=\"http:\/\/www.islantilla.es\/programacioncultural\/wp-content\/uploads\/2025\/06\/1751272820211-779x1024.jpg 779w, http:\/\/www.islantilla.es\/programacioncultural\/wp-content\/uploads\/2025\/06\/1751272820211-228x300.jpg 228w, http:\/\/www.islantilla.es\/programacioncultural\/wp-content\/uploads\/2025\/06\/1751272820211-768x1009.jpg 768w, http:\/\/www.islantilla.es\/programacioncultural\/wp-content\/uploads\/2025\/06\/1751272820211.jpg 980w\" sizes=\"auto, (max-width: 779px) 100vw, 779px\" \/><\/a><\/figure>\n\n\n\n<figure class=\"wp-block-video\"><\/figure>\n\n\n\n\n\n<figure class=\"wp-block-image size-large\"><a href=\"https:\/\/www.islantilla.es\/programacioncultural\/wp-content\/uploads\/2025\/06\/IMG-20250701-WA0006.jpg\"><img loading=\"lazy\" decoding=\"async\" width=\"1024\" height=\"576\" src=\"https:\/\/www.islantilla.es\/programacioncultural\/wp-content\/uploads\/2025\/06\/IMG-20250701-WA0006-1024x576.jpg\" alt=\"\" class=\"wp-image-1440\" srcset=\"http:\/\/www.islantilla.es\/programacioncultural\/wp-content\/uploads\/2025\/06\/IMG-20250701-WA0006-1024x576.jpg 1024w, http:\/\/www.islantilla.es\/programacioncultural\/wp-content\/uploads\/2025\/06\/IMG-20250701-WA0006-300x169.jpg 300w, http:\/\/www.islantilla.es\/programacioncultural\/wp-content\/uploads\/2025\/06\/IMG-20250701-WA0006-768x432.jpg 768w, http:\/\/www.islantilla.es\/programacioncultural\/wp-content\/uploads\/2025\/06\/IMG-20250701-WA0006-1536x864.jpg 1536w, http:\/\/www.islantilla.es\/programacioncultural\/wp-content\/uploads\/2025\/06\/IMG-20250701-WA0006.jpg 1600w\" sizes=\"auto, (max-width: 1024px) 100vw, 1024px\" \/><\/a><\/figure>\n","protected":false},"excerpt":{"rendered":"<p>El taller de Fotograf\u00eda con M\u00f3vil para J\u00f3venes de Islantilla ha celebrado su \u00faltima sesi\u00f3n de la temporada con una actividad especial a modo de fin de curso. A lo &hellip; <\/p>\n","protected":false},"author":2,"featured_media":1400,"comment_status":"open","ping_status":"open","sticky":false,"template":"","format":"standard","meta":{"footnotes":""},"categories":[1],"tags":[],"class_list":["post-1399","post","type-post","status-publish","format-standard","has-post-thumbnail","hentry","category-cultura"],"_links":{"self":[{"href":"http:\/\/www.islantilla.es\/programacioncultural\/wp-json\/wp\/v2\/posts\/1399","targetHints":{"allow":["GET"]}}],"collection":[{"href":"http:\/\/www.islantilla.es\/programacioncultural\/wp-json\/wp\/v2\/posts"}],"about":[{"href":"http:\/\/www.islantilla.es\/programacioncultural\/wp-json\/wp\/v2\/types\/post"}],"author":[{"embeddable":true,"href":"http:\/\/www.islantilla.es\/programacioncultural\/wp-json\/wp\/v2\/users\/2"}],"replies":[{"embeddable":true,"href":"http:\/\/www.islantilla.es\/programacioncultural\/wp-json\/wp\/v2\/comments?post=1399"}],"version-history":[{"count":9,"href":"http:\/\/www.islantilla.es\/programacioncultural\/wp-json\/wp\/v2\/posts\/1399\/revisions"}],"predecessor-version":[{"id":1445,"href":"http:\/\/www.islantilla.es\/programacioncultural\/wp-json\/wp\/v2\/posts\/1399\/revisions\/1445"}],"wp:featuredmedia":[{"embeddable":true,"href":"http:\/\/www.islantilla.es\/programacioncultural\/wp-json\/wp\/v2\/media\/1400"}],"wp:attachment":[{"href":"http:\/\/www.islantilla.es\/programacioncultural\/wp-json\/wp\/v2\/media?parent=1399"}],"wp:term":[{"taxonomy":"category","embeddable":true,"href":"http:\/\/www.islantilla.es\/programacioncultural\/wp-json\/wp\/v2\/categories?post=1399"},{"taxonomy":"post_tag","embeddable":true,"href":"http:\/\/www.islantilla.es\/programacioncultural\/wp-json\/wp\/v2\/tags?post=1399"}],"curies":[{"name":"wp","href":"https:\/\/api.w.org\/{rel}","templated":true}]}}